{"id":6536,"date":"2026-06-14T21:42:49","date_gmt":"2026-06-14T21:42:49","guid":{"rendered":"https:\/\/marksizm.org.tr\/?p=6536"},"modified":"2026-06-16T11:08:23","modified_gmt":"2026-06-16T11:08:23","slug":"ogrenci-sendikasi-webinde-indirgemeci-yaklasim-ogrenci-hareketini-sinif-hareketine-indirgemek","status":"publish","type":"post","link":"https:\/\/marksizm.org.tr\/?p=6536","title":{"rendered":"\u00d6\u011frenci Sendikas\u0131 Web\u2019inde \u0130ndirgemeci Yakla\u015f\u0131m: \u00d6\u011frenci Hareketini S\u0131n\u0131f Hareketine \u0130ndirgemek"},"content":{"rendered":"\n<h1 class=\"wp-block-heading\"><strong>\u00d6\u011frenci Sendikas\u0131 Web\u2019inde \u0130ndirgemeci Yakla\u015f\u0131m: \u00d6\u011frenci Hareketini S\u0131n\u0131f Hareketine \u0130ndirgemek<\/strong><\/h1>\n\n\n\n<p><\/p>\n\n\n\n<h4 class=\"wp-block-heading\"><strong>Ali Elik &#8211; Eyl\u00fcl Deniz<\/strong>, <strong>May\u0131s 2026<\/strong><\/h4>\n\n\n\n<figure class=\"wp-block-image aligncenter size-full\"><img loading=\"lazy\" decoding=\"async\" width=\"800\" height=\"450\" src=\"https:\/\/marksizm.org.tr\/wp-content\/uploads\/2026\/06\/116805341_gettyimages-1230421012.jpg.webp\" alt=\"\" class=\"wp-image-6538\" srcset=\"https:\/\/marksizm.org.tr\/wp-content\/uploads\/2026\/06\/116805341_gettyimages-1230421012.jpg.webp 800w, https:\/\/marksizm.org.tr\/wp-content\/uploads\/2026\/06\/116805341_gettyimages-1230421012.jpg-300x169.webp 300w, https:\/\/marksizm.org.tr\/wp-content\/uploads\/2026\/06\/116805341_gettyimages-1230421012.jpg-768x432.webp 768w\" sizes=\"auto, (max-width: 800px) 100vw, 800px\" \/><\/figure>\n\n\n\n<p style=\"font-size:clamp(16.834px, 1.052rem + ((1vw - 3.2px) * 0.716), 26px);\">\u00c7al\u0131\u015fmalar\u0131n\u0131 ilgiyle izledi\u011fimiz&nbsp;<strong>\u00d6\u011frenci Sendikas\u0131\u2019n\u0131n<\/strong>&nbsp;web sitesinin sitesinde ilgin\u00e7 bir yaz\u0131 yay\u0131nland\u0131:&nbsp;<strong>Piyasala\u015fman\u0131n Kar\u015f\u0131s\u0131nda Yeni Bir M\u00fccadele Zemini: \u00d6\u011frenci Sendikas\u0131 Bkz.&nbsp;<\/strong><a href=\"https:\/\/ogrencisendikasi.com\/blog\/piyasalasmanin-karsisinda-yeni-bir-mucadele-zemini-ogrenci-sendikasi\" target=\"_blank\" rel=\"noreferrer noopener\"><strong>https:\/\/ogrencisendikasi.com\/blog\/piyasalasmanin-karsisinda-yeni-bir-mucadele-zemini-ogrenci-sendikasi<\/strong><\/a><\/p>\n\n\n\n<p style=\"font-size:clamp(16.834px, 1.052rem + ((1vw - 3.2px) * 0.716), 26px);\"><strong>Bu yaz\u0131 \u201cSendika\u2019n\u0131n saflar\u0131nda bir tek seslilik olgusu mu var?\u201d<\/strong>&nbsp;sorusuna yol a\u00e7\u0131yor.<\/p>\n\n\n\n<p style=\"font-size:clamp(16.834px, 1.052rem + ((1vw - 3.2px) * 0.716), 26px);\">Yaz\u0131ya g\u00f6re: i\u015f\u00e7i&nbsp;s\u0131n\u0131f\u0131 hareketi; 24 Ocak Kararlar\u0131 ve 12 Eyl\u00fcl darbesinin yaratt\u0131\u011f\u0131 a\u011f\u0131r yenilgi tablosuna hi\u00e7bir zaman teslim olmad\u0131, aksine tarihsel s\u00fcrecin her evresinde bask\u0131lara kar\u015f\u0131 yeni m\u00fccadele bi\u00e7imleri geli\u015ftirdi\u201d.<\/p>\n\n\n\n<p style=\"font-size:clamp(16.834px, 1.052rem + ((1vw - 3.2px) * 0.716), 26px);\"><strong>\u00dcN\u0130VERS\u0130TELERDE \u0130\u015e\u00c7\u0130 SINIFI HAREKET\u0130 Mi?<\/strong><\/p>\n\n\n\n<p style=\"font-size:clamp(16.834px, 1.052rem + ((1vw - 3.2px) * 0.716), 26px);\">&nbsp;Yaz\u0131ya g\u00f6re: \u201cBug\u00fcn s\u00f6m\u00fcr\u00fc ve proleterle\u015fme s\u00fcre\u00e7leri fabrikalar\u0131n \u00e7ok \u00f6tesine ta\u015fm\u0131\u015f durumda. Bir grup ayr\u0131cal\u0131kl\u0131 \u00f6\u011frenci d\u0131\u015f\u0131ndaki neredeyse b\u00fct\u00fcn \u00f6\u011frenci arkada\u015flar\u0131m\u0131z, e\u011fitim hayat\u0131 boyunca \u00e7al\u0131\u015fmak zorunda kal\u0131yor. Kuryelik, garsonluk gibi g\u00fcvencesiz hizmet i\u015flerine itilen gen\u00e7lik, \u00fccretsiz emek s\u00f6m\u00fcr\u00fcs\u00fcn\u00fcn normalle\u015fti\u011fi staj programlar\u0131na maruz b\u0131rak\u0131larak yap\u0131sal bir i\u015fsizlik sarmal\u0131nda hapsediliyor\u201d.&nbsp;&nbsp;\u201cEmek ve sermaye aras\u0131ndaki \u00e7eli\u015fki, do\u011frudan e\u011fitim sisteminin i\u00e7ine geni\u015fleyerek, \u00fcniversiteleri do\u011frudan birer \u00fcretim ve s\u00f6m\u00fcr\u00fc havzas\u0131na d\u00f6n\u00fc\u015ft\u00fcrd\u00fc. Yurt krizinden her ay sonu zorla denkle\u015ftirdi\u011fimiz kiralara, ucuz ve nitelikli beslenme hakk\u0131m\u0131z\u0131n gasp\u0131na kadar ya\u015fanan t\u00fcm yak\u0131c\u0131 sorunlar; \u00f6\u011frencilere y\u00f6neltilmi\u015f bir s\u0131n\u0131f sald\u0131r\u0131s\u0131d\u0131r.\u201d&nbsp;<\/p>\n\n\n\n<p style=\"font-size:clamp(16.834px, 1.052rem + ((1vw - 3.2px) * 0.716), 26px);\">\u201cSomut duruma uygun pozisyon almak i\u00e7in, emek-sermaye \u00e7eli\u015fkisinin g\u00f6r\u00fcn\u00fcr oldu\u011fu her yeri bir s\u0131n\u0131f m\u00fccadelesi zemini olarak kurgulamak ve yeni ara\u00e7lar geli\u015ftirmek zorunday\u0131z\u201d.<\/p>\n\n\n\n<p style=\"font-size:clamp(16.834px, 1.052rem + ((1vw - 3.2px) * 0.716), 26px);\">\u201c\u00d6\u011frenci Sendikas\u0131; neoliberalizmin yaratt\u0131\u011f\u0131 g\u00fcvencesizler ordusunun en dinamik kesimini olu\u015fturan gen\u00e7li\u011fin iradesiyle tam da bu ihtiya\u00e7tan do\u011fuyor. Sendika, \u00f6\u011frencilerin \u00fcretim ili\u015fkileri i\u00e7indeki konumlar\u0131n\u0131 g\u00f6r\u00fcn\u00fcr k\u0131larak, s\u0131n\u0131f sava\u015f\u0131nda \u00f6znele\u015fecekleri yeni bir m\u00fccadele cephesi a\u00e7\u0131yor\u201d.\u00a0\u201cs\u0131n\u0131f sava\u015f\u0131 k\u0131z\u0131\u015f\u0131rken \u00f6n\u00fcm\u00fczdeki d\u00f6nemde \u00d6\u011frenci Sendikas\u0131, her bir \u00f6znesiyle birlikte toplumsal m\u00fccadelede kilit rol oynayacak, \u00f6\u011frenciler ve gen\u00e7 i\u015f\u00e7iler odakl\u0131 bir s\u0131n\u0131f \u00f6rg\u00fct\u00fc olman\u0131n sorumlulu\u011fuyla hareket edecektir. Bu, tarihsel bir zorunluluktur\u201d. \u201cYa ucuz, g\u00fcvencesiz ve \u00f6rg\u00fcts\u00fcz birer i\u015fg\u00fcc\u00fc olarak piyasan\u0131n \u00e7arklar\u0131na eklemlenmek i\u00e7in s\u0131ram\u0131z\u0131 bekleyece\u011fiz ya da s\u0131n\u0131f\u0131m\u0131z\u0131n saflar\u0131nda bu d\u00fczeni ba\u015ftan a\u015fa\u011f\u0131 de\u011fi\u015ftirece\u011fiz\u201d.<\/p>\n\n\n\n<p style=\"font-size:clamp(16.834px, 1.052rem + ((1vw - 3.2px) * 0.716), 26px);\"><strong>\u0130ND\u0130RGEMECEL\u0130\u011eE KAR\u015eI UYANIK OLMALIYIZ<\/strong><\/p>\n\n\n\n<p style=\"font-size:clamp(16.834px, 1.052rem + ((1vw - 3.2px) * 0.716), 26px);\">\u00d6\u011frenci m\u00fccadelesini do\u011frudan \u201cs\u0131n\u0131f m\u00fccadelesine\u201d indirgemek, baz\u0131 \u00f6nemli riskler ve teorik s\u0131n\u0131rl\u0131l\u0131klar ta\u015f\u0131yor. Yukar\u0131daki g\u00f6r\u00fc\u015fler, \u00f6\u011frencilerin bir b\u00f6l\u00fcm\u00fcn\u00fcn i\u00e7inde bulundu\u011fu maddi ko\u015fullar\u0131 ve proleterle\u015fme dinamiklerini \u00e7arp\u0131c\u0131 bir \u015fekilde ortaya koyuyor; ancak bu g\u00f6r\u00fc\u015fler&nbsp;<strong>\u00f6\u011frencili\u011fin insanlar a\u00e7\u0131s\u0131ndan ge\u00e7ici bir d\u00f6nem oldu\u011funu ve \u00f6\u011frencilerin farkl\u0131 toplumsal tabakalardan gelen heterojen konumunu dikkate alm\u0131yor<\/strong>. \u00d6\u011frenciler, hen\u00fcz tamamlanmam\u0131\u015f olan bir toplumsal konumda bulunmaktad\u0131r. Bir b\u00f6l\u00fcm\u00fc ger\u00e7ekten ge\u00e7ici olarak bir d\u00f6nem g\u00fcvencesiz i\u015flerde \u00e7al\u0131\u015fmak zorunda kalsa da, \u00f6nemli bir k\u0131sm\u0131 da ailesinin ve kamunun ve \u00f6zel vak\u0131flar\u0131n k\u0131smi maddi deste\u011fi ile e\u011fitimine devam etmektedirler. Bu fark, s\u0131n\u0131f bilinci ve m\u00fccadele prati\u011fi a\u00e7\u0131s\u0131ndan a\u015f\u0131lmaz bir u\u00e7urum yaratabilir. \u00d6\u011frencilik, s\u0131n\u0131fsal bir konumdan \u00e7ok, bir&nbsp;<em>ge\u00e7i\u015f d\u00f6nemi<\/em>&nbsp;ve&nbsp;ge\u015fi\u015fsel bir&nbsp;<em>toplumsal yeniden \u00fcretim alan\u0131d\u0131r<\/em>.<\/p>\n\n\n\n<p style=\"font-size:clamp(16.834px, 1.052rem + ((1vw - 3.2px) * 0.716), 26px);\"><strong>E\u011fitim alan\u0131n\u0131n g\u00f6rece \u00f6zerkli\u011fi ve \u00f6zg\u00fcn nitelikleri g\u00f6z ard\u0131 edilmemelidir<\/strong>: \u00dcniversiteler sadece sermaye birikiminin do\u011frudan bir par\u00e7as\u0131 de\u011fildir; ayn\u0131 zamanda ideolojik ayg\u0131tlar, bilgi \u00fcretim merkezleri ve ele\u015ftirel d\u00fc\u015f\u00fcncenin alanlar\u0131d\u0131r. \u201cEmek ve sermaye aras\u0131ndaki \u00e7eli\u015fkinin, do\u011frudan e\u011fitim sisteminin i\u00e7ine do\u011fru geni\u015fleyerek, \u00fcniversiteleri do\u011frudan birer (kapitalist) \u00fcretim ve s\u00f6m\u00fcr\u00fc havzas\u0131na\u201d d\u00f6n\u00fc\u015ft\u00fcrd\u00fc\u011f\u00fc gibi bir tespit son derece \u00f6znelci bir de\u011ferlendirmedir.<\/p>\n\n\n\n<p style=\"font-size:clamp(16.834px, 1.052rem + ((1vw - 3.2px) * 0.716), 26px);\"><strong>Sendikac\u0131l\u0131\u011f\u0131n s\u0131n\u0131rlar\u0131<\/strong>: \u201c\u00d6\u011frenci sendikas\u0131\u201d kavram\u0131, \u00f6\u011frencileri bir i\u015f\u00e7i sendikas\u0131 mant\u0131\u011f\u0131yla \u00f6rg\u00fctlemeyi \u00e7a\u011fr\u0131\u015ft\u0131r\u0131r. Oysa \u00f6\u011frencilerin okullarla do\u011frudan bir i\u015f\u00e7i-i\u015fveren \u00fccret ili\u015fkisi yoktur (i\u015f\u00e7i olarak \u00e7al\u0131\u015fan \u00f6\u011frenciler hari\u00e7). Bu nedenle grev gibi klasik i\u015f\u00e7i m\u00fccadele ara\u00e7lar\u0131 birebir aktar\u0131lamaz. \u00d6\u011frenci eylemleri daha \u00e7ok boykot, i\u015fgal, kamuoyu bask\u0131s\u0131 gibi ara\u00e7lara dayan\u0131r. Bu eylemler \u201cs\u0131n\u0131f sava\u015f\u0131n\u0131n\u201d bir cephesi saymak, kavramsal bir geni\u015fletme olsa da pratikte sendikal m\u00fccadele modelinin s\u0131n\u0131rlar\u0131na hapsolmak anlam\u0131na gelir.<\/p>\n\n\n\n<p style=\"font-size:clamp(16.834px, 1.052rem + ((1vw - 3.2px) * 0.716), 26px);\"><strong>Tarihsel zorunluluk iddias\u0131ndaki belirsizlik<\/strong>: \u201cTarihsel bir zorunluluk\u201d olarak \u00d6\u011frenci Sendikas\u0131\u2019n\u0131n kilit rol oynayaca\u011f\u0131 iddias\u0131, olgusal bir tespitten \u00e7ok politik bir ideali yans\u0131t\u0131yor. Bu t\u00fcr vurgular, \u00f6\u011frenci hareketinin s\u0131n\u0131f bilincine ula\u015faca\u011f\u0131 y\u00f6n\u00fcnde romantik bir beklentiye yol a\u00e7abilir. Oysa tarihsel deneyim (1968, Gezi vb.) g\u00f6steriyor ki \u00f6\u011frenci hareketleri en radikal anlar\u0131nda bile i\u015f\u00e7i s\u0131n\u0131f\u0131yla organik ba\u011f kuramayabilirler.<\/p>\n\n\n\n<p style=\"font-size:clamp(16.834px, 1.052rem + ((1vw - 3.2px) * 0.716), 26px);\"><strong>Sonu\u00e7 olarak<\/strong>: Yukar\u0131daki g\u00f6r\u00fc\u015fler, neoliberal e\u011fitim politikalar\u0131n\u0131n \u00f6\u011frencileri nas\u0131l g\u00fcvencesiz \u00e7al\u0131\u015fmaya ve bor\u00e7lanmaya itti\u011fini do\u011fru tespit ediyor. Ancak \u00f6\u011frenci m\u00fccadelesini \u201cs\u0131n\u0131f m\u00fccadelesi\u201d olarak yeniden tan\u0131mlamak, ona hem teorik hem de pratik olarak a\u015f\u0131r\u0131 anlamlar y\u00fcklemektedir. Do\u011fru bir yakla\u015f\u0131m, \u00f6\u011frenci m\u00fccadelesini&nbsp;<em>s\u0131n\u0131f m\u00fccadelesiyle eklemlenen ama ona indirgenemeyen \u00f6zerk bir alan<\/em>&nbsp;olarak g\u00f6rmek olmal\u0131d\u0131r. B\u00f6ylece hem \u00f6\u011frencilerin kendine \u00f6zg\u00fc talepleri hem de di\u011fer gen\u00e7 i\u015f\u00e7ilerle ortakla\u015fabilecekleri zeminler (g\u00fcvencesizlik, \u00fccretli staj, konut sorunu) daha esnek ve ger\u00e7ek\u00e7i bir \u015fekilde \u00f6rg\u00fctlenebilir.<\/p>\n\n\n\n<p style=\"font-size:clamp(16.834px, 1.052rem + ((1vw - 3.2px) * 0.716), 26px);\"><strong>\u00d6\u011frenci hareketinin sa\u011fl\u0131kl\u0131 bir \u015fekilde kapsanmas\u0131 i\u00e7in, farkl\u0131 toplumsal kesimlerden, farkl\u0131 siyasi g\u00f6r\u00fc\u015flerden ve hatta siyasi partilere \u00fcye olmayan \u00f6\u011frencilerin kilit konumlarda olaca\u011f\u0131 bir kitle \u00f6rg\u00fct\u00fc yap\u0131s\u0131 tasarlanmas\u0131 kritik \u00f6nem ta\u015f\u0131maktad\u0131r.<\/strong><\/p>\n","protected":false},"excerpt":{"rendered":"<p>\u00d6\u011frenci Sendikas\u0131 Web\u2019inde \u0130ndirgemeci Yakla\u015f\u0131m: \u00d6\u011frenci Hareketini S\u0131n\u0131f Hareketine \u0130ndirgemek Ali Elik &#8211; Eyl\u00fcl Deniz, May\u0131s 2026 \u00c7al\u0131\u015fmalar\u0131n\u0131 ilgiyle izledi\u011fimiz&nbsp;\u00d6\u011frenci Sendikas\u0131\u2019n\u0131n&nbsp;web sitesinin sitesinde ilgin\u00e7 bir yaz\u0131 yay\u0131nland\u0131:&nbsp;Piyasala\u015fman\u0131n Kar\u015f\u0131s\u0131nda Yeni Bir M\u00fccadele Zemini: \u00d6\u011frenci Sendikas\u0131 Bkz.&nbsp;https:\/\/ogrencisendikasi.com\/blog\/piyasalasmanin-karsisinda-yeni-bir-mucadele-zemini-ogrenci-sendikasi Bu yaz\u0131 \u201cSendika\u2019n\u0131n saflar\u0131nda bir tek seslilik olgusu mu var?\u201d&nbsp;sorusuna yol a\u00e7\u0131yor. Yaz\u0131ya g\u00f6re: i\u015f\u00e7i&nbsp;s\u0131n\u0131f\u0131 hareketi; 24 Ocak Kararlar\u0131 ve [&hellip;]<\/p>\n","protected":false},"author":1,"featured_media":0,"comment_status":"open","ping_status":"open","sticky":false,"template":"","format":"standard","meta":{"_monsterinsights_skip_tracking":false,"_monsterinsights_sitenote_active":false,"_monsterinsights_sitenote_note":"","_monsterinsights_sitenote_category":0,"footnotes":""},"categories":[45],"tags":[],"class_list":["post-6536","post","type-post","status-publish","format-standard","hentry","category-genel-tr"],"blocksy_meta":[],"_links":{"self":[{"href":"https:\/\/marksizm.org.tr\/index.php?rest_route=\/wp\/v2\/posts\/6536","targetHints":{"allow":["GET"]}}],"collection":[{"href":"https:\/\/marksizm.org.tr\/index.php?rest_route=\/wp\/v2\/posts"}],"about":[{"href":"https:\/\/marksizm.org.tr\/index.php?rest_route=\/wp\/v2\/types\/post"}],"author":[{"embeddable":true,"href":"https:\/\/marksizm.org.tr\/index.php?rest_route=\/wp\/v2\/users\/1"}],"replies":[{"embeddable":true,"href":"https:\/\/marksizm.org.tr\/index.php?rest_route=%2Fwp%2Fv2%2Fcomments&post=6536"}],"version-history":[{"count":4,"href":"https:\/\/marksizm.org.tr\/index.php?rest_route=\/wp\/v2\/posts\/6536\/revisions"}],"predecessor-version":[{"id":6541,"href":"https:\/\/marksizm.org.tr\/index.php?rest_route=\/wp\/v2\/posts\/6536\/revisions\/6541"}],"wp:attachment":[{"href":"https:\/\/marksizm.org.tr\/index.php?rest_route=%2Fwp%2Fv2%2Fmedia&parent=6536"}],"wp:term":[{"taxonomy":"category","embeddable":true,"href":"https:\/\/marksizm.org.tr\/index.php?rest_route=%2Fwp%2Fv2%2Fcategories&post=6536"},{"taxonomy":"post_tag","embeddable":true,"href":"https:\/\/marksizm.org.tr\/index.php?rest_route=%2Fwp%2Fv2%2Ftags&post=6536"}],"curies":[{"name":"wp","href":"https:\/\/api.w.org\/{rel}","templated":true}]}}