{"id":6563,"date":"2026-06-23T22:57:16","date_gmt":"2026-06-23T22:57:16","guid":{"rendered":"https:\/\/marksizm.org.tr\/?p=6563"},"modified":"2026-06-23T22:57:26","modified_gmt":"2026-06-23T22:57:26","slug":"almanya-sosyalist-isci-gencligi-sdaj-uyesi-lars-lutfullahoglu-ile-almanyadaki-genclik-orgutlenmesi-uzerine-roportaj","status":"publish","type":"post","link":"https:\/\/marksizm.org.tr\/?p=6563","title":{"rendered":"Almanya Sosyalist \u0130\u015f\u00e7i Gen\u00e7li\u011fi (SDAJ)\u00a0\u00dcyesi Lars Lutfullahoglu ile Almanya\u2019daki gen\u00e7lik \u00f6rg\u00fctlenmesi \u00fczerine r\u00f6portaj"},"content":{"rendered":"\n<h1 class=\"wp-block-heading\"><strong>Almanya Sosyalist \u0130\u015f\u00e7i Gen\u00e7li\u011fi (SDAJ)&nbsp;\u00dcyesi Lars Lutfullahoglu ile Almanya\u2019daki gen\u00e7lik \u00f6rg\u00fctlenmesi \u00fczerine r\u00f6portaj<\/strong><\/h1>\n\n\n\n<p style=\"font-size:clamp(16.834px, 1.052rem + ((1vw - 3.2px) * 0.716), 26px);\"><strong>15\/06\/20&nbsp;<\/strong><\/p>\n\n\n\n<p style=\"font-size:clamp(16.834px, 1.052rem + ((1vw - 3.2px) * 0.716), 26px);\"><strong>ODAK&nbsp; Sosyalist Web Dergisi\u2019nden Al\u0131nm\u0131\u015ft\u0131r<\/strong><\/p>\n\n\n\n<p style=\"font-size:clamp(16.834px, 1.052rem + ((1vw - 3.2px) * 0.716), 26px);\"><strong>Almanya\u2019da da sava\u015fa, silahlanmaya ve Alman h\u00fck\u00fcmetinin \u0130srail\u2019in Filistin halk\u0131na y\u00f6nelik soyk\u0131r\u0131m\u0131na verdi\u011fi deste\u011fe kar\u015f\u0131 eylemler devam ediyor. \u00d6zellikle gen\u00e7ler, Filistin\u2019le dayan\u0131\u015fma eylemlerine kat\u0131l\u0131yor ve emperyalist politikalara kar\u015f\u0131 m\u00fccadeleyi \u00f6rg\u00fctl\u00fcyor. Bu geli\u015fmeleri, Almanya Sosyalist \u0130\u015f\u00e7i Gen\u00e7li\u011fi (SDAJ) \u00fcyesi Lars Lutfullahoglu ile konu\u015ftuk.<\/strong><\/p>\n\n\n\n<p style=\"font-size:clamp(16.834px, 1.052rem + ((1vw - 3.2px) * 0.716), 26px);\">SDAJ uluslararas\u0131 alanda&nbsp;<strong>D\u00fcnya Demokratik Gen\u00e7lik Federasyonu<\/strong>&#8216;nun (WFDY) bir \u00fcyesidir ve&nbsp;<strong>Avrupa Kom\u00fcnist Gen\u00e7lik \u00d6rg\u00fctleri Platformu i\u00e7indedir.&nbsp;<\/strong>1968 y\u0131l\u0131nda Marx&#8217;\u0131n do\u011fumunun 150. y\u0131ld\u00f6n\u00fcm\u00fcnde kurulmu\u015ftur. SDAJ\u2019\u0131n g\u00f6r\u00fc\u015fleri Almanya Kom\u00fcnist Partisi ile uyumludur. \u0130\u015f\u00e7i ve \u00d6\u011frenci gen\u00e7li\u011fin sorunlar\u0131 ile ilgili m\u00fccadele y\u00fcr\u00fctmektedir.<\/p>\n\n\n\n<p style=\"font-size:clamp(16.834px, 1.052rem + ((1vw - 3.2px) * 0.716), 26px);\"><strong>ODAK:<\/strong>&nbsp;<strong>Merhaba, bize kendini tan\u0131t\u0131r m\u0131s\u0131n?<\/strong><\/p>\n\n\n\n<p style=\"font-size:clamp(16.834px, 1.052rem + ((1vw - 3.2px) * 0.716), 26px);\">Merhaba, ben Lars,&nbsp;<strong>19 ya\u015f\u0131nday\u0131m ve M\u00fcnster\u2019de ya\u015f\u0131yorum.<\/strong>&nbsp;\u0130ki bu\u00e7uk y\u0131ld\u0131r politik olarak aktifim ve \u00f6\u011frenciler, meslek e\u011fitimi g\u00f6renler ve \u00fcniversite \u00f6\u011frencileriyle birlikte daha iyi bir d\u00fcnya i\u00e7in m\u00fccadele ediyorum. Yak\u0131nda end\u00fcstri mekanikeri olarak bir mesleki e\u011fitime ba\u015flayaca\u011f\u0131m.<\/p>\n\n\n\n<p style=\"font-size:clamp(16.834px, 1.052rem + ((1vw - 3.2px) * 0.716), 26px);\"><strong>Almanya\u2019da ya\u015fayan bir gen\u00e7 olarak, bug\u00fcn gen\u00e7lerin kar\u015f\u0131 kar\u015f\u0131ya kald\u0131\u011f\u0131 temel sorunlar\u0131 nas\u0131l de\u011ferlendiriyorsun?<\/strong><\/p>\n\n\n\n<p style=\"font-size:clamp(16.834px, 1.052rem + ((1vw - 3.2px) * 0.716), 26px);\"><strong>MESLEK\u0130 E\u011e\u0130T\u0130M SORUNLARI<\/strong><\/p>\n\n\n\n<p style=\"font-size:clamp(16.834px, 1.052rem + ((1vw - 3.2px) * 0.716), 26px);\">Almanya\u2019daki gen\u00e7lik bir\u00e7ok sorunla kar\u015f\u0131 kar\u015f\u0131ya. Bu, y\u0131llard\u0131r yenilenmeye ihtiya\u00e7 duyan ve yeterince finanse edilmeyen e\u011fitim sistemiyle ba\u015fl\u0131yor. Otuzdan fazla \u00f6\u011frencinin oldu\u011fu s\u0131n\u0131flar ve bunun sonucunda bir\u00e7ok \u00f6\u011frencinin dersleri takip edememesi gibi sorunlar var. Mesleki e\u011fitim imkanlar\u0131 da asl\u0131nda ihtiyac\u0131m\u0131z olan \u015feyler de\u011fil. Meslek e\u011fitimleri o kadar k\u00f6t\u00fc \u00fccretlendiriliyor ki insan bununla kendi ba\u015f\u0131na ba\u011f\u0131ms\u0131z bir \u015fekilde ya\u015fayamaz. \u00c7o\u011fu zaman mesleki e\u011fitim s\u0131ras\u0131nda asl\u0131nda bununla hi\u00e7bir ilgisi olmayan i\u015fler yap\u0131lmak zorunda kal\u0131n\u0131yor ve ayr\u0131ca e\u011fitimde k\u00f6t\u00fc \u00e7al\u0131\u015fma ko\u015fullar\u0131 var. Mesleki e\u011fitim yerleri giderek azalt\u0131l\u0131yor ya da maliyetleri \u015firketlerden nitelikli i\u015f g\u00fcc\u00fcne kayd\u0131rmak i\u00e7in akademikle\u015fiyor.<\/p>\n\n\n\n<p style=\"font-size:clamp(16.834px, 1.052rem + ((1vw - 3.2px) * 0.716), 26px);\"><strong>Avrupa\u2019n\u0131n Silahlanmas\u0131na ve Gen\u00e7lere Zorunlu Askerlik Bask\u0131s\u0131<\/strong><\/p>\n\n\n\n<p style=\"font-size:clamp(16.834px, 1.052rem + ((1vw - 3.2px) * 0.716), 26px);\">\u015eu anda en b\u00fcy\u00fck sorun, \u0130kinci D\u00fcnya Sava\u015f\u0131\u2019ndan bu yana g\u00f6r\u00fclen en g\u00fc\u00e7l\u00fc silahlanma s\u00fcrecidir. Devlet, y\u0131llard\u0131r Alman Ordusu i\u00e7in y\u00fcz milyarlarca euro harcamaktad\u0131r; Avrupa\u2019n\u0131n en g\u00fc\u00e7l\u00fc ordusunu kurmak ve do\u011fuda bir sava\u015f y\u00fcr\u00fct\u00fcp kazanma kapasitesine sahip olmak amac\u0131yla. Bu hedef do\u011frultusunda Alman Ordusu giderek daha fazla kamu g\u00f6r\u00fcn\u00fcrl\u00fc\u011f\u00fcne y\u00f6nelmektedir; okullara ziyaretler, i\u015f fuarlar\u0131, konserler ve hatta en b\u00fcy\u00fck video oyun fuar\u0131 olan Gamescom\u2019a kat\u0131l\u0131m gibi etkinliklerle. Planlanan 450.000 asker say\u0131s\u0131na ula\u015fmak i\u00e7in at\u0131lan en \u00f6nemli ad\u0131mlardan biri ise askerlik hizmetinin yeniden getirilmesidir. 5 Aral\u0131k\u2019ta h\u00fck\u00fcmet \u201cAskerlik Sistemini Modernize Etme Yasas\u0131\u201dn\u0131 kabul etti; buna g\u00f6re 2008 do\u011fumlu ve sonras\u0131 t\u00fcm erkekler yoklamaya \u00e7a\u011fr\u0131lacak ve Alman Ordusu\u2019ndan bir mektup alacakt\u0131r. Ayr\u0131ca bu yasada, ihtiya\u00e7 g\u00f6n\u00fcll\u00fc kat\u0131l\u0131mla kar\u015f\u0131lanamazsa, bu erkeklerin zorunlu olarak g\u00f6revlendirilebilece\u011fi de yer almaktad\u0131r.<\/p>\n\n\n\n<p style=\"font-size:clamp(16.834px, 1.052rem + ((1vw - 3.2px) * 0.716), 26px);\">Ama gen\u00e7lik bunu kabul etmiyor! Yoklama mektuplar\u0131na gen\u00e7lerin d\u00f6rtte biri cevap vermiyor. Gen\u00e7li\u011fe y\u00f6nelik bu sald\u0131r\u0131dan sonra \u201cZorunlu askerli\u011fe kar\u015f\u0131 okul grevleri\u201d adl\u0131 bir hareket olu\u015ftu ve ilk grevde 150 \u015fehirde 55.000\u2019den fazla \u00f6\u011frenci zorunlu askerli\u011fe ve militarizasyona kar\u015f\u0131 sokaklardayd\u0131. \u00dc\u00e7 kez grev yap\u0131ld\u0131 ve perspektif, yazdan sonra da grevlerin devam etmesidir; ama\u00e7, sava\u015f haz\u0131rl\u0131klar\u0131na kar\u015f\u0131 duyulan ho\u015fnutsuzlu\u011fu g\u00f6stermek ve bununla ba\u011flant\u0131l\u0131 olarak sosyal kazan\u0131mlar\u0131n geri al\u0131nmas\u0131na kar\u015f\u0131 \u00e7\u0131kmakt\u0131r.<\/p>\n\n\n\n<p style=\"font-size:clamp(16.834px, 1.052rem + ((1vw - 3.2px) * 0.716), 26px);\"><strong>Zorunlu Askerlik Bask\u0131s\u0131na Kar\u015f\u0131 \u00d6\u011frenci Grevleri<\/strong><\/p>\n\n\n\n<p style=\"font-size:clamp(16.834px, 1.052rem + ((1vw - 3.2px) * 0.716), 26px);\"><strong>ODAK: Almanya\u2019da \u00f6zellikle Filistin meselesi etraf\u0131nda ger\u00e7ekle\u015fen eylemlerde gen\u00e7lerin olduk\u00e7a aktif ve g\u00f6r\u00fcn\u00fcr oldu\u011funu g\u00f6rd\u00fck. Gen\u00e7lerin bu konudaki duyarl\u0131l\u0131\u011f\u0131n\u0131 ve m\u00fccadeleye kat\u0131l\u0131m\u0131n\u0131 nas\u0131l de\u011ferlendiriyorsun?<\/strong><\/p>\n\n\n\n<p style=\"font-size:clamp(16.834px, 1.052rem + ((1vw - 3.2px) * 0.716), 26px);\"><strong>Filistin Davas\u0131na Destek<\/strong><\/p>\n\n\n\n<p style=\"font-size:clamp(16.834px, 1.052rem + ((1vw - 3.2px) * 0.716), 26px);\">Filistin hareketi \u00f6zellikle sosyal medya taraf\u0131ndan g\u00fc\u00e7l\u00fc \u015fekilde etkilenmi\u015f ve bu nedenle \u00f6zellikle gen\u00e7 insanlara ula\u015fan bir harekettir. Bir ya da iki y\u0131l \u00f6nce \u0130srail\u2019in Filistin\u2019de sava\u015f su\u00e7lar\u0131 i\u015fledi\u011fi konusundaki genel kabul bug\u00fcnk\u00fc kadar g\u00fc\u00e7l\u00fc de\u011fildi. \u0130srail, silahlar\u0131n\u0131n \u00fc\u00e7te birini Almanya\u2019dan ithal etmektedir; bu nedenle Almanya da do\u011frudan soyk\u0131r\u0131ma dahildir. Filistin\u2019in \u00f6zg\u00fcrl\u00fc\u011f\u00fc i\u00e7in m\u00fccadele ve Almanya\u2019n\u0131n \u0130srail\u2019den uzakla\u015fmas\u0131 \u00f6zellikle gen\u00e7 insanlar\u0131n m\u00fccadelesidir.<\/p>\n\n\n\n<p style=\"font-size:clamp(16.834px, 1.052rem + ((1vw - 3.2px) * 0.716), 26px);\">Ancak burada eksik olan \u015fey, silah ihracat\u0131n\u0131 do\u011frudan durdurma g\u00fcc\u00fcne sahip olan i\u015f\u00e7ilere daha g\u00fc\u00e7l\u00fc bir \u015fekilde ula\u015fabilmektir. Sendika gen\u00e7likleri Filistin konusunda yeterince aktif de\u011fildir, \u00e7\u00fcnk\u00fc bu pozisyonlar \u00f6rg\u00fctlerin i\u00e7ine yeterince ta\u015f\u0131nmamaktad\u0131r. Ben bu hareketin ve silah ihracat\u0131na kar\u015f\u0131 m\u00fccadelenin, Almanya\u2019daki genel silahlanmaya kar\u015f\u0131 m\u00fccadeleyle de ba\u011flant\u0131l\u0131 oldu\u011funu d\u00fc\u015f\u00fcn\u00fcyorum. Bir\u00e7ok insan Filistin\u2019deki felaket durumu ve soyk\u0131r\u0131m hakk\u0131nda bilgi sahibidir; ancak bunu eyleme d\u00f6n\u00fc\u015ft\u00fcrememek ve m\u00fccadeleyi fabrikalara, okullara ve \u00fcniversitelere ta\u015f\u0131yamamak bizim bir zay\u0131fl\u0131\u011f\u0131m\u0131zd\u0131r.<\/p>\n\n\n\n<p style=\"font-size:clamp(16.834px, 1.052rem + ((1vw - 3.2px) * 0.716), 26px);\"><strong>M\u00fccadeleyi Fabrikalara Ula\u015ft\u0131rmak \u00d6nemli<\/strong><\/p>\n\n\n\n<p style=\"font-size:clamp(16.834px, 1.052rem + ((1vw - 3.2px) * 0.716), 26px);\"><strong>ODAK: D\u00fcnya genelinde gen\u00e7lerin y\u00fcr\u00fctt\u00fc\u011f\u00fc m\u00fccadelelerin daha g\u00fc\u00e7l\u00fc ve \u00f6rg\u00fctl\u00fc hale gelmesi i\u00e7in neler yap\u0131labilir? Gen\u00e7lik hareketleri nas\u0131l geli\u015ftirilebilir?<\/strong><\/p>\n\n\n\n<p style=\"font-size:clamp(16.834px, 1.052rem + ((1vw - 3.2px) * 0.716), 26px);\">En \u00f6nemli \u015fey, gen\u00e7 insanlar\u0131n \u00f6zellikle ilerici \u00f6rg\u00fctlerde bir araya gelmesidir. Gen\u00e7li\u011fin sahip oldu\u011fu m\u00fccadele g\u00fcc\u00fc y\u00fcksektir; ancak sistematik de\u011fi\u015fiklikler yaratmak i\u00e7in gen\u00e7lik d\u0131\u015f\u0131ndaki kesimlerle de ba\u011flant\u0131 kurmak ve ortak eylemler ger\u00e7ekle\u015ftirmek \u00f6nemlidir.&nbsp;<strong>Benim g\u00f6r\u00fc\u015f\u00fcme g\u00f6re m\u00fccadele etme ve \u00f6rg\u00fctlenme bi\u00e7imi fabrikalarda, okullarda ve \u00fcniversitelerde \u00f6rg\u00fctlenmektir.<\/strong><\/p>\n\n\n\n<p style=\"font-size:clamp(16.834px, 1.052rem + ((1vw - 3.2px) * 0.716), 26px);\">\u00d6\u011frenci temsilcilikleri, i\u015fyeri konseyleri ve fak\u00fclte kurullar\u0131 arac\u0131l\u0131\u011f\u0131yla; bunun yan\u0131 s\u0131ra bu yap\u0131lar d\u0131\u015f\u0131nda da bir araya gelerek sorunlar\u0131 tespit etmek, i\u015f arkada\u015flar\u0131, s\u0131n\u0131f ve \u00fcniversite arkada\u015flar\u0131yla birlikte iyile\u015ftirmeler i\u00e7in m\u00fccadele etmek ve b\u00f6ylece d\u00fcnyan\u0131n de\u011fi\u015ftirilebilir oldu\u011funa dair bilinci g\u00fc\u00e7lendirmek m\u00fcmk\u00fcnd\u00fcr. Gen\u00e7lik hareketleri ayn\u0131 zamanda sendikalar ve di\u011fer toplumsal g\u00fc\u00e7lerle g\u00fc\u00e7l\u00fc bir \u015fekilde ba\u011flant\u0131l\u0131 olmal\u0131d\u0131r; b\u00f6ylece i\u015f\u00e7i s\u0131n\u0131f\u0131n\u0131n ve hareketin t\u00fcm potansiyeli kullan\u0131labilir.<\/p>\n\n\n\n<p style=\"font-size:clamp(16.834px, 1.052rem + ((1vw - 3.2px) * 0.716), 26px);\"><strong>D\u00fcnya Demokratik Gen\u00e7lik Federasyonu Alt\u0131nda Uluslararas\u0131 \u0130\u015fbirli\u011fi Yapmal\u0131y\u0131z<\/strong><\/p>\n\n\n\n<p style=\"font-size:clamp(16.834px, 1.052rem + ((1vw - 3.2px) * 0.716), 26px);\">Gen\u00e7lik hareketlerinin g\u00fc\u00e7lendirilmesi, WBDJ (D\u00fcnya Demokratik Gen\u00e7lik Federasyonu) gibi uluslararas\u0131 a\u011flar \u00fczerinden yap\u0131lmal\u0131d\u0131r; burada uluslararas\u0131 deneyimler payla\u015f\u0131labilir, hangi dayan\u0131\u015fma \u00e7al\u0131\u015fmalar\u0131n\u0131n en etkili oldu\u011fu bulunabilir ve farkl\u0131 gen\u00e7lik m\u00fccadeleleri aras\u0131ndaki ba\u011flant\u0131lar ortaya \u00e7\u0131kar\u0131labilir. \u00c7\u00fcnk\u00fc ancak birlikte, ister i\u015fyerimizde, ister \u015fehrimizde, ister \u00fclkemizde ya da d\u00fcnyam\u0131zda olsun m\u00fccadele edersek, hedefledi\u011fimiz her \u015feye ula\u015fabilir ve s\u00f6m\u00fcr\u00fc ve bask\u0131n\u0131n olmad\u0131\u011f\u0131, daha fazla s\u00f6z hakk\u0131 olan ve a\u00e7l\u0131\u011f\u0131n olmad\u0131\u011f\u0131 daha iyi bir d\u00fcnya yaratabiliriz!<\/p>\n","protected":false},"excerpt":{"rendered":"<p>Almanya Sosyalist \u0130\u015f\u00e7i Gen\u00e7li\u011fi (SDAJ)&nbsp;\u00dcyesi Lars Lutfullahoglu ile Almanya\u2019daki gen\u00e7lik \u00f6rg\u00fctlenmesi \u00fczerine r\u00f6portaj 15\/06\/20&nbsp; ODAK&nbsp; Sosyalist Web Dergisi\u2019nden Al\u0131nm\u0131\u015ft\u0131r Almanya\u2019da da sava\u015fa, silahlanmaya ve Alman h\u00fck\u00fcmetinin \u0130srail\u2019in Filistin halk\u0131na y\u00f6nelik soyk\u0131r\u0131m\u0131na verdi\u011fi deste\u011fe kar\u015f\u0131 eylemler devam ediyor. \u00d6zellikle gen\u00e7ler, Filistin\u2019le dayan\u0131\u015fma eylemlerine kat\u0131l\u0131yor ve emperyalist politikalara kar\u015f\u0131 m\u00fccadeleyi \u00f6rg\u00fctl\u00fcyor. Bu geli\u015fmeleri, Almanya Sosyalist \u0130\u015f\u00e7i Gen\u00e7li\u011fi [&hellip;]<\/p>\n","protected":false},"author":1,"featured_media":0,"comment_status":"open","ping_status":"open","sticky":false,"template":"","format":"standard","meta":{"_monsterinsights_skip_tracking":false,"_monsterinsights_sitenote_active":false,"_monsterinsights_sitenote_note":"","_monsterinsights_sitenote_category":0,"footnotes":""},"categories":[5,51],"tags":[],"class_list":["post-6563","post","type-post","status-publish","format-standard","hentry","category-dunya-sosyalizmi","category-dunya-sosyalizmi-tr"],"blocksy_meta":[],"_links":{"self":[{"href":"https:\/\/marksizm.org.tr\/index.php?rest_route=\/wp\/v2\/posts\/6563","targetHints":{"allow":["GET"]}}],"collection":[{"href":"https:\/\/marksizm.org.tr\/index.php?rest_route=\/wp\/v2\/posts"}],"about":[{"href":"https:\/\/marksizm.org.tr\/index.php?rest_route=\/wp\/v2\/types\/post"}],"author":[{"embeddable":true,"href":"https:\/\/marksizm.org.tr\/index.php?rest_route=\/wp\/v2\/users\/1"}],"replies":[{"embeddable":true,"href":"https:\/\/marksizm.org.tr\/index.php?rest_route=%2Fwp%2Fv2%2Fcomments&post=6563"}],"version-history":[{"count":2,"href":"https:\/\/marksizm.org.tr\/index.php?rest_route=\/wp\/v2\/posts\/6563\/revisions"}],"predecessor-version":[{"id":6565,"href":"https:\/\/marksizm.org.tr\/index.php?rest_route=\/wp\/v2\/posts\/6563\/revisions\/6565"}],"wp:attachment":[{"href":"https:\/\/marksizm.org.tr\/index.php?rest_route=%2Fwp%2Fv2%2Fmedia&parent=6563"}],"wp:term":[{"taxonomy":"category","embeddable":true,"href":"https:\/\/marksizm.org.tr\/index.php?rest_route=%2Fwp%2Fv2%2Fcategories&post=6563"},{"taxonomy":"post_tag","embeddable":true,"href":"https:\/\/marksizm.org.tr\/index.php?rest_route=%2Fwp%2Fv2%2Ftags&post=6563"}],"curies":[{"name":"wp","href":"https:\/\/api.w.org\/{rel}","templated":true}]}}