{"id":6590,"date":"2026-06-30T01:40:44","date_gmt":"2026-06-30T01:40:44","guid":{"rendered":"https:\/\/marksizm.org.tr\/?p=6590"},"modified":"2026-06-30T01:40:45","modified_gmt":"2026-06-30T01:40:45","slug":"tusiadin-cephe-orgutlenmesi-turkkonfed-turk-girisim-ve-is-dunyasi-konfederasyonu","status":"publish","type":"post","link":"https:\/\/marksizm.org.tr\/?p=6590","title":{"rendered":"T\u00dcS\u0130AD\u2019\u0131n Cephe \u00d6rg\u00fctlenmesi: T\u00dcRKKONFED T\u00fcrk Giri\u015fim ve \u0130\u015f D\u00fcnyas\u0131 Konfederasyonu"},"content":{"rendered":"\n<h1 class=\"wp-block-heading\"><strong>T\u00dcS\u0130AD\u2019\u0131n Cephe \u00d6rg\u00fctlenmesi: T\u00dcRKKONFED T\u00fcrk Giri\u015fim ve \u0130\u015f D\u00fcnyas\u0131 Konfederasyonu<\/strong><\/h1>\n\n\n\n<p style=\"font-size:clamp(20px, 1.25rem + ((1vw - 3.2px) * 0.938), 32px);\"><strong>May\u0131s 2026<\/strong><\/p>\n\n\n\n<p style=\"font-size:clamp(20px, 1.25rem + ((1vw - 3.2px) * 0.938), 32px);\"><strong>Derleyen: Eyl\u00fcl Deniz<\/strong><\/p>\n\n\n\n<p style=\"font-size:clamp(16.834px, 1.052rem + ((1vw - 3.2px) * 0.716), 26px);\"><strong>G\u00fcn\u00fcm\u00fczde en \u00f6nemli kapitalist \u00f6rg\u00fctlenmelerinden biri, T\u00fcrk Giri\u015fim ve \u0130\u015f D\u00fcnyas\u0131 Konfederasyonu T\u00dcRKKONFED\u2019dir. T\u00dcRKKONFED,<\/strong>&nbsp;<strong>26 b\u00f6lgesel ve 4 sekt\u00f6rel federasyondan olu\u015fmaktad\u0131r. Bu federasyonlara ba\u011fl\u0131 dernek say\u0131s\u0131 331\u2019dir.<\/strong><\/p>\n\n\n\n<p style=\"font-size:clamp(16.834px, 1.052rem + ((1vw - 3.2px) * 0.716), 26px);\">Bu derneklerde&nbsp;<strong>60 bini a\u015fk\u0131n \u015firket<\/strong>&nbsp;\u00f6rg\u00fctl\u00fcd\u00fcr. T\u00dcRKKONFED\u2019e ba\u011fl\u0131 federasyonlara \u00fcye i\u015fveren dernekleri \u00fclkenin hemen hemen her b\u00f6lgesinde ve her \u00f6nemli sekt\u00f6rde faaliyet g\u00f6stermektedir.&nbsp;<strong>G\u00fcng\u00f6r Uras\u2019\u0131n ifadesiyle bu kapitalist \u00f6rg\u00fctlerin politikalar\u0131n\u0131n belirlenmesinde 612 \u00fcyeli T\u00dcS\u0130AD\u2019\u0131n, \u201czenginler kul\u00fcb\u00fcn\u00fcn\u201d b\u00fcy\u00fck etkisi vard\u0131r.&nbsp;<\/strong><strong>T\u00dcRKKONFED, T\u00dcS\u0130AD\u2019\u0131n i\u015fverenler aras\u0131ndaki cephe \u00f6rg\u00fctlenmesi gibidir. T\u00dcS\u0130AD, T\u00dcRKKONFED \u00fcyesi federasyonlar\u0131n b\u00fcy\u00fck \u00e7o\u011funlu\u011funa da \u00fcyedir.<\/strong><\/p>\n\n\n\n<p style=\"font-size:clamp(16.834px, 1.052rem + ((1vw - 3.2px) * 0.716), 26px);\">T\u00dcS\u0130AD (T\u00fcrk Sanayicileri ve \u0130\u015f \u0130nsanlar\u0131 Derne\u011fi) ile T\u00dcRKKONFED (T\u00fcrk Giri\u015fim ve \u0130\u015f D\u00fcnyas\u0131 Konfederasyonu) aras\u0131nda, sadece isim benzerli\u011finden \u00e7ok daha \u00f6teye ge\u00e7en, yap\u0131sal ve ideolojik \u201corganik\u201d ba\u011flar vard\u0131r. Bu ba\u011flar\u0131 birka\u00e7 ba\u015fl\u0131k alt\u0131nda toplayabiliriz:<\/p>\n\n\n\n<p style=\"font-size:clamp(16.834px, 1.052rem + ((1vw - 3.2px) * 0.716), 26px);\"><strong>T\u00dcS\u0130AD ile Kuruculuk&nbsp;Ba\u011f\u0131&nbsp;<\/strong><br>T\u00dcRKKONFED\u2019in temeli, T\u00dcS\u0130AD\u2019\u0131n 1990\u2019larda \u201cAnadolu\u2019daki KOB\u0130\u2019leri de ana ak\u0131m i\u015f d\u00fcnyas\u0131na katma\u201d giri\u015fimine dayan\u0131r. T\u00dcS\u0130AD\u2019\u0131n giri\u015fimiyle kurulan b\u00f6lgesel sanayici ve i\u015f insan\u0131 dernekleri, 2004 y\u0131l\u0131nda birle\u015ferek T\u00dcRKKONFED \u00e7at\u0131s\u0131 alt\u0131nda \u00f6rg\u00fctlenmi\u015ftir. Bu nedenle T\u00dcS\u0130AD,&nbsp;<strong>T\u00dcS\u0130AD\u2019\u0131n Ta\u015fradaki Eli,&nbsp;<\/strong>T\u00dcRKKONFED\u2019in adeta \u201ckurucu a\u011fabeyi\u201d konumundad\u0131r.<\/p>\n\n\n\n<p style=\"font-size:clamp(16.834px, 1.052rem + ((1vw - 3.2px) * 0.716), 26px);\"><strong>T\u00dcS\u0130AD ile Y\u00f6netsel ve Ki\u015fisel Uyum&nbsp;<\/strong><br>\u0130ki kurum aras\u0131nda yo\u011fun bir liderlik transferi vard\u0131r. T\u00dcRKKONFED\u2019in ge\u00e7mi\u015f y\u00f6netim kurulu ba\u015fkanlar\u0131n\u0131n neredeyse tamam\u0131, ya T\u00dcS\u0130AD \u00fcyesidir ya da T\u00dcS\u0130AD\u2019da aktif g\u00f6rev alm\u0131\u015f isimlerdir. \u0130ki kurumun \u00fcye profilleri farkl\u0131 gibi g\u00f6r\u00fcnse de (T\u00dcS\u0130AD: b\u00fcy\u00fck \u00f6l\u00e7ekli, \u0130stanbul merkezli patronlar; T\u00dcRKKONFED: Anadolu\u2019daki KOB\u0130\u2019ler), T\u00dcRKKONFED\u2019in karar al\u0131c\u0131 kadrolar\u0131 genellikle T\u00dcS\u0130AD k\u00fclt\u00fcr\u00fcyle yeti\u015fmi\u015f b\u00fcy\u00fck sermaye temsilcilerinden olu\u015fur.<\/p>\n\n\n\n<p style=\"font-size:clamp(16.834px, 1.052rem + ((1vw - 3.2px) * 0.716), 26px);\"><strong>T\u00dcS\u0130AD ile&nbsp;\u0130deolojik ve Stratejik Ortakl\u0131k<\/strong><br><strong>Her iki yap\u0131 da \u00f6z\u00fcnde ayn\u0131 liberal ekonomik ve siyasi hedefleri savunur: AB\u2019ye tam \u00fcyelik, demokratik standartlar\u0131n y\u00fckseltilmesi, piyasa ekonomisinin derinle\u015fmesi ve hukukun \u00fcst\u00fcnl\u00fc\u011f\u00fc. T\u00dcS\u0130AD bu politikalara stratejik y\u00f6n veren, \u201cd\u00fc\u015f\u00fcnen beyin\u201d iken; T\u00dcRKKONFED, bu politikalar\u0131n Anadolu\u2019daki tabana yay\u0131lmas\u0131n\u0131 ve me\u015fruiyet kazanmas\u0131n\u0131 sa\u011flayan \u201ck\u00f6pr\u00fc\u201d g\u00f6revi g\u00f6r\u00fcr. T\u00dcS\u0130AD\u2019\u0131n haz\u0131rlad\u0131\u011f\u0131 raporlar ve lobi faaliyetleri, T\u00dcRKKONFED\u2019in geni\u015f \u00fcye a\u011f\u0131 \u00fczerinden toplumsalla\u015ft\u0131r\u0131l\u0131r.<\/strong><\/p>\n\n\n\n<p style=\"font-size:clamp(16.834px, 1.052rem + ((1vw - 3.2px) * 0.716), 26px);\">T\u00dcS\u0130AD\u2019\u0131n \u00e7al\u0131\u015fma raporlar\u0131nda T\u00dcRKKONFED\u2019in \u00e7al\u0131\u015fmalar\u0131na ili\u015fkin bilgi de yer almaktad\u0131r. T\u00dcRKKONFED 25 y\u0131l\u0131 a\u015fk\u0131n bir ge\u00e7mi\u015fe sahiptir.<\/p>\n\n\n\n<p style=\"font-size:clamp(16.834px, 1.052rem + ((1vw - 3.2px) * 0.716), 26px);\">1990\u2019l\u0131 y\u0131llar\u0131n ikinci yar\u0131s\u0131nda \u00fclkemizin \u00e7e\u015fitli b\u00f6lgelerinde sanayici ve i\u015fadamlar\u0131 S\u0130AD\u2019larda dernekle\u015fmeye ba\u015flad\u0131.<\/p>\n\n\n\n<p style=\"font-size:clamp(16.834px, 1.052rem + ((1vw - 3.2px) * 0.716), 26px);\">Bu \u00f6rg\u00fctler ilk olarak 17 Ekim 1997 tarihinde \u0130stanbul\u2019da T\u00dcS\u0130AD\u2019\u0131n ev sahipli\u011finde bir zirve toplad\u0131. 17 Kas\u0131m 2000 g\u00fcn\u00fc \u015eanl\u0131urfa\u2019da ger\u00e7ekle\u015ftirilen 4. S\u0130AD Zirvesi\u2019nde \u201cT\u00fcrkiye S\u0130AD Platformu\u201d olu\u015fturuldu.<\/p>\n\n\n\n<p style=\"font-size:clamp(16.834px, 1.052rem + ((1vw - 3.2px) * 0.716), 26px);\">2002 y\u0131l\u0131ndan itibaren S\u0130AD federasyonlar\u0131 olu\u015fturulmaya ba\u015fland\u0131. Bat\u0131 Anadolu, Marmara ve Kuzey Anadolu, \u0130\u00e7 Anadolu, Do\u011fu Akdeniz, Do\u011fu ve G\u00fcneydo\u011fu sanayici ve i\u015fadamlar\u0131 federasyonlar\u0131 ile Sekt\u00f6rel Dernekler Federasyonu 2003 y\u0131l\u0131nda kurulu\u015flar\u0131n\u0131 tamamlay\u0131nca 4 Kas\u0131m 2004 tarihinde Giri\u015fim ve \u0130\u015f D\u00fcnyas\u0131 Konfederasyonu kuruldu. Konfederasyon 14 Nisan 2005 tarihinde ad\u0131n\u0131 T\u00fcrk Giri\u015fim ve \u0130\u015e D\u00fcnyas\u0131 Konfederasyonu T\u00dcRKKONFED olarak de\u011fi\u015ftirdi. 2010 y\u0131l\u0131ndan itibaren T\u00dcRKKONFED ile T\u00dcS\u0130AD aras\u0131ndaki ili\u015fkilerde \u201cGeni\u015fleme ve Derinle\u015fme Projesi\u201d ba\u015flat\u0131ld\u0131.<\/p>\n\n\n\n<p style=\"font-size:clamp(16.834px, 1.052rem + ((1vw - 3.2px) * 0.716), 26px);\"><strong>T\u00dcRKKONFED\u2019in amac\u0131: &nbsp;<\/strong><\/p>\n\n\n\n<p style=\"font-size:clamp(16.834px, 1.052rem + ((1vw - 3.2px) * 0.716), 26px);\">\u201c\u00dclkemizin ekonomik ve sosyal kalk\u0131nmas\u0131na katk\u0131da bulunmak \u00fczere, Atat\u00fcrk\u2019\u00fcn \u00e7izdi\u011fi T\u00fcrkiye Cumhuriyeti vizyonu ve \u00e7a\u011fda\u015f uygarl\u0131k hedefini esas alarak b\u00f6lgesel ve sekt\u00f6rel potansiyellerin en iyi \u015fekilde de\u011ferlendirilmesi i\u00e7in faaliyetlerde bulunmak; demokratik, laik bir hukuk devleti anlay\u0131\u015f\u0131 i\u00e7inde, sivil toplumun kurumsalla\u015fmas\u0131 ve \u00f6zel giri\u015fimcili\u011fin yayg\u0131nla\u015fmas\u0131na \u00e7al\u0131\u015fmak; sanayici ve i\u015fadamlar\u0131n\u0131n sorunlar\u0131na sahip \u00e7\u0131karak toplumdaki \u00f6nc\u00fc ve giri\u015fimci niteliklerini geli\u015ftirmek \u00fczere ba\u011f\u0131ms\u0131z bir platformda, temsil taban\u0131 geni\u015f, g\u00fc\u00e7l\u00fc bir \u00f6rg\u00fctlenme ger\u00e7ekle\u015ftirmektir.\u201d<\/p>\n\n\n\n<p style=\"font-size:clamp(16.834px, 1.052rem + ((1vw - 3.2px) * 0.716), 26px);\"><strong>T\u00dcRKKONFED\u2019in<\/strong>&nbsp;\u201cvizyonu, misyonu, de\u011ferleri\u201d \u015fu \u015fekilde ifade edilmektedir:<\/p>\n\n\n\n<p style=\"font-size:clamp(16.834px, 1.052rem + ((1vw - 3.2px) * 0.716), 26px);\">\u201cVizyon: \u00dclke genelinde i\u015f d\u00fcnyas\u0131n\u0131n g\u00fcvendi\u011fi ve tercih etti\u011fi \u00e7at\u0131 \u00f6rg\u00fct\u00fc olmak,<br>\u201cB\u00f6lgeleraras\u0131 kalk\u0131nm\u0131\u015fl\u0131k fark\u0131n\u0131 azaltacak politika ve faaliyetlerle \u00fcyelerinin rekabet g\u00fcc\u00fcn\u00fc art\u0131rmak.\u201d<br>\u201cMisyon: \u0130\u015f d\u00fcnyas\u0131n\u0131n g\u00f6n\u00fcll\u00fc, ba\u011f\u0131ms\u0131z temsilcisi ve ortak sesi olarak b\u00f6lgesel, sekt\u00f6rel ve ulusal ekonomi politikalar\u0131n\u0131n olu\u015fturulmas\u0131na katk\u0131da bulunmak,<\/p>\n\n\n\n<p style=\"font-size:clamp(16.834px, 1.052rem + ((1vw - 3.2px) * 0.716), 26px);\">\u201cUlusal rekabet g\u00fcc\u00fcn\u00fcn art\u0131r\u0131lmas\u0131na ve uluslararas\u0131 entegrasyona yard\u0131mc\u0131 olmak.\u201d<\/p>\n\n\n\n<p style=\"font-size:clamp(16.834px, 1.052rem + ((1vw - 3.2px) * 0.716), 26px);\">\u201cDe\u011ferlerimiz: Ba\u011f\u0131ms\u0131zl\u0131k, \u015feffafl\u0131k, g\u00f6n\u00fcll\u00fcl\u00fck.\u201d<\/p>\n\n\n\n<p style=\"font-size:clamp(16.834px, 1.052rem + ((1vw - 3.2px) * 0.716), 26px);\">T\u00dcRKKONFED\u2019i olu\u015fturan federasyonlar ve onlara ba\u011fl\u0131 derneklerin listesi a\u015fa\u011f\u0131da sunulmaktad\u0131r. Listelerde de g\u00f6r\u00fclece\u011fi gibi, T\u00fcrk Sanayici ve \u0130\u015f \u0130nsanlar\u0131 Derne\u011fi T\u00dcS\u0130AD, bu federasyonlar\u0131n b\u00fcy\u00fck \u00e7o\u011funlu\u011funa \u00fcyedir:<\/p>\n\n\n\n<p style=\"font-size:clamp(16.834px, 1.052rem + ((1vw - 3.2px) * 0.716), 26px);\"><strong>BAKS\u0130FED BATI AKDEN\u0130Z SANAY\u0130 VE \u0130\u015e D\u00dcNYASI FEDERASYONU<\/strong><\/p>\n\n\n\n<p style=\"font-size:clamp(16.834px, 1.052rem + ((1vw - 3.2px) * 0.716), 26px);\">Akdeniz Giri\u015fimci \u0130\u015f Kad\u0131nlar\u0131 Derne\u011fi (AG\u0130DER)<br>Alanya Sanayici ve \u0130\u015f \u0130nsanlar\u0131 Derne\u011fi (ALS\u0130AD)<br>Antalya Gen\u00e7 \u0130\u015f \u0130nsanlar\u0131 Derne\u011fi (ANTG\u0130AD)<br>Antalya Organize Sanayici ve \u0130\u015f \u0130nsanlar\u0131 Derne\u011fi (OS\u0130AD)<br>Antalya Sanayici ve \u0130\u015f \u0130nsanlar\u0131 Derne\u011fi (ANS\u0130AD)<br>Antalya Serbest B\u00f6lgesi \u0130\u015f \u0130nsanlar\u0131 Derne\u011fi (ASB\u0130AD)<br>Burdur Sanayici, Serbest Meslek Mensuplar\u0131 ve \u0130\u015e \u0130nsanlar\u0131 Derne\u011fi (BUS\u0130AD)<br>Isparta Giri\u015fimci Sanayici ve \u0130\u015f \u0130nsanlar\u0131 Derne\u011fi (IGS\u0130AD)<br>Konyaalt\u0131 \u0130\u015f \u0130nsanlar\u0131 Derne\u011fi (KONYS\u0130AD)<br>Manavgat Sanayici ve \u0130\u015f \u0130nsanlar\u0131 Derne\u011fi (MAS\u0130AD)<br>T\u00fcrk Sanayicileri ve \u0130\u015f \u0130nsanlar\u0131 Derne\u011fi (T\u00dcS\u0130AD)<br>Y\u00f6r\u00fck Sanayici ve \u0130\u015f \u0130nsanlar\u0131 Derne\u011fi (Y\u00d6RS\u0130AD)<\/p>\n\n\n\n<p style=\"font-size:clamp(16.834px, 1.052rem + ((1vw - 3.2px) * 0.716), 26px);\"><strong>BAKZ\u0130FED BATI KARADEN\u0130Z SANAY\u0130C\u0130 VE \u0130\u015e \u0130NSANLARI DERNEKLER\u0130 FEDERASYONU<\/strong><\/p>\n\n\n\n<p style=\"font-size:clamp(16.834px, 1.052rem + ((1vw - 3.2px) * 0.716), 26px);\">Bart\u0131n Giri\u015fimci ve Sanayici \u0130\u015f \u0130nsanlar\u0131 Derne\u011fi (BAGS\u0130AD)<br>Bat\u0131 Ankara Sanayici ve Giri\u015fimci \u0130\u015e \u0130nsanlar\u0131 Derne\u011fi (BAG\u0130AD)<br>Karab\u00fck Giri\u015fimci \u0130\u015f Kad\u0131nlar\u0131 Derne\u011fi (KAG\u0130KAD)<br>Karadeniz Ere\u011fli Giri\u015fimci ve Y\u00f6netici \u0130\u015f Kad\u0131nlar\u0131 Derne\u011fi (KADG\u0130AD)<br>Ovacuma Giri\u015fimci ve Sanayici \u0130\u015f \u0130nsanlar\u0131 Derne\u011fi (OG\u0130AD)<br>Safranbolu Giri\u015fimci \u0130\u015e Kad\u0131nlar\u0131 Derne\u011fi (SAG\u0130AD)<br>Safranbolu Giri\u015fimci \u0130\u015f Kad\u0131nlar\u0131 Derne\u011fi (SAG\u0130AD)<br>TOSY\u00d6V Destekleme Derne\u011fi<br>T\u00fcrk Sanayicileri ve \u0130\u015f \u0130nsanlar\u0131 Derne\u011fi (T\u00dcS\u0130AD)<br>Ulus Giri\u015fimci ve Sanayici \u0130\u015f \u0130nsanlar\u0131 Derne\u011fi (UG\u0130AD)<\/p>\n\n\n\n<p style=\"font-size:clamp(16.834px, 1.052rem + ((1vw - 3.2px) * 0.716), 26px);\"><strong>BAS\u0130FED BATI ANADOLU SANAY\u0130C\u0130 VE \u0130\u015e \u0130NSANLARI DERNEKLER\u0130 FEDERASYONU<\/strong><\/p>\n\n\n\n<p style=\"font-size:clamp(16.834px, 1.052rem + ((1vw - 3.2px) * 0.716), 26px);\">Ege Deri Sanayicileri Derne\u011fi (EGEDER\u0130DER)<br>Ege Gen\u00e7 \u0130\u015f \u0130nsanlar\u0131 Derne\u011fi (EG\u0130AD)<br>Ege \u0130\u015f Kad\u0131nlar\u0131 Derne\u011fi (EG\u0130KAD)<br>Ege Otomotiv Derne\u011fi (EGOD)<br>Ege Sanayicileri ve \u0130\u015f \u0130nsanlar\u0131 Derne\u011fi (ES\u0130AD)<br>Ege So\u011futma Sanayicileri Derne\u011fi (ESS\u0130AD)<br>Ege Y\u00f6netim Dan\u0131\u015fmanlar\u0131 Derne\u011fi (EgeYDD)<br>Enerji Sanayicileri ve \u0130\u015f Adamlar\u0131 Derne\u011fi (ENS\u0130AD)<br>\u0130zmir \u0130\u015f Kad\u0131nlar\u0131 Derne\u011fi (\u0130Z\u0130KAD)<br>\u0130zmir Sanayici ve \u0130\u015f \u0130nsanlar\u0131 Derne\u011fi (\u0130ZS\u0130AD)<br>T\u00fcrk Sanayicileri ve \u0130\u015f \u0130nsanlar\u0131 Derne\u011fi (T\u00dcS\u0130AD)<br>Ulukent Sanayicileri Derne\u011fi (USAD)<\/p>\n\n\n\n<p style=\"font-size:clamp(16.834px, 1.052rem + ((1vw - 3.2px) * 0.716), 26px);\"><strong>\u00c7UKUROVAS\u0130FED \u00c7UKUROVA SANAY\u0130 VE \u0130\u015e D\u00dcNYASI FEDERASYONU<\/strong><\/p>\n\n\n\n<p style=\"font-size:clamp(16.834px, 1.052rem + ((1vw - 3.2px) * 0.716), 26px);\">Adana Gen\u00e7 \u0130\u015fadamlar\u0131 Derne\u011fi (AG\u0130AD)<br>Adana Sanayici ve \u0130\u015f \u0130nsanlar\u0131 Derne\u011fi (ADS\u0130AD)<br>Ceyhan Sanayici ve \u0130\u015fadamlar\u0131 Derne\u011fi (CEYS\u0130AD)<br>\u00c7ukurova Gen\u00e7 Giri\u015fimci \u0130\u015f \u0130nsanlar\u0131 Derne\u011fi (\u00c7UG\u0130DER)<br>Giri\u015fimci \u0130\u015f Kad\u0131nlar\u0131 Derne\u011fi (G\u0130\u015eKAD)<br>\u0130\u015f Kad\u0131nlar\u0131 Derne\u011fi (\u0130\u015eKAD)<br>Mersin \u0130htisas Organize Sanayicileri Derne\u011fi (M\u0130DDER)<br>Mersin Sanayici ve \u0130\u015fadamlar\u0131 Derne\u011fi (MES\u0130AD)<br>Mersin Yat\u0131r\u0131mc\u0131 \u0130\u015fadamlar\u0131 Derne\u011fi (MERYAD)<br>Mersin Yetkili Otomotiv Sat\u0131c\u0131lar\u0131 Derne\u011fi (MODER)<br>Tarsus Sanayici ve \u0130\u015fadamlar\u0131 Derne\u011fi (TAS\u0130AD)<br>T\u00fcrk Sanayicileri ve \u0130\u015f \u0130nsanlar\u0131 Derne\u011fi (T\u00dcS\u0130AD)<br>T\u00fcrkiye Irak Sanayicileri ve \u0130\u015fadamlar\u0131 Derne\u011fi (TIS\u0130AD)<\/p>\n\n\n\n<p style=\"font-size:clamp(16.834px, 1.052rem + ((1vw - 3.2px) * 0.716), 26px);\"><strong>DAS\u0130FED DO\u011eU AKDEN\u0130Z SANAY\u0130C\u0130 VE \u0130\u015eADAMLARI DERNEKLER\u0130 FEDERASYONU<\/strong><\/p>\n\n\n\n<p style=\"font-size:clamp(16.834px, 1.052rem + ((1vw - 3.2px) * 0.716), 26px);\">Arsuz \u0130\u015fadamlar\u0131 Derne\u011fi (AR\u0130AD)<br>Hatay Gen\u00e7 \u0130\u015f \u0130nsanlar\u0131 Derne\u011fi (HAG\u0130AD)<br>Hatay Kad\u0131n Giri\u015fimciler Derne\u011fi (KAG\u0130D)<br>\u0130skenderun Sanayici ve \u0130\u015fadamlar\u0131 Derne\u011fi (\u0130SS\u0130AD)<br>Osmaniye Sanayicileri ve \u0130\u015fadamlar\u0131 Derne\u011fi (OS\u0130AD)<br>T\u00fcrk Sanayicileri ve \u0130\u015f \u0130nsanlar\u0131 Derne\u011fi (T\u00dcS\u0130AD)<\/p>\n\n\n\n<p style=\"font-size:clamp(16.834px, 1.052rem + ((1vw - 3.2px) * 0.716), 26px);\"><strong>D\u0130CLES\u0130FED D\u0130CLE SANAY\u0130 VE \u0130\u015e D\u00dcNYASI FEDERASYONU<\/strong><\/p>\n\n\n\n<p style=\"font-size:clamp(16.834px, 1.052rem + ((1vw - 3.2px) * 0.716), 26px);\">Kad\u0131n \u0130stihdam\u0131n\u0131 Art\u0131rma Derne\u011fi (K\u0130ADER)<br>Mardin \u0130\u015f Kad\u0131nlar\u0131 Derne\u011fi (M\u0130KAD)<br>Mardin Sanayici ve \u0130\u015fadamlar\u0131 Derne\u011fi (MARS\u0130AD)<br>Siirt Sanayici ve \u0130\u015fadamlar\u0131 Derne\u011fi (S\u0130S\u0130AD)<br>S\u00fcrekli Geli\u015fim ve \u0130novasyon Derne\u011fi<br>\u015e\u0131rnak \u0130\u015f Adamlar\u0131 Derne\u011fi<br>\u015e\u0131rnak Sanayi ve Giri\u015fimciler Derne\u011fi<br>T\u00fcrk Sanayicileri ve \u0130\u015f \u0130nsanlar\u0131 Derne\u011fi (T\u00dcS\u0130AD)<\/p>\n\n\n\n<p style=\"font-size:clamp(16.834px, 1.052rem + ((1vw - 3.2px) * 0.716), 26px);\"><strong>DOG\u00dcNS\u0130FED DO\u011eU VE G\u00dcNEYDO\u011eU ANADOLU SANAY\u0130C\u0130 VE \u0130\u015eADAMLARI DERNEKLER\u0130 FEDERASYONU<\/strong><\/p>\n\n\n\n<p style=\"font-size:clamp(16.834px, 1.052rem + ((1vw - 3.2px) * 0.716), 26px);\">Diyarbak\u0131r \u0130\u015f Kad\u0131nlar\u0131 Derne\u011fi (D\u0130KAD)<br>Diyarbak\u0131r Mermerciler ve Madenciler Derne\u011fi (DMD)<br>Diyarbak\u0131r Organize Sanayici \u0130\u015fadamlar\u0131 Derne\u011fi (DOS\u0130AD)<br>Diyarbak\u0131r Sanayi ve \u0130\u015e D\u00fcnyas\u0131 Derne\u011fi<br>Diyarbak\u0131r Sanayici ve \u0130\u015f \u0130nsanlar\u0131 Derne\u011fi (D\u0130S\u0130AD)<br>Do\u011fu ve G\u00fcneydo\u011fu \u0130\u015f Kad\u0131nlar\u0131 Derne\u011fi (DOG\u00dcNKAD)<br>G\u00fcneydo\u011fu Sanayici ve \u0130\u015fadamlar\u0131 Derne\u011fi (G\u00dcNS\u0130AD)<br>G\u00fcneydo\u011fu Tekstil Sanayi ve \u0130\u015f \u0130nsanlar\u0131 Derne\u011fi (G\u00dcNT\u0130AD)<br>\u015eanl\u0131urfa Giri\u015fimci \u0130\u015f Kad\u0131nlar\u0131 Derne\u011fi (\u015eUG\u0130\u015eKAD)<br>\u015eanl\u0131urfa Sanayici ve \u0130\u015fadamlar\u0131 Derne\u011fi (\u015eUS\u0130AD)<br>Temizlik ve Sosyal \u0130\u015fverenler Derne\u011fi (TES-DER)<br>T\u00fcrk Sanayicileri ve \u0130\u015f \u0130nsanlar\u0131 Derne\u011fi (T\u00dcS\u0130AD)<\/p>\n\n\n\n<p style=\"font-size:clamp(16.834px, 1.052rem + ((1vw - 3.2px) * 0.716), 26px);\"><strong>DO\u011eUMARS\u0130FED DO\u011eU MARMARA SANAY\u0130 VE \u0130\u015e D\u00dcNYASI FEDERASYONU<\/strong><\/p>\n\n\n\n<p style=\"font-size:clamp(16.834px, 1.052rem + ((1vw - 3.2px) * 0.716), 26px);\">\u0130zmit Gen\u00e7 \u0130\u015f Adamlar\u0131 Derne\u011fi (\u0130ZG\u0130AD)<br>Kocaeli Matbaac\u0131lar Derne\u011fi (KOMATDER)<br>Kocaeli Otel ve Turistik Tesis \u0130\u015fletmesi Derne\u011fi<br>Kocaeli Sanayici ve \u0130\u015f Adamlar\u0131 Derne\u011fi (KOS\u0130AD)<br>T\u00fcrk Sanayicileri ve \u0130\u015f \u0130nsanlar\u0131 Derne\u011fi (T\u00dcS\u0130AD)<br>Y\u00f6netim Dan\u0131\u015fmanlar\u0131 Derne\u011fi (YDD)<\/p>\n\n\n\n<p style=\"font-size:clamp(16.834px, 1.052rem + ((1vw - 3.2px) * 0.716), 26px);\"><strong>DO\u011eUS\u0130FED DO\u011eU SANAY\u0130 VE \u0130\u015e D\u00dcNYASI FEDERASYONU<\/strong><\/p>\n\n\n\n<p style=\"font-size:clamp(16.834px, 1.052rem + ((1vw - 3.2px) * 0.716), 26px);\">Bitlis Sanayici ve \u0130\u015f \u0130nsanlar\u0131 Derne\u011fi (B\u0130S\u0130DER)<br>Do\u011fu Madenciler Derne\u011fi (DMD)<br>Hakkari Kad\u0131n Giri\u015fimciler Derne\u011fi (HAKG\u0130DER)<br>Hakkari Sanayici ve \u0130\u015fadamlar\u0131 Derne\u011fi (HAS\u0130AD)<br>T\u00fcrk Sanayicileri ve \u0130\u015f \u0130nsanlar\u0131 Derne\u011fi (T\u00dcS\u0130AD)<br>Van Dinamik Sanayici ve \u0130\u015f \u0130nsanlar\u0131 Derne\u011fi (VANS\u0130AD)<br>Van Giri\u015fimci \u0130\u015f \u0130nsanlar\u0131 Derne\u011fi (VANG\u0130AD)<br>Van \u0130\u015e Kad\u0131nlar\u0131 Derne\u011fi (V\u0130KAD)<\/p>\n\n\n\n<p style=\"font-size:clamp(16.834px, 1.052rem + ((1vw - 3.2px) * 0.716), 26px);\"><strong>DOKAS\u0130FED DO\u011eU KARADEN\u0130Z SANAY\u0130 VE \u0130\u015e D\u00dcNYASI FEDERASYONU<\/strong><\/p>\n\n\n\n<p style=\"font-size:clamp(16.834px, 1.052rem + ((1vw - 3.2px) * 0.716), 26px);\">Artvin Giri\u015fimci \u0130\u015f Kad\u0131nlar\u0131 Derne\u011fi (AG\u0130KAD)<br>\u00c7ay Sanayicisi \u0130\u015fadamlar\u0131 Derne\u011fi (\u00c7AYS\u0130AD)<br>Eynesil Sanayici ve \u0130\u015fadamlar\u0131 Derne\u011fi (EYS\u0130AD)<br>Ordu Gen\u00e7 Giri\u015fimci \u0130\u015f Adamlar\u0131 Derne\u011fi (OG\u0130D)<br>Ordu Sanayici ve \u0130\u015f \u0130nsanlar\u0131 Derne\u011fi (ORDUS\u0130AD)<br>Trabzon Sanayici ve Giri\u015fimci \u0130\u015fadamlar\u0131 Derne\u011fi (TSG\u0130AD)<br>Trabzon Sanayici ve \u0130\u015fadamlar\u0131 Derne\u011fi (TS\u0130AD)<br>T\u00fcrk Sanayicileri ve \u0130\u015f \u0130nsanlar\u0131 Derne\u011fi (T\u00dcS\u0130AD)<\/p>\n\n\n\n<p style=\"font-size:clamp(16.834px, 1.052rem + ((1vw - 3.2px) * 0.716), 26px);\"><strong>EVFED EV VE MUTFAK E\u015eYALARI FEDERASYONU<\/strong><\/p>\n\n\n\n<p style=\"font-size:clamp(16.834px, 1.052rem + ((1vw - 3.2px) * 0.716), 26px);\">Ayd\u0131nlatma Gere\u00e7leri \u0130malat\u00e7\u0131lar\u0131 Derne\u011fi (AG\u0130D)<br>End\u00fcstriyel Mutfak, \u00c7ama\u015f\u0131rhane, Servis ve \u0130kram Ekipmanlar\u0131 Sanayicileri \u0130\u015fadamlar\u0131 Derne\u011fi (TUS\u0130D)<br>Mobilya Sanayicileri \u0130\u015f Adamlar\u0131 Derne\u011fi (MOBSAD)<br>Paslanmaz \u00c7elik Derne\u011fi (PASDER)<br>Plastik Sanayicileri Derne\u011fi (PAGDER)<br>Z\u00fcccaciyeciler Derne\u011fi (Z\u00dcCDER)<\/p>\n\n\n\n<p style=\"font-size:clamp(16.834px, 1.052rem + ((1vw - 3.2px) * 0.716), 26px);\"><strong>FIRATS\u0130FED FIRAT SANAY\u0130 VE \u0130\u015e D\u00dcNYASI FEDERASYONU<\/strong><\/p>\n\n\n\n<p style=\"font-size:clamp(16.834px, 1.052rem + ((1vw - 3.2px) * 0.716), 26px);\">Elaz\u0131\u011f \u0130\u015f Kad\u0131nlar\u0131 Derne\u011fi (EL\u0130KAD)<br>Elaz\u0131\u011f Mermerciler ve Madenciler Derne\u011fi (EMMAD)<br>Elaz\u0131\u011f Sanayici ve \u0130\u015fadamlar\u0131 Derne\u011fi (ELS\u0130AD)<br>Malatya \u0130\u015f Kad\u0131nlar\u0131 Derne\u011fi (MA\u0130KAD)<br>Malatya Sanayici ve \u0130\u015fadamlar\u0131 Derne\u011fi (MAS\u0130AD)<br>T\u00fcrk Sanayicileri ve \u0130\u015f \u0130nsanlar\u0131 Derne\u011fi (T\u00dcS\u0130AD)<\/p>\n\n\n\n<p style=\"font-size:clamp(16.834px, 1.052rem + ((1vw - 3.2px) * 0.716), 26px);\"><strong>GES\u0130FED G\u00dcNEY EGE SANAY\u0130 VE \u0130\u015e D\u00dcNYASI FEDERASYONU<\/strong><\/p>\n\n\n\n<p style=\"font-size:clamp(16.834px, 1.052rem + ((1vw - 3.2px) * 0.716), 26px);\">Ayd\u0131n Gen\u00e7 \u0130\u015f \u0130nsanlar\u0131 Derne\u011fi (AYG\u0130AD)<br>Ayd\u0131n Giri\u015fimci Kad\u0131nlar Derne\u011fi (AG\u0130KAD)<br>Bodrum Esnaf Sanayici ve \u0130\u015f \u0130nsanlar\u0131 Derne\u011fi (BES\u0130AD)<br>Denizli Gen\u00e7 \u0130\u015f \u0130nsanlar\u0131 Derne\u011fi (DEG\u0130AD)<br>Denizli Sanayiciler ve \u0130\u015f \u0130nsanlar\u0131 Derne\u011fi (DES\u0130AD)<br>Denizli Soroptimist Kul\u00fcb\u00fc \u0130\u015f ve Meslek Kad\u0131nlar\u0131 Derne\u011fi (DENSOR)<br>Didim Gen\u00e7 \u0130\u015f \u0130nsanlar\u0131 Derne\u011fi (D\u0130G\u0130AD)<br>Efeler Sanayici ve \u0130\u015f \u0130nsanlar\u0131 Derne\u011fi (EFES\u0130AD)<br>Giri\u015fimci Kad\u0131nlar\u0131n Desteklenmesi Derne\u011fi (G\u0130KAD)<br>Ku\u015fadas\u0131 Gen\u00e7 \u0130\u015f \u0130nsanlar\u0131 Derne\u011fi (KUG\u0130AD)<br>Marmaris Gen\u00e7 \u0130\u015f \u0130nsanlar\u0131 Derne\u011fi (MarmarisG\u0130AD)<br>S\u00f6ke Gen\u00e7 \u0130\u015f \u0130nsanlar\u0131 Derne\u011fi (S\u00d6G\u0130AD)<br>T\u00fcrk Sanayicileri ve \u0130\u015f \u0130nsanlar\u0131 Derne\u011fi (T\u00dcS\u0130AD)<\/p>\n\n\n\n<p style=\"font-size:clamp(16.834px, 1.052rem + ((1vw - 3.2px) * 0.716), 26px);\"><strong>G\u00dcNMARS\u0130FED G\u00dcNEY MARMARA SANAY\u0130 VE \u0130\u015e D\u00dcNYASI FEDERASYONU<\/strong><\/p>\n\n\n\n<p style=\"font-size:clamp(16.834px, 1.052rem + ((1vw - 3.2px) * 0.716), 26px);\">Bal\u0131kesir Gen\u00e7 \u0130\u015f \u0130nsanlar\u0131 Derne\u011fi (BAG\u0130AD)<br>Bal\u0131kesir Sanayici ve \u0130\u015f \u0130nsanlar\u0131 Derne\u011fi (BAS\u0130AD)<br>Band\u0131rma Gen\u00e7 \u0130\u015f \u0130nsanlar\u0131 Derne\u011fi (BANG\u0130AD)<br>Band\u0131rma Sanayici ve \u0130\u015f \u0130nsanlar\u0131 Derne\u011fi (BANS\u0130AD)<br>Biga Sanayici ve \u0130\u015f \u0130nsanlar\u0131 Derne\u011fi (B\u0130S\u0130AD)<br>\u00c7anakkale Sanayicileri ve \u0130\u015finsanlar\u0131 Derne\u011fi (\u00c7AS\u0130AD)<br>T\u00fcrk Sanayicileri ve \u0130\u015f \u0130nsanlar\u0131 Derne\u011fi (T\u00dcS\u0130AD)<\/p>\n\n\n\n<p style=\"font-size:clamp(16.834px, 1.052rem + ((1vw - 3.2px) * 0.716), 26px);\"><strong>G\u00dcNS\u0130FED G\u00dcNEYDO\u011eU SANAY\u0130 VE \u0130\u015e D\u00dcNYASI FEDERASYONU<\/strong><\/p>\n\n\n\n<p style=\"font-size:clamp(16.834px, 1.052rem + ((1vw - 3.2px) * 0.716), 26px);\">Ad\u0131yaman K\u00fclt\u00fcrel ve Ekonomik Kalk\u0131nma Derne\u011fi (AKEK)<br>Gaziantep Birle\u015fik \u0130\u015fadamlar\u0131 Derne\u011fi (GAB\u0130AD)<br>Gaziantep Et ve S\u00fct \u00dcreticileri Derne\u011fi<br>Gaziantep Gatem Komple Nakliyeciler Derne\u011fi<br>Gaziantep Gayrimenkul Hukuku Derne\u011fi<br>Giri\u015fimci Kad\u0131nlar\u0131 Destekleme Derne\u011fi (G\u0130KAD)<br>Kilis Gen\u00e7 \u0130\u015fadamlar\u0131 Derne\u011fi (K\u0130G\u0130AD)<br>Kilis Kad\u0131nlar\u0131 Kalk\u0131nd\u0131rma ve Geli\u015ftirme Derne\u011fi (K\u0130KAGDER)<br>T\u00fcrk Sanayicileri \u0130\u015f \u0130nsanlar\u0131 Derne\u011fi (T\u00dcS\u0130AD)<\/p>\n\n\n\n<p style=\"font-size:clamp(16.834px, 1.052rem + ((1vw - 3.2px) * 0.716), 26px);\"><strong>\u0130\u00c7AS\u0130FED \u0130\u00c7 ANADOLU SANAY\u0130C\u0130 VE \u0130\u015e \u0130NSANLARI DERNEKLER\u0130 FEDERASYONU<\/strong><\/p>\n\n\n\n<p style=\"font-size:clamp(16.834px, 1.052rem + ((1vw - 3.2px) * 0.716), 26px);\">Akyurt Sanayici ve \u0130\u015f \u0130nsanlar\u0131 Derne\u011fi (AKS\u0130AD)<br>Ankara Gen\u00e7 \u0130\u015fadamlar\u0131 Derne\u011fi (ANG\u0130AD)<br>Ankara Giri\u015fimci \u0130\u015e Kad\u0131nlar\u0131 Destekleme Derne\u011fi (ANG\u0130KAD)<br>Arabuluculuk ve Anla\u015fmazl\u0131k \u00c7\u00f6z\u00fcmleri Derne\u011fi<br>Bat\u0131 Ankara Giri\u015fimci ve Sanayici \u0130\u015fadamlar\u0131 Derne\u011fi (BAG\u0130AD)<br>Be\u015fikta\u015fl\u0131 Sanayici \u0130\u015f \u0130nsanlar\u0131 ve Yat\u0131r\u0131mc\u0131lar\u0131 Derne\u011fi (BES\u0130YAD)<br>Gayrimenkul Geli\u015ftirme ve Y\u00f6netimi Derne\u011fi (GGYD)<br>Geli\u015ftirme, Ara\u015ft\u0131rma, Yeti\u015ftirme ve Ayd\u0131nlatma Derne\u011fi (GAYA)<br>Hasano\u011flan Sanayici ve \u0130\u015fadamlar\u0131 Derne\u011fi (HASS\u0130AD)<br>Kad\u0131n \u0130\u015f Veren ve Sanayiciler Derne\u011fi (KA\u0130SDER)<br>Konya \u0130\u015fkad\u0131nlar\u0131 Derne\u011fi (K\u0130KAD)<br>Mavi Giri\u015fimci \u0130\u015f \u0130nsanlar\u0131 Derne\u011fi (MAV\u0130DER)<br>M\u00fchendis Kad\u0131nlar Derne\u011fi (M\u00dcKAD)<br>Ostim Sanayici ve \u0130\u015f \u0130nsanlar\u0131 Derne\u011fi (OS\u0130AD)<br>T\u00fcrk Sanayicileri ve \u0130\u015f \u0130nsanlar\u0131 Derne\u011fi (T\u00dcS\u0130AD)<br>T\u00fcrk \u00dcniversiteli Kad\u0131nlar Derne\u011fi Ankara \u015eubesi (T\u00dcKO)<br>Yat\u0131r\u0131mc\u0131 Sanayici ve \u0130\u015fadamlar\u0131 Derne\u011fi (YATS\u0130AD)<\/p>\n\n\n\n<p style=\"font-size:clamp(16.834px, 1.052rem + ((1vw - 3.2px) * 0.716), 26px);\"><strong>\u0130PEKYOLU S\u0130FED \u0130PEKYOLU SANAY\u0130 VE \u0130\u015e D\u00dcNYASI FEDERASYONU<\/strong><\/p>\n\n\n\n<p style=\"font-size:clamp(16.834px, 1.052rem + ((1vw - 3.2px) * 0.716), 26px);\">Elaz\u0131\u011f \u0130\u015f Kad\u0131nlar\u0131 Derne\u011fi (EL\u0130KAD)<br>Erzurum Giri\u015fimci Kad\u0131nlar Derne\u011fi (ERKADIN-DER)<br>Erzurum Stratejik Giri\u015fimci \u0130\u015fadamlar\u0131 Derne\u011fi (ESG\u0130AD)<br>Kad\u0131n ve Gen\u00e7leri Destekleme Derne\u011fi<br>Kuzey Do\u011fu Turizm ve Sa\u011fl\u0131k derne\u011fi<br>T\u00fcrk Sanayicileri ve \u0130\u015f \u0130nsanlar\u0131 Derne\u011fi (T\u00dcS\u0130AD)<\/p>\n\n\n\n<p style=\"font-size:clamp(16.834px, 1.052rem + ((1vw - 3.2px) * 0.716), 26px);\"><strong>\u0130S\u0130FED \u0130STANBUL SANAY\u0130C\u0130 VE \u0130\u015eADAMLARI DERNEKLER\u0130 FEDERASYONU<\/strong><\/p>\n\n\n\n<p style=\"font-size:clamp(16.834px, 1.052rem + ((1vw - 3.2px) * 0.716), 26px);\">Beylikd\u00fcz\u00fc Sanayii ve \u0130\u015fadamlar\u0131 Derne\u011fi (BEYS\u0130AD)<br>\u00c7atalca Sanayici ve \u0130\u015fadamlar\u0131 Derne\u011fi (\u00c7AS\u0130AD)<br>Esenyurt Sanayici ve \u0130\u015fadamlar\u0131 Derne\u011fi (ES\u0130DER)<br>\u0130kitelli Organize Sanayici ve \u0130\u015f \u0130nsanlar\u0131 Derne\u011fi (\u0130OS\u0130D)<br>\u0130stanbul 3. B\u00f6lge Sanayici ve \u0130\u015fadamlar\u0131 Derne\u011fi (SANDER)<br>K\u00fc\u00e7\u00fck\u00e7ekmece Sanayici ve \u0130\u015fadamlar\u0131 Derne\u011fi (KS\u0130AD)<br>Rumeli Y\u00f6netici ve \u0130\u015f \u0130nsanlar\u0131 Derne\u011fi (RUY\u0130AD)<br>Tokatl\u0131 Sanayici, Y\u00f6netici ve \u0130\u015f \u0130nsanlar\u0131 Derne\u011fi (TOS\u0130AD)<br>T\u00fcrk Sanayici ve \u0130\u015f \u0130nsanlar\u0131 Derne\u011fi (T\u00dcS\u0130AD)<\/p>\n\n\n\n<p style=\"font-size:clamp(16.834px, 1.052rem + ((1vw - 3.2px) * 0.716), 26px);\"><strong>KAPADOKYAS\u0130FED KAPADOKYA SANAY\u0130 VE \u0130\u015e D\u00dcNYASI FEDERASYONU<\/strong><\/p>\n\n\n\n<p style=\"font-size:clamp(16.834px, 1.052rem + ((1vw - 3.2px) * 0.716), 26px);\">Anne Baba \u00c7ocuk E\u011fitimcileri Derne\u011fi (AB\u00c7ED)<br>Kapadokya Gen\u00e7 \u0130\u015f \u0130nsanlar\u0131 Derne\u011fi (KAPADOKYAG\u0130AD)<br>Kapadokya K\u00fclt\u00fcr Sanat Medeniyetleri Derne\u011fi (Kapadokya KSMD)<br>Kapadokya Profesyonel \u0130\u015f \u0130nsanlar\u0131 Derne\u011fi (KAP\u0130D)<br>K\u0131r\u015fehir Gen\u00e7 \u0130\u015f \u0130nsanlar\u0131 Derne\u011fi (KIR\u015eEH\u0130RG\u0130AD)<br>Ni\u011fde Gen\u00e7 \u0130\u015f \u0130nsanlar\u0131 Derne\u011fi (Ni\u011fde G\u0130AD)<br>T\u00fcrk Sanayicileri ve \u0130\u015f \u0130nsanlar\u0131 Derne\u011fi (T\u00dcS\u0130AD)<\/p>\n\n\n\n<p style=\"font-size:clamp(16.834px, 1.052rem + ((1vw - 3.2px) * 0.716), 26px);\"><strong>KUZAFED KUZEY ANADOLU \u0130\u015e \u0130NSANLARI DERNEKLER\u0130 FEDERASYONU<\/strong><\/p>\n\n\n\n<p style=\"font-size:clamp(16.834px, 1.052rem + ((1vw - 3.2px) * 0.716), 26px);\">Bat\u0131 Ankara Giri\u015fimci ve Sanayici \u0130\u015f Adamlar\u0131 Derne\u011fi (BAG\u0130AD)<br>\u00c7ank\u0131r\u0131 Gen\u00e7 Giri\u015fimci \u0130\u015f \u0130nsanlar\u0131 Derne\u011fi<br>\u00c7ank\u0131r\u0131 Giri\u015fimci ve Sanayici \u0130\u015f \u0130nsanlar\u0131 Derne\u011fi<br>\u00c7ank\u0131r\u0131l\u0131 Kad\u0131nlar Derne\u011fi<br>TOSY\u00d6V Safranbolu Karab\u00fck Bart\u0131n \u00c7evresi Giri\u015fimci ve Sanayici \u0130\u015f Adamlar\u0131 Destekleme Derne\u011fi<br>T\u00fcrk Sanayicileri ve \u0130\u015f \u0130nsanlar\u0131 Derne\u011fi (T\u00dcS\u0130AD)<\/p>\n\n\n\n<p style=\"font-size:clamp(16.834px, 1.052rem + ((1vw - 3.2px) * 0.716), 26px);\"><strong>MARS\u0130FED MARMARA VE KUZEY ANADOLU SANAY\u0130C\u0130 VE \u0130\u015eADAMLARI DERNEKLER\u0130 FEDERASYONU<\/strong><\/p>\n\n\n\n<p style=\"font-size:clamp(16.834px, 1.052rem + ((1vw - 3.2px) * 0.716), 26px);\">Bili\u015fim Sekt\u00f6r\u00fc \u0130\u015fadamlar\u0131 ve Profesyonelleri Derne\u011fi (B\u0130S\u0130AD)<br>Bursa Gen\u00e7 Sanayici \u0130\u015f \u0130nsanlar\u0131 ve Y\u00f6neticileri Derne\u011fi (GES\u0130AD)<br>Bursa \u0130\u015f Kad\u0131nlar\u0131 ve Y\u00f6neticileri Derne\u011fi (BU\u0130KAD)<br>Bursa Sanayicileri ve \u0130\u015f \u0130nsanlar\u0131 Derne\u011fi (BUS\u0130AD)<br>Eski\u015fehir Sanayici ve \u0130\u015f \u0130nsanlar\u0131 Derne\u011fi (ES\u0130AD)<br>Hasana\u011fa Organize Sanayi B\u00f6lgesi Sanayici ve \u0130\u015fadamlar\u0131 Derne\u011fi (HOSABS\u0130AD)<br>\u0130neg\u00f6l Gen\u00e7 \u0130\u015fadamlar\u0131 Derne\u011fi (G\u0130AD)<br>Nil\u00fcfer Sanayici ve \u0130\u015fadamlar\u0131 Derne\u011fi (N\u0130LS\u0130AD)<br>T\u00fcrk Sanayicileri ve \u0130\u015f \u0130nsanlar\u0131 Derne\u011fi (T\u00dcS\u0130AD)<\/p>\n\n\n\n<p style=\"font-size:clamp(16.834px, 1.052rem + ((1vw - 3.2px) * 0.716), 26px);\"><strong>MEVLANA S\u0130FED MEVLANA SANAY\u0130 VE \u0130\u015e D\u00dcNYASI FEDERASYONU<\/strong><\/p>\n\n\n\n<p style=\"font-size:clamp(16.834px, 1.052rem + ((1vw - 3.2px) * 0.716), 26px);\">Konya Alternatif Uyu\u015fmazl\u0131k \u00c7\u00f6z\u00fcmleri Derne\u011fi<br>Konya Giri\u015fimci \u0130\u015f \u0130nsanlar\u0131 Derne\u011fi<br>Konya \u0130\u015f Kad\u0131nlar\u0131 Derne\u011fi (K\u0130KAD)<br>Konya \u0130\u015f ve Meslek Sahipleri Derne\u011fi<br>Konya Turizm ve \u0130\u015f D\u00fcnyas\u0131n\u0131 Geli\u015ftirme Derne\u011fi<br>T\u00fcrk Sanayicileri ve \u0130\u015f \u0130nsanlar\u0131 Derne\u011fi (T\u00dcS\u0130AD)<\/p>\n\n\n\n<p style=\"font-size:clamp(16.834px, 1.052rem + ((1vw - 3.2px) * 0.716), 26px);\"><strong>MHGF MODA VE HAZIR F\u0130Y\u0130M FEDERASYONU<\/strong><\/p>\n\n\n\n<p style=\"font-size:clamp(16.834px, 1.052rem + ((1vw - 3.2px) * 0.716), 26px);\">Adana Giyim Markalar\u0131 Derne\u011fi (AG\u0130MAD)<br>Ad\u0131yaman Giyim Sanayicileri Derne\u011fi (AGSD)<br>Ankara Giyim Sanayicileri Derne\u011fi (AGSD)<br>\u00c7orap Sanayicileri Derne\u011fi (\u00c7SD)<br>Denizli Nak\u0131\u015f Sanayicileri Derne\u011fi (DENSAD)<br>Denizli Tekstil ve Giyim Sanayicileri Derne\u011fi (DETG\u0130S)<br>Ege Ayakkab\u0131c\u0131 Sanayicileri Derne\u011fi (EGEAYSAD)<br>Ege Deri Sanayicileri Derne\u011fi (EGEDSD)<br>Ege Sanayicileri Derne\u011fi (EGSD)<br>Fatih Giri\u015fimci \u0130\u015fadamlar\u0131 Derne\u011fi (FAG\u0130DER)<br>Gaziantep Fason Terziler Derne\u011fi (GAZ\u0130ANTEP FTD)<br>Gaziantep Nak\u0131\u015f Sanayicileri (GAN\u0130DER)<br>Gaziantep Triko ve Konfeksiyoncular Derne\u011fi (GTKD)<br>Gelincik Sanayicileri ve \u0130hracat\u00e7\u0131lar Derne\u011fi (GES\u0130D)<br>G\u00fcneydo\u011fu Tekstil Sanayi ve \u0130\u015fadamlar\u0131 Derne\u011fi (G\u00dcNT\u0130AD)<br>Haz\u0131r Giyim \u0130hracat\u0131 Geli\u015ftirme Derne\u011fi (H\u0130GE-DER)<br>\u0130stanbul Nak\u0131\u015f Sanayicileri Derne\u011fi (\u0130NSAD)<br>\u0130stanbul Tekstil Kost\u00fcm ve Moda Ara\u015ft\u0131rmalar\u0131 Derne\u011fi (TEMKA)<br>\u0130zmir Moda Tasar\u0131mc\u0131lar\u0131 Derne\u011fi (\u0130MOT)<br>\u0130zmir Nak\u0131\u015f Sanayicileri Derne\u011fi (\u0130NDER)<br>Konfeksiyon Yan Sanayicileri Derne\u011fi (KYSD)<br>Mardin Tekstil ve Giyim Sanayicileri Derne\u011fi (MARG\u0130SAD)<br>Merter Sanayici ve \u0130\u015fadamlar\u0131 Derne\u011fi (MES\u0130AD)<br>Mimar Kemalettin Moda Merkezi Derne\u011fi (MKMODA)<br>Moda Tasar\u0131mc\u0131lar\u0131 Birlik ve Dayan\u0131\u015fma Derne\u011fi (MTB)<br>Moda Tasar\u0131mc\u0131lar\u0131 Derne\u011fi (MTD)<br>MTK Sitesi Sanayici ve \u0130\u015fadamlar\u0131 Derne\u011fi (MTK-S\u0130AD)<br>\u00d6rme Sanayicileri Derne\u011fi (\u00d6RSAD)<br>Penye Konfeksiyon ve \u0130malat Haz\u0131r Giyim Derne\u011fi (PENKON)<br>Tekstil Makine ve Aksesuar Sanayicileri Derne\u011fi (TEMSAD)<\/p>\n\n\n\n<p style=\"font-size:clamp(16.834px, 1.052rem + ((1vw - 3.2px) * 0.716), 26px);\"><strong>ORKAS\u0130FED ORTA KARADEN\u0130Z SANAY\u0130 VE \u0130\u015e D\u00dcNYASI DERNEKLER\u0130 FEDERASYONU<\/strong><\/p>\n\n\n\n<p style=\"font-size:clamp(16.834px, 1.052rem + ((1vw - 3.2px) * 0.716), 26px);\">Amasya \u0130\u015f Adamlar\u0131 Derne\u011fi<br>\u00c7orum \u0130\u015f Kad\u0131nlar\u0131 Derne\u011fi<br>Ladikli Y\u00f6netici, Sanayici ve \u0130\u015f Adamlar\u0131 Derne\u011fi (LAYS\u0130AD)<br>Samsun \u0130\u015f Kad\u0131nlar\u0131 Derne\u011fi (SAM\u0130KAD)<br>Samsun Sanayici ve \u0130\u015fadamlar\u0131 Derne\u011fi (SAMS\u0130AD)<br>Samsun Turizmciler Derne\u011fi (STD)<br>T\u00fcrk Sanayicileri ve \u0130\u015f \u0130nsanlar\u0131 Derne\u011fi (T\u00dcS\u0130AD)<\/p>\n\n\n\n<p style=\"font-size:clamp(16.834px, 1.052rem + ((1vw - 3.2px) * 0.716), 26px);\"><strong>ORS\u0130FED ORTA ANADOLU SANAY\u0130C\u0130 VE \u0130\u015e ADAMLARI FEDERASYONU<\/strong><\/p>\n\n\n\n<p style=\"font-size:clamp(16.834px, 1.052rem + ((1vw - 3.2px) * 0.716), 26px);\">Develi Sanayici ve \u0130\u015fadamlar\u0131 Derne\u011fi (DES\u0130AD)<br>Kad\u0131n \u0130\u015fbirli\u011fini Geli\u015ftirme Derne\u011fi (K\u0130GDER)<br>Kayseri Gen\u00e7 Giri\u015fimciler Derne\u011fi (KGGD)<br>Kayseri Perakendeciler Derne\u011fi (PERDER)<br>Kayseri Sanayici ve \u0130\u015fadamlar\u0131 Derne\u011fi (KAYS\u0130AD)<br>Kayseri Toptan Tedarik\u00e7iler Derne\u011fi<br>Kayseri T\u00fcm Akaryak\u0131t Bayileri Derne\u011fi (KAYPETDER)<br>T\u00fcrk Sanayicileri ve \u0130\u015f \u0130nsanlar\u0131 Derne\u011fi (T\u00dcS\u0130AD)<\/p>\n\n\n\n<p style=\"font-size:clamp(16.834px, 1.052rem + ((1vw - 3.2px) * 0.716), 26px);\"><strong>SEDEFED SEKT\u00d6REL DERNEKLER FEDERASYONU<\/strong><\/p>\n\n\n\n<p style=\"font-size:clamp(16.834px, 1.052rem + ((1vw - 3.2px) * 0.716), 26px);\">A\u00e7\u0131khava ve End\u00fcstriyel Reklamc\u0131lar Derne\u011fi (ARED)<br>A\u011fa\u00e7 \u0130\u015fleme Makine ve Yan Sanayisi \u0130\u015f Adamlar\u0131 Derne\u011fi (A\u0130MSAD)<br>A\u011f\u0131r Y\u00fck Kald\u0131rma ve Ta\u015f\u0131mac\u0131lar Derne\u011fi (AKT)<br>Asans\u00f6r ve Y\u00fcr\u00fcyen Merdiven Sanayicileri Derne\u011fi (AYSAD)<br>Borsaya Kote Ortakl\u0131k Y\u00f6neticileri Derne\u011fi (KOTEDER)<br>Cam Filmi Distrib\u00fct\u00f6rleri ve \u0130thalat\u00e7\u0131lar\u0131 Derne\u011fi (CFD)<br>\u00c7eviri \u0130\u015fletmeleri Derne\u011fi (\u00c7\u0130D)<br>Daha \u0130yi Yarg\u0131 Derne\u011fi<br>D\u0131\u015f Ticarete Y\u00f6n Verenler Derne\u011fi (DI\u015eY\u00d6NDER)<br>Elektrik ve Tesisat M\u00fchendisleri Derne\u011fi (ETMD)<br>End\u00fcstriyel Mutfak, \u00c7ama\u015f\u0131rhane, Servis ve \u0130kram Ekipmanlar\u0131 Sanayicileri ve \u0130\u015fadamlar\u0131 Derne\u011fi (T\u00dcS\u0130D)<br>Enerji Verimlili\u011fi ve Y\u00f6netim Derne\u011fi (EYDDER)<br>Etik ve \u0130tibar Derne\u011fi (TE\u0130D)<br>Gayrimenkul Yat\u0131r\u0131mc\u0131lar\u0131 Derne\u011fi (GYDDER)<br>Gen\u00e7 Y\u00f6netici \u0130\u015f \u0130nsanlar\u0131 Derne\u011fi (GY\u0130AD)<br>Habitat Derne\u011fi<br>Hububat Tedarik\u00e7ileri Derne\u011fi (HUBUDER)<br>\u0130n\u015faat ve Kad\u0131n Derne\u011fi (\u0130VKAD)<br>\u0130skele Kal\u0131p Sanayicileri Derne\u011fi (\u0130KSD)<br>\u0130stanbul Tahkim Derne\u011fi (\u0130STA)<br>Kalite Derne\u011fi (KALDER)<br>Meyve Suyu End\u00fcstrisi Derne\u011fi (MEYED)<br>Otomotiv Distrib\u00fct\u00f6rleri Derne\u011fi<br>Otomotiv Sanayii Derne\u011fi (OSD)<br>Plastik Sanayicileri Derne\u011fi (PAGDER)<br>Profesyonel \u0130\u015f Kad\u0131nlar\u0131 Derne\u011fi<br>\u015earap \u00dcreticileri Derne\u011fi<br>Tedarik Zinciri Y\u00f6netimi Derne\u011fi<br>Teknolojide Kad\u0131n Derne\u011fi (WTECH)<br>T\u00fcrk Sanayicileri ve \u0130\u015f \u0130nsanlar\u0131 Derne\u011fi (T\u00dcS\u0130AD)<br>T\u00fcrkiye \u00c7elik \u00dcreticileri Derne\u011fi (T\u00c7\u00dcD)<br>T\u00fcrkiye Fuar Yap\u0131mc\u0131lar\u0131 Derne\u011fi (TFYD)<br>T\u00fcrkiye Halkla \u0130li\u015fkiler Derne\u011fi (T\u00dcH\u0130D)<br>T\u00fcrkiye \u0130nsan Y\u00f6netimi Derne\u011fi (PERY\u00d6N)<br>T\u00fcrkiye \u0130n\u015faat Malzemesi Sanayicileri Derne\u011fi (T\u00fcrkiye \u0130MSAD)<br>T\u00fcrkiye Kad\u0131n Giri\u015fimciler Derne\u011fi (KAG\u0130DER)<br>T\u00fcrkiye Kimya Sanayicileri Derne\u011fi (TKSD)<br>T\u00fcrkiye Kurumsal Y\u00f6netim Derne\u011fi (TKYD)<br>T\u00fcrkiye Liman \u0130\u015fletmecileri Derne\u011fi (T\u00dcRKL\u0130M)<br>Uluslararas\u0131 Nakliyeciler Derne\u011fi (UND)<br>Yan\u0131nday\u0131z Derne\u011fi (YANINDAYIZ)<br>Yarat\u0131c\u0131 End\u00fcstriler Konseyi Derne\u011fi (YEKON)<br>Yenibirlider Derne\u011fi<br>Y\u00f6netim Dan\u0131\u015fmanlar\u0131 Derne\u011fi (YDD)<br>Y\u00f6netim Kurulunda Kad\u0131n Derne\u011fi (YKKD)<br>Z\u00fcccaciyeciler Derne\u011fi (T\u00dcCDER)<\/p>\n\n\n\n<p style=\"font-size:clamp(16.834px, 1.052rem + ((1vw - 3.2px) * 0.716), 26px);\"><strong>SERHATS\u0130FED SERHAT SANAY\u0130 VE \u0130\u015e D\u00dcNYASI FEDERASYONU<\/strong><\/p>\n\n\n\n<p style=\"font-size:clamp(16.834px, 1.052rem + ((1vw - 3.2px) * 0.716), 26px);\">A\u011fr\u0131 Giri\u015fimi ve Sanayii \u0130\u015fadamlar\u0131 Derne\u011fi (A\u011eS\u0130AD)<br>Do\u011fubayaz\u0131t \u0130\u015fadamlar\u0131 Derne\u011fi (D\u0130AD)<br>I\u011fd\u0131r \u0130\u015f Kad\u0131nlar\u0131 Derne\u011fi<br>I\u011fd\u0131r Usta \u00d6\u011freticiler Derne\u011fi<br>T\u00fcrk Sanayicileri ve \u0130\u015f \u0130nsanlar\u0131 Derne\u011fi (T\u00dcS\u0130AD)<\/p>\n\n\n\n<p style=\"font-size:clamp(16.834px, 1.052rem + ((1vw - 3.2px) * 0.716), 26px);\"><strong>TRAKYAS\u0130FED TRAKYA SANAY\u0130 VE \u0130\u015e D\u00dcNYASI FEDERASYONU<\/strong><\/p>\n\n\n\n<p style=\"font-size:clamp(16.834px, 1.052rem + ((1vw - 3.2px) * 0.716), 26px);\">\u00c7orlu \u0130\u015f \u0130nsanlar\u0131 ve Sanayiiler Derne\u011fi (\u00c7\u0130SAD)<br>Edirne Sanayicileri ve \u0130\u015fadamlar\u0131 Derne\u011fi (EDS\u0130AD)<br>L\u00fcleburgaz Sanayici ve \u0130\u015fadamlar\u0131 Derne\u011fi (L\u00dcS\u0130AD)<br>Silivri Kad\u0131n Giri\u015fimciler Derne\u011fi (SilivriKAG\u0130D)<br>Silivri Sanayii ve \u0130\u015fadamlar\u0131 Derne\u011fi (S\u0130L\u0130VR\u0130 S\u0130AD)<br>T\u00fcrk Sanayicileri ve \u0130\u015f \u0130nsanlar\u0131 Derne\u011fi (T\u00dcS\u0130AD)<\/p>\n\n\n\n<p style=\"font-size:clamp(16.834px, 1.052rem + ((1vw - 3.2px) * 0.716), 26px);\"><strong>Y\u00dcF YAPI \u00dcR\u00dcNLER\u0130 \u00dcRET\u0130C\u0130LER\u0130 FEDERASYONU<\/strong><\/p>\n\n\n\n<p style=\"font-size:clamp(16.834px, 1.052rem + ((1vw - 3.2px) * 0.716), 26px);\">Agrero \u00dcreticileri Birli\u011fi (AG\u00dcB)<br>Beton ve Har\u00e7 Kimyasal Katk\u0131 Maddeleri \u00dcreticileri Birli\u011fi (K\u00dcB)<br>Kire\u00e7 Sanayicileri Derne\u011fi (K\u0130SAD)<br>T\u00fcrkiye \u00c7imento Sanayicileri Birli\u011fi (T\u00fcrk\u00c7imento)<br>T\u00fcrkiye Haz\u0131r Beton Birli\u011fi (THBB)<br>T\u00fcrkiye Prefabrik Birli\u011fi (TPB)<\/p>\n\n\n\n<p style=\"font-size:clamp(16.834px, 1.052rem + ((1vw - 3.2px) * 0.716), 26px);\"><strong>ZAFERS\u0130FED ZAFER SANAY\u0130 VE \u0130\u015e D\u00dcNYASI FEDERASYONU<\/strong><\/p>\n\n\n\n<p style=\"font-size:clamp(16.834px, 1.052rem + ((1vw - 3.2px) * 0.716), 26px);\">K\u00fctahya Giri\u015fim ve \u0130\u015f D\u00fcnyas\u0131 Derne\u011fi (K\u00dcG\u0130D)<br>K\u00fctahya Giri\u015fimci ve Sanat\u00e7\u0131 Kad\u0131nlar Derne\u011fi (K\u00dcG\u0130KAD)<br>K\u00fctahya \u0130\u015f Kad\u0131nlar\u0131 Derne\u011fi (K\u0130KDER)<br>K\u00fctahya Organize Sanayi B\u00f6lgeleri \u0130\u015f \u0130nsanlar\u0131 Derne\u011fi (KOSB\u0130AD)<br>T\u00fcrk Sanayicileri ve \u0130\u015f \u0130nsanlar\u0131 Derne\u011fi (T\u00dcS\u0130AD)<\/p>\n","protected":false},"excerpt":{"rendered":"<p>T\u00dcS\u0130AD\u2019\u0131n Cephe \u00d6rg\u00fctlenmesi: T\u00dcRKKONFED T\u00fcrk Giri\u015fim ve \u0130\u015f D\u00fcnyas\u0131 Konfederasyonu May\u0131s 2026 Derleyen: Eyl\u00fcl Deniz G\u00fcn\u00fcm\u00fczde en \u00f6nemli kapitalist \u00f6rg\u00fctlenmelerinden biri, T\u00fcrk Giri\u015fim ve \u0130\u015f D\u00fcnyas\u0131 Konfederasyonu T\u00dcRKKONFED\u2019dir. T\u00dcRKKONFED,&nbsp;26 b\u00f6lgesel ve 4 sekt\u00f6rel federasyondan olu\u015fmaktad\u0131r. Bu federasyonlara ba\u011fl\u0131 dernek say\u0131s\u0131 331\u2019dir. Bu derneklerde&nbsp;60 bini a\u015fk\u0131n \u015firket&nbsp;\u00f6rg\u00fctl\u00fcd\u00fcr. T\u00dcRKKONFED\u2019e ba\u011fl\u0131 federasyonlara \u00fcye i\u015fveren dernekleri \u00fclkenin hemen hemen [&hellip;]<\/p>\n","protected":false},"author":1,"featured_media":0,"comment_status":"open","ping_status":"open","sticky":false,"template":"","format":"standard","meta":{"_monsterinsights_skip_tracking":false,"_monsterinsights_sitenote_active":false,"_monsterinsights_sitenote_note":"","_monsterinsights_sitenote_category":0,"footnotes":""},"categories":[4,53],"tags":[],"class_list":["post-6590","post","type-post","status-publish","format-standard","hentry","category-turkiye-sosyalizmi","category-turkiye-sosyalizmi-tr"],"blocksy_meta":[],"_links":{"self":[{"href":"https:\/\/marksizm.org.tr\/index.php?rest_route=\/wp\/v2\/posts\/6590","targetHints":{"allow":["GET"]}}],"collection":[{"href":"https:\/\/marksizm.org.tr\/index.php?rest_route=\/wp\/v2\/posts"}],"about":[{"href":"https:\/\/marksizm.org.tr\/index.php?rest_route=\/wp\/v2\/types\/post"}],"author":[{"embeddable":true,"href":"https:\/\/marksizm.org.tr\/index.php?rest_route=\/wp\/v2\/users\/1"}],"replies":[{"embeddable":true,"href":"https:\/\/marksizm.org.tr\/index.php?rest_route=%2Fwp%2Fv2%2Fcomments&post=6590"}],"version-history":[{"count":1,"href":"https:\/\/marksizm.org.tr\/index.php?rest_route=\/wp\/v2\/posts\/6590\/revisions"}],"predecessor-version":[{"id":6591,"href":"https:\/\/marksizm.org.tr\/index.php?rest_route=\/wp\/v2\/posts\/6590\/revisions\/6591"}],"wp:attachment":[{"href":"https:\/\/marksizm.org.tr\/index.php?rest_route=%2Fwp%2Fv2%2Fmedia&parent=6590"}],"wp:term":[{"taxonomy":"category","embeddable":true,"href":"https:\/\/marksizm.org.tr\/index.php?rest_route=%2Fwp%2Fv2%2Fcategories&post=6590"},{"taxonomy":"post_tag","embeddable":true,"href":"https:\/\/marksizm.org.tr\/index.php?rest_route=%2Fwp%2Fv2%2Ftags&post=6590"}],"curies":[{"name":"wp","href":"https:\/\/api.w.org\/{rel}","templated":true}]}}