{"id":6602,"date":"2026-07-03T20:30:50","date_gmt":"2026-07-03T20:30:50","guid":{"rendered":"https:\/\/marksizm.org.tr\/?p=6602"},"modified":"2026-07-03T20:30:51","modified_gmt":"2026-07-03T20:30:51","slug":"israil-turkiye-erdogan-neden-israili-yok-etme-duasi-yapti","status":"publish","type":"post","link":"https:\/\/marksizm.org.tr\/?p=6602","title":{"rendered":"\u0130srail-T\u00fcrkiye: Erdo\u011fan Neden \u0130srail\u2019i Yok Etme Duas\u0131 Yapt\u0131"},"content":{"rendered":"\n<h1 class=\"wp-block-heading\"><strong>\u0130srail-T\u00fcrkiye: Erdo\u011fan Neden \u0130srail\u2019i Yok Etme Duas\u0131 Yapt\u0131<\/strong><\/h1>\n\n\n\n<p><\/p>\n\n\n\n<h4 class=\"wp-block-heading\"><strong>Kemal Okur<\/strong>, <strong>Haziran 2026<\/strong><\/h4>\n\n\n\n<figure class=\"wp-block-image aligncenter size-large\"><img loading=\"lazy\" decoding=\"async\" width=\"1024\" height=\"682\" src=\"https:\/\/marksizm.org.tr\/wp-content\/uploads\/2026\/07\/turkiyeisrail-1024x682.jpg\" alt=\"\" class=\"wp-image-6603\" srcset=\"https:\/\/marksizm.org.tr\/wp-content\/uploads\/2026\/07\/turkiyeisrail-1024x682.jpg 1024w, https:\/\/marksizm.org.tr\/wp-content\/uploads\/2026\/07\/turkiyeisrail-300x200.jpg 300w, https:\/\/marksizm.org.tr\/wp-content\/uploads\/2026\/07\/turkiyeisrail-768x512.jpg 768w, https:\/\/marksizm.org.tr\/wp-content\/uploads\/2026\/07\/turkiyeisrail.jpg 1195w\" sizes=\"auto, (max-width: 1024px) 100vw, 1024px\" \/><\/figure>\n\n\n\n<p style=\"font-size:clamp(16.834px, 1.052rem + ((1vw - 3.2px) * 0.716), 26px);\"><strong>D\u00fcnyay\u0131 Sarsan Bir Beddua<\/strong><\/p>\n\n\n\n<p style=\"font-size:clamp(16.834px, 1.052rem + ((1vw - 3.2px) * 0.716), 26px);\">Haziran 2026&#8217;da uluslararas\u0131 kamuoyunu sarsan bir haber yay\u0131ld\u0131: T\u00fcrkiye Cumhurba\u015fkan\u0131 Recep Tayyip Erdo\u011fan, halka a\u00e7\u0131k bir dini etkinlikte&nbsp;<strong>&#8220;\u0130srail&#8217;in yok edilmesi&#8221;<\/strong>&nbsp;i\u00e7in dua etti. \u0130srail Ba\u015fbakan\u0131 Netanyahu, kabine toplant\u0131s\u0131nda derhal yan\u0131t verdi:&nbsp;<strong>&#8220;Erdo\u011fan neredeyse her g\u00fcn \u0130srail&#8217;in yok edilmesi \u00e7a\u011fr\u0131s\u0131nda bulunuyor. S\u00f6zlerini \u00e7ok ciddiye al\u0131yoruz \u00e7\u00fcnk\u00fc ulusal tarihimizden \u00f6\u011frendi\u011fimiz en \u00f6nemli derslerden biri, birisi sizi yok etmek istedi\u011fini s\u00f6yledi\u011finde bunu asla hafife almaman\u0131z gerekti\u011fidir.&#8221;<\/strong>&nbsp;Netanyahu ayr\u0131ca \u0130srail&#8217;in &#8220;Amerika Birle\u015fik Devletleri&#8217;nden bu meseleye ilgi g\u00f6stermesini isteyece\u011fini&#8221; belirtti.<\/p>\n\n\n\n<p style=\"font-size:clamp(16.834px, 1.052rem + ((1vw - 3.2px) * 0.716), 26px);\">Eski \u0130srail Ba\u015fbakan\u0131 Naftali Bennett daha da ileri giderek uyar\u0131da bulundu:&nbsp;<strong>&#8220;T\u00fcrkiye yeni bir tehdit olu\u015fturuyor. Sizi uyar\u0131yorum: T\u00fcrkiye bir sonraki \u0130ran&#8217;d\u0131r. T\u00fcrkiye Cumhurba\u015fkan\u0131 Erdo\u011fan, \u0130srail&#8217;i ku\u015fatmaya \u00e7al\u0131\u015fan deneyimli ve tehlikeli bir has\u0131md\u0131r.&#8221;<\/strong><\/p>\n\n\n\n<p style=\"font-size:clamp(16.834px, 1.052rem + ((1vw - 3.2px) * 0.716), 26px);\">Bu ay\u0131n ba\u015flar\u0131nda, T\u00fcrkiye \u0130\u00e7i\u015fleri Bakan\u0131 &#8220;Kud\u00fcs&#8217;\u00fcn kurtar\u0131lmas\u0131&#8221; \u00e7a\u011fr\u0131s\u0131nda bulundu. Bu arada \u0130srail kabinesi, Osmanl\u0131 \u0130mparatorlu\u011fu&#8217;nun I. D\u00fcnya Sava\u015f\u0131 s\u0131ras\u0131nda Ermenilere y\u00f6nelik katliam\u0131n\u0131 &#8220;soyk\u0131r\u0131m&#8221; olarak tan\u0131yan bir karar\u0131 onaylad\u0131 ve bu durum, T\u00fcrk D\u0131\u015fi\u015fleri Bakanl\u0131\u011f\u0131&#8217;n\u0131n, bunu &#8220;Gazze \u015eeridi&#8217;ndeki Filistinlilere kar\u015f\u0131 i\u015fledi\u011fi su\u00e7lar\u0131 \u00f6rtbas etme&#8221; amac\u0131 ta\u015f\u0131yan &#8220;siyasi manip\u00fclasyon&#8221; olarak yalanlamas\u0131na yol a\u00e7t\u0131.<\/p>\n\n\n\n<p style=\"font-size:clamp(16.834px, 1.052rem + ((1vw - 3.2px) * 0.716), 26px);\">Erdo\u011fan neden \u0130srail&#8217;e kar\u015f\u0131 bu kadar \u015fiddetli bir d\u00fc\u015fmanl\u0131k sergiliyor? &#8220;\u0130srail&#8217;i yok etme&#8221; \u00e7a\u011fr\u0131s\u0131n\u0131n ard\u0131nda hangi derin yatan mant\u0131k var? Bu makale, tarihsel k\u0131zg\u0131nl\u0131klar, ideoloji, i\u00e7 siyaset, jeostrateji ve yak\u0131n tarihli tetikleyiciler gibi \u00e7ok boyutlu bir perspektiften bu konuyu sistematik olarak analiz edecektir.<\/p>\n\n\n\n<p style=\"font-size:clamp(16.834px, 1.052rem + ((1vw - 3.2px) * 0.716), 26px);\"><strong>Tarihsel K\u0131zg\u0131nl\u0131klar: Stratejik Ortakl\u0131ktan aUzla\u015fmaz D\u00fc\u015fmanl\u0131\u011fa<\/strong><\/p>\n\n\n\n<p style=\"font-size:clamp(16.834px, 1.052rem + ((1vw - 3.2px) * 0.716), 26px);\"><strong>\u0130srail Eski Stratejik Ortak<\/strong><\/p>\n\n\n\n<p style=\"font-size:clamp(16.834px, 1.052rem + ((1vw - 3.2px) * 0.716), 26px);\">\u0130srail ve T\u00fcrkiye, Orta Do\u011fu&#8217;da bir zamanlar Arap olmayan az say\u0131daki m\u00fcttefikten ikisiydi. \u0130ki \u00fclke siyasi, g\u00fcvenlik ve ekonomik alanlarda yak\u0131n ili\u015fkiler s\u00fcrd\u00fcr\u00fcyordu. Orta Do\u011fu&#8217;daki Arap olmayan iki \u00fclke olarak T\u00fcrkiye ve \u0130srail, So\u011fuk Sava\u015f d\u00f6neminde Arap d\u00fcnyas\u0131ndan gelen bask\u0131yla ba\u015fa \u00e7\u0131kmak i\u00e7in bir araya gelmi\u015f ve derin bir askeri ve istihbarat i\u015fbirli\u011fi ili\u015fkisi tesis etmi\u015fti.<\/p>\n\n\n\n<p style=\"font-size:clamp(16.834px, 1.052rem + ((1vw - 3.2px) * 0.716), 26px);\">Ancak bu &#8220;balay\u0131 d\u00f6nemi&#8221;, Erdo\u011fan ve Adalet ve Kalk\u0131nma Partisi&#8217;nin iktidara gelmesiyle birlikte giderek da\u011f\u0131ld\u0131.<\/p>\n\n\n\n<p style=\"font-size:clamp(16.834px, 1.052rem + ((1vw - 3.2px) * 0.716), 26px);\"><strong>\u0130li\u015fkilerin Bozulmas\u0131ndaki Kilit Noktalar<\/strong><\/p>\n\n\n\n<p style=\"font-size:clamp(16.834px, 1.052rem + ((1vw - 3.2px) * 0.716), 26px);\">\u00d6zerk Barcelona \u00dcniversitesi&#8217;nden Profes\u00f6r \u00c9douard Solaire Lecha, T\u00fcrk-\u0130srail ili\u015fkilerindeki bozulman\u0131n ba\u015flang\u0131c\u0131n\u0131 27 Aral\u0131k 2008 tarihine dayand\u0131r\u0131yor. O g\u00fcn \u0130srail, Erdo\u011fan \u0130srail ile Suriye aras\u0131nda bir bar\u0131\u015f anla\u015fmas\u0131 sa\u011flamak i\u00e7in arabuluculuk yaparken kendisine \u00f6nceden haber vermeksizin Gazze \u015eeridi&#8217;ne y\u00f6nelik b\u00fcy\u00fck \u00e7apl\u0131 bir sald\u0131r\u0131 olan D\u00f6kme Kur\u015fun Operasyonu&#8217;nu ba\u015flatt\u0131. Bu diplomatik a\u015fa\u011f\u0131lanma, Erdo\u011fan&#8217;\u0131n \u0130srail&#8217;e kar\u015f\u0131 tavr\u0131nda bir d\u00f6n\u00fcm noktas\u0131 oldu.<\/p>\n\n\n\n<p style=\"font-size:clamp(16.834px, 1.052rem + ((1vw - 3.2px) * 0.716), 26px);\">2010 y\u0131l\u0131nda \u0130srail g\u00fc\u00e7leri, \u0130srail ablukas\u0131 alt\u0131ndaki Gazze \u015eeridi&#8217;ne yard\u0131m malzemeleri ta\u015f\u0131yan T\u00fcrk yard\u0131m gemisi Mavi Marmara&#8217;ya m\u00fcdahale ederek 10 T\u00fcrk vatanda\u015f\u0131n\u0131n \u00f6l\u00fcm\u00fcne neden oldu. T\u00fcrkiye bunun \u00fczerine \u0130srail b\u00fcy\u00fckel\u00e7isini s\u0131n\u0131r d\u0131\u015f\u0131 etti ve iki \u00fclke aras\u0131ndaki ili\u015fkiler dibe vurdu.<\/p>\n\n\n\n<p style=\"font-size:clamp(16.834px, 1.052rem + ((1vw - 3.2px) * 0.716), 26px);\">2018 y\u0131l\u0131nda, \u0130srail-Filistin \u00e7at\u0131\u015fmas\u0131 t\u0131rman\u0131rken ve \u0130srail g\u00fc\u00e7leri Gazze \u015eeridi&#8217;nde \u00e7ok say\u0131da Filistinlinin \u00f6l\u00fcm\u00fcne yol a\u00e7\u0131nca, T\u00fcrkiye \u0130srail nezdindeki b\u00fcy\u00fckel\u00e7isini geri \u00e7a\u011f\u0131rd\u0131 ve \u0130srail b\u00fcy\u00fckel\u00e7isini s\u0131n\u0131r d\u0131\u015f\u0131 etti.<\/p>\n\n\n\n<p style=\"font-size:clamp(16.834px, 1.052rem + ((1vw - 3.2px) * 0.716), 26px);\">A\u011fustos 2022&#8217;de iki \u00fclke k\u0131sa s\u00fcreli\u011fine diplomatik ili\u015fkilerin yeniden tesis edildi\u011fini duyurdu. Ancak El Kassam Tugaylar\u0131 ile birlikte 7 Ekim 2023&#8217;te yeni bir \u0130srail-Filistin \u00e7at\u0131\u015fmas\u0131 patlak verdikten sonra ili\u015fkiler yeniden sert bir \u015fekilde bozuldu. Kas\u0131m 2023&#8217;te T\u00fcrkiye, \u0130srail nezdindeki b\u00fcy\u00fckel\u00e7isini geri \u00e7ekti. May\u0131s 2024&#8217;te T\u00fcrkiye, \u0130srail ile t\u00fcm ithalat ve ihracat ticaretini durdurdu\u011funu a\u00e7\u0131klad\u0131. Kas\u0131m 2024&#8217;te Erdo\u011fan, &#8220;T\u00fcrkiye&#8217;nin \u0130srail ile ili\u015fkilerini kesti\u011fini&#8221; a\u00e7\u0131k\u00e7a ifade etti.<\/p>\n\n\n\n<p style=\"font-size:clamp(16.834px, 1.052rem + ((1vw - 3.2px) * 0.716), 26px);\"><strong>Tam &#8220;Kopu\u015f&#8221;<\/strong><\/p>\n\n\n\n<p style=\"font-size:clamp(16.834px, 1.052rem + ((1vw - 3.2px) * 0.716), 26px);\">2025 y\u0131l\u0131na girildi\u011finde, T\u00fcrkiye \u0130srail \u00fczerindeki bask\u0131s\u0131n\u0131 daha da art\u0131rd\u0131. A\u011fustos 2025&#8217;te T\u00fcrk D\u0131\u015fi\u015fleri Bakan\u0131 Fidan, T\u00fcrkiye&#8217;nin \u0130srail ile ticari ba\u011flar\u0131n\u0131 tamamen kesti\u011fini, \u0130srail gemilerinin T\u00fcrk limanlar\u0131n\u0131 kullanmas\u0131n\u0131 yasaklad\u0131\u011f\u0131n\u0131, T\u00fcrk gemilerinin \u0130srail limanlar\u0131na sefer yapmas\u0131n\u0131 yasaklad\u0131\u011f\u0131n\u0131 ve hava sahas\u0131n\u0131 \u0130srail&#8217;e kapatt\u0131\u011f\u0131n\u0131 duyurdu. T\u00fcrkiye ayr\u0131ca \u0130srail ile ilgili deniz ta\u015f\u0131mac\u0131l\u0131\u011f\u0131na kapsaml\u0131 k\u0131s\u0131tlamalar getirdi\u2014\u0130srail bayrakl\u0131 veya \u0130srail \u015firketlerine ait gemilerin T\u00fcrk limanlar\u0131na giri\u015fi yasakland\u0131. Fedan, &#8220;\u0130srail&#8217;e silah ve m\u00fchimmat ta\u015f\u0131yan konteyner gemileri limanlar\u0131m\u0131za giremez&#8221; ifadesini a\u00e7\u0131k\u00e7a kulland\u0131.<\/p>\n\n\n\n<p style=\"font-size:clamp(16.834px, 1.052rem + ((1vw - 3.2px) * 0.716), 26px);\">Eski stratejik ortaklardan bug\u00fcn\u00fcn tam &#8220;kopu\u015funa&#8221; ve a\u00e7\u0131k d\u00fc\u015fmanl\u0131\u011f\u0131na, T\u00fcrkiye ile \u0130srail aras\u0131ndaki ili\u015fki, Erdo\u011fan&#8217;\u0131n 20 y\u0131l\u0131 a\u015fk\u0131n iktidar\u0131 boyunca &#8220;yak\u0131n dost&#8221;tan &#8220;kanl\u0131 d\u00fc\u015fman&#8221;a do\u011fru tam bir d\u00f6n\u00fc\u015f\u00fcm ge\u00e7irdi.<\/p>\n\n\n\n<p style=\"font-size:clamp(16.834px, 1.052rem + ((1vw - 3.2px) * 0.716), 26px);\"><strong>\u0130deoloji: Yeni-Osmanl\u0131c\u0131l\u0131k ve \u0130slami H\u00e2kimiyet<\/strong><\/p>\n\n\n\n<p style=\"font-size:clamp(16.834px, 1.052rem + ((1vw - 3.2px) * 0.716), 26px);\"><strong>Yeni-Osmanl\u0131c\u0131l\u0131\u011f\u0131n Siyasi Alt Katmanlar\u0131<\/strong><\/p>\n\n\n\n<p style=\"font-size:clamp(16.834px, 1.052rem + ((1vw - 3.2px) * 0.716), 26px);\">Erdo\u011fan&#8217;\u0131n \u0130srail&#8217;e kar\u015f\u0131 tavr\u0131n\u0131 anlamak i\u00e7in \u00f6ncelikle onun arkas\u0131ndaki ideolojiyi anlamak gerekir.<\/p>\n\n\n\n<p style=\"font-size:clamp(16.834px, 1.052rem + ((1vw - 3.2px) * 0.716), 26px);\">Erdo\u011fan 20 y\u0131l\u0131 a\u015fk\u0131n s\u00fcredir T\u00fcrkiye&#8217;de iktidardad\u0131r ve siyasi ideolojisinin temel unsurlar\u0131ndan biri Yeni-Osmanl\u0131c\u0131l\u0131kt\u0131r\u2014bu, belirli bir \u00f6l\u00e7\u00fcde, T\u00fcrkiye&#8217;nin Osmanl\u0131 \u0130mparatorlu\u011fu d\u00f6neminde \u0130slam d\u00fcnyas\u0131n\u0131n lideri olmas\u0131na ili\u015fkin tarihsel haf\u0131zas\u0131n\u0131n yeniden vurgulanmas\u0131d\u0131r. Bu anlat\u0131 \u00e7er\u00e7evesinde T\u00fcrkiye, yaln\u0131zca modern bir ulus-devlet de\u011fil, ayn\u0131 zamanda t\u00fcm \u0130slam d\u00fcnyas\u0131n\u0131n &#8220;do\u011fal lideri&#8221;dir.<\/p>\n\n\n\n<p style=\"font-size:clamp(16.834px, 1.052rem + ((1vw - 3.2px) * 0.716), 26px);\">\u0130srail&#8217;in yokolmas\u0131, Erdo\u011fan&#8217;\u0131n Yeni-Osmanl\u0131c\u0131 anlat\u0131s\u0131nda \u00f6zel bir sembolik \u00f6neme sahiptir. Eski Osmanl\u0131 topraklar\u0131 \u00fczerinde kurulan \u0130srail, hem Osmanl\u0131 \u0130mparatorlu\u011fu&#8217;nun gerileyi\u015fine ve \u00e7\u00f6k\u00fc\u015f\u00fcne tan\u0131kl\u0131k eder hem de \u0130slam d\u00fcnyas\u0131n\u0131n modern \u00e7a\u011fda u\u011frad\u0131\u011f\u0131 a\u015fa\u011f\u0131lanmay\u0131 simgeler. Erdo\u011fan i\u00e7in \u0130srail&#8217;e meydan okumak, yaln\u0131zca diplomatik bir oyun de\u011fil, ayn\u0131 zamanda tarihsel adaletin pe\u015finden ko\u015fmak ve imparatorluk ihti\u015fam\u0131n\u0131 yeniden canland\u0131rma \u00e7abas\u0131d\u0131r.<\/p>\n\n\n\n<p style=\"font-size:clamp(16.834px, 1.052rem + ((1vw - 3.2px) * 0.716), 26px);\"><strong>Filistin Meselesinin Sembolik Anlam\u0131<\/strong><\/p>\n\n\n\n<p style=\"font-size:clamp(16.834px, 1.052rem + ((1vw - 3.2px) * 0.716), 26px);\">Filistin meselesi, Yeni-Osmanl\u0131c\u0131l\u0131k \u00e7er\u00e7evesinde \u00f6zel bir sembolik \u00f6neme sahiptir\u2014uzun zamand\u0131r \u0130slam d\u00fcnyas\u0131n\u0131n kolektif duygusal odak noktas\u0131 olmu\u015f ve ayn\u0131 zamanda T\u00fcrkiye&#8217;nin di\u011fer Orta Do\u011fu \u00fclkelerinden ayr\u0131\u015fmas\u0131n\u0131 ve ahlaki liderlik vasf\u0131n\u0131 g\u00f6stermesini sa\u011flayan siyasi sermayeyi temsil etmektedir.<\/p>\n\n\n\n<p style=\"font-size:clamp(16.834px, 1.052rem + ((1vw - 3.2px) * 0.716), 26px);\">Devam eden Gazze \u00e7at\u0131\u015fmas\u0131 s\u0131ras\u0131nda Erdo\u011fan kendisini Filistin davas\u0131n\u0131n en kararl\u0131 savunucusu olarak konumland\u0131rd\u0131. \u0130srail&#8217;i &#8220;nefretin y\u00f6nlendirdi\u011fi bir soyk\u0131r\u0131m a\u011f\u0131&#8221; olarak nitelendirdi, \u0130srail&#8217;i Gazze&#8217;de &#8220;a\u00e7\u0131k bir soyk\u0131r\u0131m&#8221; yapmakla su\u00e7lad\u0131 ve &#8220;Gazze&#8217;den gelen foto\u011fraflar\u0131n, Nazi toplama kamplar\u0131ndakilerden daha k\u00f6t\u00fc ve daha insanl\u0131k d\u0131\u015f\u0131 oldu\u011funu&#8221; iddia etti. Ayr\u0131ca Bat\u0131l\u0131 \u00fclkeleri \u0130srail&#8217;e &#8220;siyasi s\u0131\u011f\u0131nak&#8221; sa\u011flamakla defalarca su\u00e7lad\u0131.<\/p>\n\n\n\n<p style=\"font-size:clamp(16.834px, 1.052rem + ((1vw - 3.2px) * 0.716), 26px);\">\u0130srail&#8217;in M\u00fcsl\u00fcmanlar\u0131n Mescid-i Aksa&#8217;da namaz k\u0131lmas\u0131n\u0131 yasaklama karar\u0131na yan\u0131t olarak Erdo\u011fan, 1967&#8217;den bu yana ilk kez Mescid-i Aksa&#8217;da bayram namaz\u0131n\u0131n engellendi\u011fini ve bunun 2 milyar M\u00fcsl\u00fcman\u0131n inanc\u0131na y\u00f6nelik &#8220;uygar olmayan&#8221; bir sald\u0131r\u0131 oldu\u011funu belirtti.<\/p>\n\n\n\n<p style=\"font-size:clamp(16.834px, 1.052rem + ((1vw - 3.2px) * 0.716), 26px);\"><strong>Bir &#8220;\u0130slami Eksen&#8221; \u0130n\u015fa Etme \u00c7abas\u0131<\/strong><\/p>\n\n\n\n<p style=\"font-size:clamp(16.834px, 1.052rem + ((1vw - 3.2px) * 0.716), 26px);\">\u0130srail merkezli bir politika ara\u015ft\u0131rma kurulu\u015fu olan Kud\u00fcs G\u00fcvenlik ve Diplomasi Merkezi&#8217;nin 2024 tarihli bir raporu, T\u00fcrkiye&#8217;nin \u0130srail&#8217;in etkisine kar\u015f\u0131 koymak i\u00e7in &#8220;S\u00fcnni \u00dclkeler Birle\u015fik Cephesi&#8221;ni alenen \u00f6nerdi\u011fine ve bir dizi sert a\u00e7\u0131klamayla kendisini &#8220;\u0130slam d\u00fcnyas\u0131n\u0131n temsilcisi&#8221; olarak konumland\u0131rd\u0131\u011f\u0131na dikkat \u00e7ekti.<\/p>\n\n\n\n<p style=\"font-size:clamp(16.834px, 1.052rem + ((1vw - 3.2px) * 0.716), 26px);\">T\u00fcrkiye, M\u0131s\u0131r ve Suudi Arabistan gibi &#8220;geleneksel rakipleriyle&#8221; ili\u015fkilerini aktif olarak onar\u0131yor ve &#8220;\u0130srail kar\u015f\u0131t\u0131 etki&#8221; a\u011f\u0131 in\u015fa ediyor. \u0130svi\u00e7re gazetesi Neue Z\u00fcrcher Zeitung&#8217;un analizine g\u00f6re, T\u00fcrkiye ile Katar aras\u0131nda yeni bir &#8220;eksen&#8221; olu\u015fuyor gibi g\u00f6r\u00fcn\u00fcyor\u2014Katar finansal sa\u011flay\u0131c\u0131, T\u00fcrkiye ise askeri \u00f6nc\u00fc konumunda.<\/p>\n\n\n\n<p style=\"font-size:clamp(16.834px, 1.052rem + ((1vw - 3.2px) * 0.716), 26px);\">Bu ideolojinin etkisiyle Erdo\u011fan&#8217;\u0131n \u0130srail&#8217;e y\u00f6nelik d\u00fc\u015fmanl\u0131\u011f\u0131 anl\u0131k bir hevesten ibaret de\u011fil, b\u00fct\u00fcnc\u00fcl bir stratejik anlat\u0131n\u0131n ka\u00e7\u0131n\u0131lmaz bir uzant\u0131s\u0131d\u0131r. \u0130srail yaln\u0131zca jeopolitik bir rakip de\u011fil, ayn\u0131 zamanda Erdo\u011fan&#8217;\u0131n &#8220;Yeni-Osmanl\u0131&#8221; kimli\u011fini in\u015fa etme yolunda a\u015fmas\u0131 gereken bir engeldir.<\/p>\n\n\n\n<p style=\"font-size:clamp(16.834px, 1.052rem + ((1vw - 3.2px) * 0.716), 26px);\"><strong>T\u00fcrkiye \u0130\u00e7 Siyaseti: Ekonomik Darbo\u011faz ve Milliyet\u00e7i Seferberlik<\/strong><\/p>\n\n\n\n<p style=\"font-size:clamp(16.834px, 1.052rem + ((1vw - 3.2px) * 0.716), 26px);\"><strong>T\u00fcrkiye&#8217;nin K\u00f6t\u00fcle\u015fen Ekonomik Durumu<\/strong><\/p>\n\n\n\n<p style=\"font-size:clamp(16.834px, 1.052rem + ((1vw - 3.2px) * 0.716), 26px);\">\u0130deolojinin \u00f6tesinde, i\u00e7 siyasi bask\u0131, Erdo\u011fan&#8217;\u0131n \u0130srail&#8217;e y\u00f6nelik sert tutumunu y\u00f6nlendiren bir di\u011fer kilit nedendir.<\/p>\n\n\n\n<p style=\"font-size:clamp(16.834px, 1.052rem + ((1vw - 3.2px) * 0.716), 26px);\">Son y\u0131llarda T\u00fcrk ekonomisi s\u00fcrekli bask\u0131 alt\u0131ndad\u0131r. Y\u00fcksek enflasyon, de\u011fer kaybeden lira ve yayg\u0131n yoksulluk \u00fclkeyi sarm\u0131\u015f durumda. Haziran 2026&#8217;da liran\u0131n dolar kar\u015f\u0131s\u0131ndaki kuru 13&#8217;\u00fcn alt\u0131na gerileyerek tek g\u00fcnde %15 de\u011fer kaybetti. Sadece \u00fc\u00e7 ay i\u00e7inde lira neredeyse yar\u0131 yar\u0131ya de\u011fer yitirdi. Y\u0131ll\u0131k enflasyon %20&#8217;nin \u00fczerine f\u0131rlad\u0131. Erdo\u011fan&#8217;\u0131n merkez bankas\u0131na faiz indirtme bask\u0131s\u0131 devam etse de ekonomik s\u0131k\u0131nt\u0131 hafiflemedi.<\/p>\n\n\n\n<p style=\"font-size:clamp(16.834px, 1.052rem + ((1vw - 3.2px) * 0.716), 26px);\"><strong>Milliyet\u00e7i Duygular\u0131n Siyasi \u0130\u015flevleri<\/strong><\/p>\n\n\n\n<p style=\"font-size:clamp(16.834px, 1.052rem + ((1vw - 3.2px) * 0.716), 26px);\">Ekonomik zorluklarla kar\u015f\u0131 kar\u015f\u0131ya kalan y\u00f6neticiler, i\u00e7 \u00e7at\u0131\u015fmalar\u0131 ba\u015fka y\u00f6ne y\u00f6nlendirmek ve halk deste\u011fini toplamak i\u00e7in s\u0131kl\u0131kla d\u0131\u015f d\u00fc\u015fmanlar bulmak zorundad\u0131r. Bir analiste g\u00f6re: &#8220;T\u00fcrkiye&#8217;nin ekonomisi berbat durumda, lira \u00e7ak\u0131l\u0131yor, enflasyon f\u0131rl\u0131yor ve ABD h\u00e2l\u00e2 ekonomik yapt\u0131r\u0131mlar uyguluyor. Erdo\u011fan&#8217;\u0131n neye ihtiyac\u0131 var? Milliyet\u00e7i duygular\u0131 k\u00f6r\u00fckleyecek bir d\u0131\u015f d\u00fc\u015fmana ihtiyac\u0131 var. \u0130srail&#8217;e kar\u015f\u0131 \u00e7\u0131kmak en ucuz se\u00e7enek\u2014ne para gerekir ne askeri m\u00fcdahale, sadece s\u00f6zler yeterli.&#8221;<\/p>\n\n\n\n<p style=\"font-size:clamp(16.834px, 1.052rem + ((1vw - 3.2px) * 0.716), 26px);\">Bu, yaln\u0131zca Erdo\u011fan&#8217;a \u00f6zg\u00fc bir strateji de\u011fildir. Uluslararas\u0131 siyasette i\u00e7 birli\u011fi sa\u011flamak i\u00e7in &#8220;d\u0131\u015f d\u00fc\u015fman yaratmak&#8221; yayg\u0131n bir siyasi manevrad\u0131r. Erdo\u011fan, kendisini bir &#8220;\u0130slam savunucusu&#8221; ve &#8220;Filistin koruyucusu&#8221; olarak resmederek, i\u00e7eride muhafazakar ve milliyet\u00e7i se\u00e7menler aras\u0131nda sa\u011flam bir destek taban\u0131 elde etmi\u015ftir.<\/p>\n\n\n\n<p style=\"font-size:clamp(16.834px, 1.052rem + ((1vw - 3.2px) * 0.716), 26px);\"><strong>Adalet ve Kalk\u0131nma Partisi&#8217;nin Siyasi Taban\u0131<\/strong><\/p>\n\n\n\n<p style=\"font-size:clamp(16.834px, 1.052rem + ((1vw - 3.2px) * 0.716), 26px);\">Erdo\u011fan&#8217;\u0131n Adalet ve Kalk\u0131nma Partisi, uzun s\u00fcredir dini muhafazakarlar\u0131n ve milliyet\u00e7ilerin deste\u011fine dayanmaktad\u0131r. Devam eden Gazze \u00e7at\u0131\u015fmas\u0131 ortam\u0131nda, Filistin ile dayan\u0131\u015fmay\u0131 vurgulayan sert bir duru\u015f, i\u00e7erideki muhafazakar se\u00e7menlerin beklentilerini kar\u015f\u0131lamakta ve ayn\u0131 zamanda T\u00fcrkiye&#8217;ye Arap d\u00fcnyas\u0131, Afrika ve di\u011fer \u0130slam \u00fclkelerindeki kamuoyu nezdinde avantaj sa\u011flamaktad\u0131r.<\/p>\n\n\n\n<p style=\"font-size:clamp(16.834px, 1.052rem + ((1vw - 3.2px) * 0.716), 26px);\">Bu a\u00e7\u0131dan bak\u0131ld\u0131\u011f\u0131nda, Erdo\u011fan&#8217;\u0131n &#8220;\u0130srail&#8217;i yok etme&#8221; s\u00f6ylemi b\u00fcy\u00fck \u00f6l\u00e7\u00fcde i\u00e7 se\u00e7mene y\u00f6nelik siyasi bir \u00e7\u0131k\u0131\u015ft\u0131r \u2014siyasi taban\u0131n\u0131 sa\u011flamla\u015ft\u0131rmak ve \u0130slam davas\u0131na sars\u0131lmaz ba\u011fl\u0131l\u0131\u011f\u0131n\u0131 g\u00f6stererek ekonomik zorluklardan kaynaklanan bask\u0131y\u0131 dengelemek amac\u0131n\u0131 ta\u015f\u0131yor.<\/p>\n\n\n\n<p style=\"font-size:clamp(16.834px, 1.052rem + ((1vw - 3.2px) * 0.716), 26px);\"><strong>Jeostratejik Hususlar: G\u00fc\u00e7 Bo\u015flu\u011funu Doldurmak ve &#8220;Do\u011fu&#8217;ya Y\u00f6nelmek&#8221;<\/strong><\/p>\n\n\n\n<p style=\"font-size:clamp(16.834px, 1.052rem + ((1vw - 3.2px) * 0.716), 26px);\"><strong>Orta Do\u011fu&#8217;daki G\u00fc\u00e7 Yap\u0131s\u0131nda \u00c7arp\u0131c\u0131 De\u011fi\u015fiklikler<\/strong><\/p>\n\n\n\n<p style=\"font-size:clamp(16.834px, 1.052rem + ((1vw - 3.2px) * 0.716), 26px);\">Ekim 2023&#8217;te yeni bir \u0130srail-Filistin \u00e7at\u0131\u015fmas\u0131n\u0131n patlak vermesinin ard\u0131ndan \u0130srail, Hamas, \u0130ran, L\u00fcbnan Hizbullah&#8217;\u0131 ve Yemen&#8217;deki Husilere kar\u015f\u0131 sert \u00f6nlemlerle b\u00f6lgesel g\u00fc\u00e7lere sald\u0131rd\u0131. Suriye&#8217;de Be\u015far Esad rejiminin \u00e7\u00f6k\u00fc\u015f\u00fcyle birle\u015fen bu geli\u015fmeler, Orta Do\u011fu&#8217;nun siyasi haritas\u0131nda b\u00fcy\u00fck de\u011fi\u015fimlere yol a\u00e7t\u0131.<\/p>\n\n\n\n<p style=\"font-size:clamp(16.834px, 1.052rem + ((1vw - 3.2px) * 0.716), 26px);\">Bu \u00e7arp\u0131c\u0131 geli\u015fmeler T\u00fcrkiye i\u00e7in benzeri g\u00f6r\u00fclmemi\u015f bir stratejik f\u0131rsat yaratt\u0131. Yorumcular, T\u00fcrkiye&#8217;nin &#8220;Orta Do\u011fu&#8217;daki g\u00fc\u00e7 bo\u015flu\u011funu doldurmaya \u00e7al\u0131\u015ft\u0131\u011f\u0131n\u0131&#8221; ve dengeli bir diplomasi y\u00fcr\u00fct\u00fcrken ger\u00e7ek bir stratejik \u00f6zerklik aray\u0131\u015f\u0131nda oldu\u011funu belirtiyor.<\/p>\n\n\n\n<p style=\"font-size:clamp(16.834px, 1.052rem + ((1vw - 3.2px) * 0.716), 26px);\"><strong>T\u00fcrkiye&#8217;nin &#8220;\u00dc\u00e7 Y\u00f6nelimi&#8221;<\/strong><\/p>\n\n\n\n<p style=\"font-size:clamp(16.834px, 1.052rem + ((1vw - 3.2px) * 0.716), 26px);\">Amerikal\u0131 stratejist Zbigniew Brzezinski, &#8220;B\u00fcy\u00fck Satran\u00e7 Tahtas\u0131&#8221; adl\u0131 kitab\u0131nda T\u00fcrkiye&#8217;nin durumunu \u015f\u00f6yle \u00f6zetlemi\u015fti: &#8220;T\u00fcrkiye \u00fc\u00e7 y\u00f6n taraf\u0131ndan \u00e7ekilmektedir\u2014modernistler onun Avrupal\u0131 bir \u00fclke olmas\u0131n\u0131 ve dolay\u0131s\u0131yla Bat\u0131&#8217;ya y\u00f6nelmesini isterler; \u0130slamc\u0131lar Orta Do\u011fu&#8217;ya ve M\u00fcsl\u00fcman ailesine e\u011filimlidir ve dolay\u0131s\u0131yla G\u00fcney&#8217;e odaklan\u0131r; tarihsel perspektife sahip milliyet\u00e7iler ise T\u00fcrkiye&#8217;nin Hazar Havzas\u0131, Orta Asya ve di\u011fer b\u00f6lgelerde yeni bir misyonu oldu\u011funu g\u00f6r\u00fcr ve dolay\u0131s\u0131yla Do\u011fu&#8217;ya odaklan\u0131r.&#8221;<\/p>\n\n\n\n<p style=\"font-size:clamp(16.834px, 1.052rem + ((1vw - 3.2px) * 0.716), 26px);\">Erdo\u011fan&#8217;\u0131n d\u0131\u015f politika stratejisi, bu \u00fc\u00e7 y\u00f6n aras\u0131nda bir yeniden dengeleme aray\u0131\u015f\u0131ndad\u0131r. Kamuoyuna yapt\u0131\u011f\u0131 a\u00e7\u0131klamada, &#8220;Ne Do\u011fu&#8217;yu b\u0131rak\u0131p Bat\u0131&#8217;ya y\u00f6nelece\u011fiz, ne de Bat\u0131&#8217;y\u0131 g\u00f6rmezden gelip Do\u011fu&#8217;ya y\u00f6nelece\u011fiz&#8221; ifadesini kullanm\u0131\u015ft\u0131r. Bu \u00e7er\u00e7evede \u0130srail&#8217;e kar\u015f\u0131 sert bir duru\u015f, hem &#8220;G\u00fcney&#8221;e (\u0130slam d\u00fcnyas\u0131) y\u00f6nelik bir iyi niyet jesti hem de &#8220;Do\u011fu&#8221; stratejisine bir yan\u0131tt\u0131r\u2014ABD-\u00c7in rekabeti ve Rusya-Ukrayna \u00e7at\u0131\u015fmas\u0131 ortam\u0131nda T\u00fcrkiye, Orta Do\u011fu&#8217;daki g\u00fc\u00e7l\u00fc performans\u0131yla stratejik de\u011ferini art\u0131rmaya \u00e7al\u0131\u015fmaktad\u0131r.<\/p>\n\n\n\n<p style=\"font-size:clamp(16.834px, 1.052rem + ((1vw - 3.2px) * 0.716), 26px);\"><strong>\u0130srail&#8217;e Meydan Okumak = B\u00f6lgesel Etkiyi Art\u0131rmak<\/strong><\/p>\n\n\n\n<p style=\"font-size:clamp(16.834px, 1.052rem + ((1vw - 3.2px) * 0.716), 26px);\">Erdo\u011fan&#8217;\u0131n stratejik oyununda \u0130srail&#8217;e meydan okumak, T\u00fcrkiye&#8217;nin b\u00f6lgesel etkisini art\u0131rman\u0131n en do\u011frudan yoludur. Orta Do\u011fu&#8217;nun n\u00fckleer silaha sahip tek \u00fclkesi ve en ileri askeri teknolojiye sahip olan \u0130srail, uzun s\u00fcredir &#8220;sorgulanamaz&#8221; bir varl\u0131k olarak kabul ediliyor. \u0130srail&#8217;e a\u00e7\u0131k\u00e7a meydan okumaya cesaret eden her \u00fclke, \u0130slam d\u00fcnyas\u0131nda muazzam bir prestij kazanabilir.<\/p>\n\n\n\n<p style=\"font-size:clamp(16.834px, 1.052rem + ((1vw - 3.2px) * 0.716), 26px);\">T\u00fcrkiye, b\u00fcy\u00fckel\u00e7isini geri \u00e7ekme, ticareti durdurma, hava sahas\u0131n\u0131 ve limanlar\u0131n\u0131 kapatma, yasal soyk\u0131r\u0131m davas\u0131 &nbsp;ba\u015flatma ve a\u015f\u0131r\u0131 a\u00e7\u0131klamalar yapma gibi bir dizi eylemle \u0130srail \u00fczerinde s\u00fcrekli bask\u0131 kurmaktad\u0131r. Bu birle\u015fik yakla\u015f\u0131m\u0131n temel hedefi, askeri tehditlerle de\u011fil, siyasi ku\u015fatma yoluyla Netanyahu h\u00fck\u00fcmeti \u00fczerinde hem kamuoyu hem de yasal me\u015fruiyet a\u00e7\u0131s\u0131ndan bask\u0131 olu\u015fturmakt\u0131r.<\/p>\n\n\n\n<p style=\"font-size:clamp(16.834px, 1.052rem + ((1vw - 3.2px) * 0.716), 26px);\">Baz\u0131 analistlerin belirtti\u011fi gibi, Erdo\u011fan&#8217;\u0131n s\u00f6ylemleri, ahlaki \u00fcst\u00fcnl\u00fc\u011f\u00fc ele ge\u00e7irmeyi ve \u0130srail&#8217;in eylemlerine y\u00f6nelik uluslararas\u0131 ho\u015fnutsuzlu\u011fu art\u0131rmay\u0131 ama\u00e7layan &#8220;maksimum bask\u0131 yaratan diplomatik dilidir&#8221;.<\/p>\n\n\n\n<p style=\"font-size:clamp(16.834px, 1.052rem + ((1vw - 3.2px) * 0.716), 26px);\"><strong>Son Tetikleyici Olaylar: \u0130ran Sava\u015f\u0131 ve Do\u011frudan \u00c7at\u0131\u015fma<\/strong><\/p>\n\n\n\n<p style=\"font-size:clamp(16.834px, 1.052rem + ((1vw - 3.2px) * 0.716), 26px);\"><strong>ABD-\u0130srail&#8217;in \u0130ran&#8217;a Y\u00f6nelik Sald\u0131r\u0131lar\u0131: K\u0131r\u0131lma Noktalar\u0131<\/strong><\/p>\n\n\n\n<p style=\"font-size:clamp(16.834px, 1.052rem + ((1vw - 3.2px) * 0.716), 26px);\">28 \u015eubat 2026&#8217;da Amerika Birle\u015fik Devletleri ve \u0130srail, \u0130ran&#8217;a kar\u015f\u0131 askeri bir sald\u0131r\u0131 ba\u015flatt\u0131. Erdo\u011fan o ak\u015fam sald\u0131r\u0131y\u0131 \u0130ran&#8217;\u0131n egemenli\u011fine y\u00f6nelik bir ihlal olarak k\u0131nad\u0131 ve &#8220;kom\u015fular ve karde\u015fler olarak \u0130ran halk\u0131n\u0131n ac\u0131s\u0131n\u0131 payla\u015ft\u0131\u011f\u0131n\u0131&#8221; belirtti. \u0130srail ise Erdo\u011fan&#8217;\u0131n bu s\u00f6zlerinin \u0130ran&#8217;a &#8220;yak\u0131nla\u015ft\u0131\u011f\u0131n\u0131&#8221; d\u00fc\u015f\u00fcnd\u00fc.<\/p>\n\n\n\n<p style=\"font-size:clamp(16.834px, 1.052rem + ((1vw - 3.2px) * 0.716), 26px);\">Ard\u0131ndan \u0130ran balistik f\u00fczeleri defalarca T\u00fcrk hava sahas\u0131na girdi ve NATO hava savunma sistemleri taraf\u0131ndan durduruldu. T\u00fcrkiye protestoda bulunmas\u0131na ra\u011fmen \u0130ran&#8217;a kar\u015f\u0131 askeri bir misillemede bulunmad\u0131. \u0130srail ise bunun, T\u00fcrkiye&#8217;nin \u0130srail&#8217;e kar\u015f\u0131 tavr\u0131n\u0131n \u0130ran&#8217;a kar\u015f\u0131 tavr\u0131ndan daha &#8220;sert&#8221; oldu\u011funu g\u00f6sterdi\u011fine inan\u0131yor.<\/p>\n\n\n\n<p style=\"font-size:clamp(16.834px, 1.052rem + ((1vw - 3.2px) * 0.716), 26px);\"><strong>&#8220;Askeri Konu\u015fland\u0131rma&#8221; Tehdidi ve Yasal S\u00fcre\u00e7<\/strong><\/p>\n\n\n\n<p style=\"font-size:clamp(16.834px, 1.052rem + ((1vw - 3.2px) * 0.716), 26px);\">12 Nisan 2026&#8217;da Erdo\u011fan, iktidara geldi\u011finden bu yana \u0130srail&#8217;e kar\u015f\u0131 yapt\u0131\u011f\u0131 en sert a\u00e7\u0131klamay\u0131 yapt\u0131:&nbsp;<strong>&#8220;Libya ve Azerbaycan&#8217;daki Da\u011fl\u0131k Karaba\u011f&#8217;a asker g\u00f6nderdi\u011fimiz gibi, bar\u0131\u015f\u0131 korumak i\u00e7in \u00e7at\u0131\u015fma b\u00f6lgelerine (Gazze veya L\u00fcbnan ima edilerek) de asker g\u00f6nderebiliriz.&#8221;<\/strong><\/p>\n\n\n\n<p style=\"font-size:clamp(16.834px, 1.052rem + ((1vw - 3.2px) * 0.716), 26px);\">Hemen hemen ayn\u0131 anda T\u00fcrk savc\u0131lar\u0131, Netanyahu da dahil olmak \u00fczere 35 \u00fcst d\u00fczey \u0130srailli yetkiliye, insanl\u0131\u011fa kar\u015f\u0131 su\u00e7lar, soyk\u0131r\u0131m ve i\u015fkence dahil su\u00e7lamalarla resmen dava a\u00e7t\u0131 ve toplamda 4.500 y\u0131l\u0131 a\u015fk\u0131n hapis cezas\u0131 talep etti.<\/p>\n\n\n\n<p style=\"font-size:clamp(16.834px, 1.052rem + ((1vw - 3.2px) * 0.716), 26px);\">Netanyahu, sosyal medyada an\u0131nda yan\u0131t vererek Erdo\u011fan&#8217;\u0131n &#8220;kendi K\u00fcrt vatanda\u015flar\u0131n\u0131 katletti\u011fini&#8221; s\u00f6yledi; \u0130srail Savunma Bakan\u0131 Katz ise Erdo\u011fan&#8217;\u0131 &#8220;M\u00fcsl\u00fcman Karde\u015fler \u00fcyesi&#8221; olarak nitelendirdi.<\/p>\n\n\n\n<p style=\"font-size:clamp(16.834px, 1.052rem + ((1vw - 3.2px) * 0.716), 26px);\"><strong>Askeri Tehditlerin Ger\u00e7ek ve Hayali Y\u00f6nleri<\/strong><\/p>\n\n\n\n<p style=\"font-size:clamp(16.834px, 1.052rem + ((1vw - 3.2px) * 0.716), 26px);\">Askeri a\u00e7\u0131dan bak\u0131ld\u0131\u011f\u0131nda, Erdo\u011fan&#8217;\u0131n askeri m\u00fcdahale tehdidinin belirgin s\u0131n\u0131rlar\u0131 vard\u0131r. T\u00fcrkiye ve \u0130srail kara s\u0131n\u0131r\u0131 payla\u015fm\u0131yor; aralar\u0131nda Suriye veya Akdeniz var. \u0130srail, Orta Do\u011fu&#8217;nun en g\u00fc\u00e7l\u00fc hava kuvvetlerine, geli\u015fmi\u015f bir f\u00fcze savunma sistemine ve d\u0131\u015f d\u00fcnya taraf\u0131ndan yayg\u0131n olarak kabul g\u00f6ren n\u00fckleer cayd\u0131r\u0131c\u0131l\u0131\u011fa sahiptir. Daha da kritik bir k\u0131s\u0131t ise NATO \u00e7er\u00e7evesinden gelir\u2014T\u00fcrkiye bir NATO \u00fcyesidir ve ABD&#8217;nin Orta Do\u011fu&#8217;daki kilit m\u00fcttefikine y\u00f6nelik askeri bir sald\u0131r\u0131, \u00f6ng\u00f6r\u00fclemeyen zincirleme reaksiyonlara yol a\u00e7acakt\u0131r.<\/p>\n\n\n\n<p style=\"font-size:clamp(16.834px, 1.052rem + ((1vw - 3.2px) * 0.716), 26px);\">Bu nedenle Erdo\u011fan&#8217;\u0131n &#8220;asker konu\u015fland\u0131rma&#8221; s\u00f6ylemi, ger\u00e7ek bir askeri plandan \u00e7ok, maksimum bask\u0131 uygulayan diplomatik bir manevrad\u0131r. Ancak bu, bu s\u00f6zlerin \u00f6nemsiz oldu\u011fu anlam\u0131na gelmez\u2014Netanyahu&#8217;ya g\u00f6re, &#8220;Sizi yok etmek isteyen birini asla hafife almamal\u0131s\u0131n\u0131z.&#8221;<\/p>\n\n\n\n<p style=\"font-size:clamp(16.834px, 1.052rem + ((1vw - 3.2px) * 0.716), 26px);\"><strong>Etkiler ve Gelecek: Sonu Olmayan Bir \u00c7at\u0131\u015fma m\u0131?<\/strong><\/p>\n\n\n\n<p style=\"font-size:clamp(16.834px, 1.052rem + ((1vw - 3.2px) * 0.716), 26px);\"><strong>B\u00f6lgesel Durum \u00dczerindeki Etki<\/strong><\/p>\n\n\n\n<p style=\"font-size:clamp(16.834px, 1.052rem + ((1vw - 3.2px) * 0.716), 26px);\">Erdo\u011fan ile Netanyahu aras\u0131ndaki \u00e7at\u0131\u015fma, s\u00f6z d\u00fcellosundan kapsaml\u0131 bir siyasi, ekonomik ve hukuki m\u00fccadeleye d\u00f6n\u00fc\u015fm\u00fc\u015ft\u00fcr. \u0130srail, T\u00fcrkiye&#8217;yi &#8220;bir sonraki \u0130ran&#8221; olarak g\u00f6r\u00fcrken, T\u00fcrkiye \u0130srail&#8217;i bir &#8220;katliam a\u011f\u0131&#8221; ve b\u00f6lgesel istikrars\u0131zl\u0131\u011f\u0131n kayna\u011f\u0131 olarak g\u00f6rmektedir.<\/p>\n\n\n\n<p style=\"font-size:clamp(16.834px, 1.052rem + ((1vw - 3.2px) * 0.716), 26px);\">\u0130ki taraf aras\u0131ndaki \u00e7at\u0131\u015fmalar diplomatik arenadan tarihsel anlat\u0131lar alan\u0131na da yay\u0131lm\u0131\u015ft\u0131r\u2014\u0130srail, Osmanl\u0131 \u0130mparatorlu\u011fu&#8217;nun Ermenilere y\u00f6nelik katliam\u0131n\u0131 &#8220;soyk\u0131r\u0131m&#8221; olarak etiketlerken, T\u00fcrkiye bunun &#8220;Gazze&#8217;deki su\u00e7lar\u0131 \u00f6rtbas etme&#8221; giri\u015fimi oldu\u011funu ileri s\u00fcrm\u00fc\u015ft\u00fcr. Bu &#8220;tarih sava\u015f\u0131n\u0131n&#8221; t\u0131rmanmas\u0131, iki taraf aras\u0131ndaki \u00e7at\u0131\u015fman\u0131n siyasi realpolitikten kimlik ve tarihsel haf\u0131za d\u00fczeylerine do\u011fru derinle\u015fti\u011fini g\u00f6stermektedir.<\/p>\n\n\n\n<p style=\"font-size:clamp(16.834px, 1.052rem + ((1vw - 3.2px) * 0.716), 26px);\"><strong>T\u00fcrkiye&#8217;nin Stratejik Kazan\u0131mlar\u0131 ve Riskleri<\/strong><\/p>\n\n\n\n<p style=\"font-size:clamp(16.834px, 1.052rem + ((1vw - 3.2px) * 0.716), 26px);\">Erdo\u011fan i\u00e7in \u0130srail&#8217;e kar\u015f\u0131 sert bir tutum almak k\u0131sa vadede ger\u00e7ekten siyasi kazan\u0131mlar sa\u011flam\u0131\u015ft\u0131r\u2014i\u00e7erideki taban\u0131n\u0131 sa\u011flamla\u015ft\u0131rm\u0131\u015f, \u0130slam d\u00fcnyas\u0131ndaki prestijini art\u0131rm\u0131\u015f ve T\u00fcrkiye&#8217;nin Orta Do\u011fu&#8217;daki pazarl\u0131k g\u00fcc\u00fcn\u00fc g\u00fc\u00e7lendirmi\u015ftir.<\/p>\n\n\n\n<p style=\"font-size:clamp(16.834px, 1.052rem + ((1vw - 3.2px) * 0.716), 26px);\">Ancak riskler g\u00f6z ard\u0131 edilemez. A\u015f\u0131r\u0131 \u00e7at\u0131\u015fma, T\u00fcrkiye ile Amerika Birle\u015fik Devletleri aras\u0131ndaki u\u00e7urumu derinle\u015ftirebilir (Trump&#8217;\u0131n son d\u00f6nemde F-35 gibi silahlar\u0131 T\u00fcrkiye&#8217;ye satmaya haz\u0131r oldu\u011funa dair a\u00e7\u0131klamalar\u0131na ra\u011fmen), T\u00fcrkiye&#8217;nin NATO ile ili\u015fkilerini etkileyebilir ve T\u00fcrkiye&#8217;yi Orta Do\u011fu \u00e7at\u0131\u015fmalar\u0131n\u0131n girdab\u0131na s\u00fcr\u00fckleyebilir. Eski \u0130srail Ba\u015fbakan\u0131 Bennett, &#8220;T\u00fcrkiye bir sonraki \u0130ran&#8217;d\u0131r&#8221; uyar\u0131s\u0131nda bulunmu\u015ftur ve e\u011fer bu nitelendirme uluslararas\u0131 toplum taraf\u0131ndan kabul g\u00f6r\u00fcrse T\u00fcrkiye daha da b\u00fcy\u00fck jeopolitik bask\u0131yla kar\u015f\u0131 kar\u015f\u0131ya kalacakt\u0131r.<\/p>\n\n\n\n<p style=\"font-size:clamp(16.834px, 1.052rem + ((1vw - 3.2px) * 0.716), 26px);\"><strong>Altta Yatan Mant\u0131k De\u011fi\u015fmeyecek<\/strong><\/p>\n\n\n\n<p style=\"font-size:clamp(16.834px, 1.052rem + ((1vw - 3.2px) * 0.716), 26px);\">Daha geni\u015f bir perspektiften bak\u0131ld\u0131\u011f\u0131nda, Erdo\u011fan&#8217;\u0131n &#8220;\u0130srail&#8217;i yok etme&#8221; \u00e7a\u011fr\u0131s\u0131n\u0131n alt\u0131nda yatan nedenler\u2014Yeni-Osmanl\u0131c\u0131l\u0131\u011f\u0131n ideolojik itici g\u00fcc\u00fc, i\u00e7 ekonomik zorluklar alt\u0131nda milliyet\u00e7i seferberlik ve Orta Do\u011fu&#8217;daki g\u00fc\u00e7 bo\u015flu\u011funa y\u00f6nelik stratejik h\u0131rs\u2014\u00f6n\u00fcm\u00fczdeki d\u00f6nemde temelde de\u011fi\u015fmeyecektir.<\/p>\n\n\n\n<p style=\"font-size:clamp(16.834px, 1.052rem + ((1vw - 3.2px) * 0.716), 26px);\">\u00d6zerk Barcelona \u00dcniversitesi&#8217;nden Profes\u00f6r Soler, T\u00fcrkiye ile \u0130ran aras\u0131nda zorlama paralellikler kurman\u0131n tehlikeli bir uygulama oldu\u011funa ve &#8220;amac\u0131n\u0131n \u00e7at\u0131\u015fman\u0131n geli\u015fi i\u00e7in kamuoyu olu\u015fturmaktan ba\u015fka bir \u015fey olmad\u0131\u011f\u0131na&#8221; dikkat \u00e7ekmi\u015ftir. Ancak d\u0131\u015f d\u00fcnya bunu nas\u0131l yorumlarsa yorumlas\u0131n, Erdo\u011fan&#8217;\u0131n \u0130srail&#8217;e y\u00f6nelik d\u00fc\u015fmanl\u0131\u011f\u0131 T\u00fcrkiye&#8217;nin diplomatik DNA&#8217;s\u0131na derinlemesine i\u015flemi\u015ftir.<\/p>\n\n\n\n<p style=\"font-size:clamp(16.834px, 1.052rem + ((1vw - 3.2px) * 0.716), 26px);\"><strong>Sonu\u00e7<\/strong><\/p>\n\n\n\n<p style=\"font-size:clamp(16.834px, 1.052rem + ((1vw - 3.2px) * 0.716), 26px);\">Erdo\u011fan&#8217;\u0131n &#8220;\u0130srail&#8217;i yok etme&#8221; \u00e7a\u011fr\u0131s\u0131 ne kadar \u015fok edici ve a\u015f\u0131r\u0131 bir ifade gibi g\u00f6r\u00fcnse de, asl\u0131nda bir dizi derinlemesine etkenin \u00fcr\u00fcn\u00fcd\u00fcr.<\/p>\n\n\n\n<p style=\"font-size:clamp(16.834px, 1.052rem + ((1vw - 3.2px) * 0.716), 26px);\"><strong>Tarih<\/strong>\u20142008&#8217;deki D\u00f6kme Kur\u015fun Operasyonu&#8217;nun diplomatik a\u015fa\u011f\u0131lamas\u0131ndan, 2010&#8217;daki yard\u0131m gemisi olay\u0131nda 10 ki\u015finin hayat\u0131n\u0131 kaybetmesine ve 2023&#8217;ten bu yana Gazze \u00e7at\u0131\u015fmas\u0131n\u0131n s\u00fcrekli t\u0131rman\u0131\u015f\u0131na kadar T\u00fcrkiye ile \u0130srail aras\u0131ndaki ili\u015fki, stratejik ortakl\u0131ktan tam d\u00fc\u015fmanl\u0131\u011fa evrilmi\u015f ve her ad\u0131mda kolay kolay iyile\u015fmeyecek yaralar b\u0131rakm\u0131\u015ft\u0131r.<\/p>\n\n\n\n<p style=\"font-size:clamp(16.834px, 1.052rem + ((1vw - 3.2px) * 0.716), 26px);\"><strong>\u0130deoloji<\/strong>\u2014Yeni-Osmanl\u0131c\u0131l\u0131k, T\u00fcrkiye&#8217;yi \u0130slam d\u00fcnyas\u0131n\u0131n do\u011fal lideri olarak konumland\u0131r\u0131rken, \u0130srail&#8217;in varl\u0131\u011f\u0131 Osmanl\u0131 \u0130mparatorlu\u011fu&#8217;nun \u00e7\u00f6k\u00fc\u015f\u00fcn\u00fcn tarihsel bir yaras\u0131d\u0131r; bu yara s\u00fcrekli if\u015fa edilmeli ve tekrar tekrar de\u015filmelidir.<\/p>\n\n\n\n<p style=\"font-size:clamp(16.834px, 1.052rem + ((1vw - 3.2px) * 0.716), 26px);\"><strong>\u0130\u00e7 siyaset<\/strong>\u2014Ekonomik zorluklar, i\u00e7 \u00e7at\u0131\u015fmalardan uzakla\u015fmak i\u00e7in d\u0131\u015f d\u00fc\u015fmanlar\u0131 kullanmay\u0131 zorunlu k\u0131larken, milliyet\u00e7i duygular &#8220;\u0130slam savunucular\u0131&#8221; rol\u00fcn\u00fc \u00fcstlenecek bir fig\u00fcre ihtiya\u00e7 duymaktad\u0131r.<\/p>\n\n\n\n<p style=\"font-size:clamp(16.834px, 1.052rem + ((1vw - 3.2px) * 0.716), 26px);\"><strong>Jeostratejik hususlar<\/strong>\u2014Orta Do\u011fu&#8217;daki g\u00fc\u00e7 bo\u015flu\u011fu yeni bir doldurucuyu \u00e7a\u011f\u0131r\u0131yor ve \u0130srail&#8217;e meydan okumak, b\u00f6lgesel etkiyi art\u0131rman\u0131n en do\u011frudan yolu\u2026.<\/p>\n\n\n\n<p style=\"font-size:clamp(16.834px, 1.052rem + ((1vw - 3.2px) * 0.716), 26px);\">Bu g\u00fc\u00e7ler birbiri ile etkile\u015fir ve birbirini g\u00fc\u00e7lendirerek Erdo\u011fan&#8217;\u0131n \u0130srail&#8217;e kar\u015f\u0131 sert tutumunun alt\u0131nda yatan mant\u0131\u011f\u0131 olu\u015fturur. Bu yap\u0131sal fakt\u00f6rler temelde de\u011fi\u015fmedi\u011fi s\u00fcrece Erdo\u011fan ile \u0130srail aras\u0131ndaki \u00e7at\u0131\u015fma sona ermeyecektir. &#8220;\u0130srail&#8217;i yok etme&#8221; bedduas\u0131 belki hi\u00e7bir zaman askeri eyleme d\u00f6n\u00fc\u015fmeyebilir, ancak siyasi bir beyan, ideolojik bir sembol ve seferberlik arac\u0131 olarak Orta Do\u011fu semalar\u0131nda yank\u0131lanmaya devam edecek.<\/p>\n","protected":false},"excerpt":{"rendered":"<p>\u0130srail-T\u00fcrkiye: Erdo\u011fan Neden \u0130srail\u2019i Yok Etme Duas\u0131 Yapt\u0131 Kemal Okur, Haziran 2026 D\u00fcnyay\u0131 Sarsan Bir Beddua Haziran 2026&#8217;da uluslararas\u0131 kamuoyunu sarsan bir haber yay\u0131ld\u0131: T\u00fcrkiye Cumhurba\u015fkan\u0131 Recep Tayyip Erdo\u011fan, halka a\u00e7\u0131k bir dini etkinlikte&nbsp;&#8220;\u0130srail&#8217;in yok edilmesi&#8221;&nbsp;i\u00e7in dua etti. \u0130srail Ba\u015fbakan\u0131 Netanyahu, kabine toplant\u0131s\u0131nda derhal yan\u0131t verdi:&nbsp;&#8220;Erdo\u011fan neredeyse her g\u00fcn \u0130srail&#8217;in yok edilmesi \u00e7a\u011fr\u0131s\u0131nda bulunuyor. S\u00f6zlerini [&hellip;]<\/p>\n","protected":false},"author":1,"featured_media":0,"comment_status":"open","ping_status":"open","sticky":false,"template":"","format":"standard","meta":{"_monsterinsights_skip_tracking":false,"_monsterinsights_sitenote_active":false,"_monsterinsights_sitenote_note":"","_monsterinsights_sitenote_category":0,"footnotes":""},"categories":[53,4],"tags":[],"class_list":["post-6602","post","type-post","status-publish","format-standard","hentry","category-turkiye-sosyalizmi-tr","category-turkiye-sosyalizmi"],"blocksy_meta":[],"_links":{"self":[{"href":"https:\/\/marksizm.org.tr\/index.php?rest_route=\/wp\/v2\/posts\/6602","targetHints":{"allow":["GET"]}}],"collection":[{"href":"https:\/\/marksizm.org.tr\/index.php?rest_route=\/wp\/v2\/posts"}],"about":[{"href":"https:\/\/marksizm.org.tr\/index.php?rest_route=\/wp\/v2\/types\/post"}],"author":[{"embeddable":true,"href":"https:\/\/marksizm.org.tr\/index.php?rest_route=\/wp\/v2\/users\/1"}],"replies":[{"embeddable":true,"href":"https:\/\/marksizm.org.tr\/index.php?rest_route=%2Fwp%2Fv2%2Fcomments&post=6602"}],"version-history":[{"count":1,"href":"https:\/\/marksizm.org.tr\/index.php?rest_route=\/wp\/v2\/posts\/6602\/revisions"}],"predecessor-version":[{"id":6604,"href":"https:\/\/marksizm.org.tr\/index.php?rest_route=\/wp\/v2\/posts\/6602\/revisions\/6604"}],"wp:attachment":[{"href":"https:\/\/marksizm.org.tr\/index.php?rest_route=%2Fwp%2Fv2%2Fmedia&parent=6602"}],"wp:term":[{"taxonomy":"category","embeddable":true,"href":"https:\/\/marksizm.org.tr\/index.php?rest_route=%2Fwp%2Fv2%2Fcategories&post=6602"},{"taxonomy":"post_tag","embeddable":true,"href":"https:\/\/marksizm.org.tr\/index.php?rest_route=%2Fwp%2Fv2%2Ftags&post=6602"}],"curies":[{"name":"wp","href":"https:\/\/api.w.org\/{rel}","templated":true}]}}