{"id":6608,"date":"2026-07-06T19:16:41","date_gmt":"2026-07-06T19:16:41","guid":{"rendered":"https:\/\/marksizm.org.tr\/?p=6608"},"modified":"2026-07-06T19:16:42","modified_gmt":"2026-07-06T19:16:42","slug":"emperyalist-nato-ucuncu-doneme-giriyor-abd-nato-3-0-asamasina-gecisi-zorluyor","status":"publish","type":"post","link":"https:\/\/marksizm.org.tr\/?p=6608","title":{"rendered":"Emperyalist NATO \u00dc\u00e7\u00fcnc\u00fc D\u00f6neme Giriyor: ABD, &#8220;NATO 3.0&#8221; A\u015famas\u0131na Ge\u00e7i\u015fi Zorluyor"},"content":{"rendered":"\n<h1 class=\"wp-block-heading\"><strong>Emperyalist NATO \u00dc\u00e7\u00fcnc\u00fc D\u00f6neme Giriyor: ABD, &#8220;NATO 3.0&#8221; A\u015famas\u0131na Ge\u00e7i\u015fi Zorluyor<\/strong><\/h1>\n\n\n\n<h4 class=\"wp-block-heading\"><strong>T\u00fcrkiye\u2019nin NATO&nbsp; 3.0&nbsp; Hesaplar\u0131: T\u00fcrkiye&#8217;nin NATO 3.0 Zirve Toplant\u0131s\u0131ndan Temel Beklentileri<\/strong><\/h4>\n\n\n\n<h4 class=\"wp-block-heading\"><strong>Kaynak: \u00c7in Ulusal Savunma G\u00fcnl\u00fc\u011f\u00fc Gazetesi<\/strong><\/h4>\n\n\n\n<h4 class=\"wp-block-heading\"><strong>Yazar: Dr. Wang Daning<\/strong>, <strong>Mart 2026<\/strong><\/h4>\n\n\n\n<figure class=\"wp-block-image aligncenter size-large\"><img loading=\"lazy\" decoding=\"async\" width=\"1024\" height=\"559\" src=\"https:\/\/marksizm.org.tr\/wp-content\/uploads\/2026\/07\/natoabdturkey-1024x559.png\" alt=\"\" class=\"wp-image-6607\" srcset=\"https:\/\/marksizm.org.tr\/wp-content\/uploads\/2026\/07\/natoabdturkey-1024x559.png 1024w, https:\/\/marksizm.org.tr\/wp-content\/uploads\/2026\/07\/natoabdturkey-300x164.png 300w, https:\/\/marksizm.org.tr\/wp-content\/uploads\/2026\/07\/natoabdturkey-768x419.png 768w, https:\/\/marksizm.org.tr\/wp-content\/uploads\/2026\/07\/natoabdturkey-1536x838.png 1536w, https:\/\/marksizm.org.tr\/wp-content\/uploads\/2026\/07\/natoabdturkey-2048x1117.png 2048w\" sizes=\"auto, (max-width: 1024px) 100vw, 1024px\" \/><\/figure>\n\n\n\n<p style=\"font-size:clamp(16.834px, 1.052rem + ((1vw - 3.2px) * 0.716), 26px);\"><strong>&#8220;NATO 3.0&#8221; Ba\u011f\u0131ml\u0131l\u0131k de\u011fil s\u00f6zde ,\u201dOrtakl\u0131k\u201d Yoluyla NATO ittifak \u00e7er\u00e7evesini yeniden \u015fekillendirmeyi hedefliyor: ABD, &#8220;NATO 3.0&#8221; A\u015famas\u0131na Ge\u00e7i\u015fi Zorluyor<\/strong><\/p>\n\n\n\n<p style=\"font-size:clamp(16.834px, 1.052rem + ((1vw - 3.2px) * 0.716), 26px);\"><strong>NATO bug\u00fcne kadar 2 d\u00f6nemi geride b\u0131rakt\u0131.. 1949-1991 ve 1991-2022; bug\u00fcn Trump ABD\u2019sinin zorlamas\u0131 ile 3. D\u00f6neme girmek istiyorlar\u2026&nbsp; <\/strong>NATO&#8217;nun gelecekteki y\u00f6r\u00fcngesi \u00fc\u00e7 temel \u00f6zellik sergiliyor: Bi\u00e7imsel olarak g\u00fc\u00e7lenme, fiili olarak b\u00f6l\u00fcnme ve i\u015flevsel olarak yabanc\u0131la\u015fma.<\/p>\n\n\n\n<p style=\"font-size:clamp(16.834px, 1.052rem + ((1vw - 3.2px) * 0.716), 26px);\"><strong>\u015eubat 2026 ortas\u0131nda, ABD Savunma Bakanl\u0131\u011f\u0131 Politika M\u00fcste\u015far\u0131 Elbridge Colby,<\/strong><strong> NATO Savunma Bakanlar\u0131 Toplant\u0131s\u0131&#8217;nda &#8220;NATO 3.0&#8221; kavram\u0131n\u0131 g\u00fcndeme getirerek, \u00fcye \u00fclkeler aras\u0131ndaki gelecekteki ili\u015fkinin ba\u011f\u0131ml\u0131l\u0131ktan ziyade \u201cortakl\u0131k\u201d olmas\u0131 gerekti\u011fini vurgulad\u0131. Bu \u00f6neri, ABD&#8217;nin stratejik hesaplar\u0131n\u0131 \u00fcst\u00fc kapal\u0131 ortaya koymakta ve ABD ile Avrupa aras\u0131ndaki derin sorunlar\u0131 ve rekabeti yans\u0131tmaktad\u0131r. Yakla\u015f\u0131k 80 y\u0131ld\u0131r varl\u0131\u011f\u0131n\u0131 s\u00fcrd\u00fcren bu askeri ittifak, tarihsel bir kav\u015fakta bulunuyor.<\/strong><\/p>\n\n\n\n<p style=\"font-size:clamp(16.834px, 1.052rem + ((1vw - 3.2px) * 0.716), 26px);\"><strong>Yetki ve Sorumluluk S\u0131n\u0131rlar\u0131n\u0131 Yeniden Belirleme \u00c7abas\u0131<\/strong><\/p>\n\n\n\n<p style=\"font-size:clamp(16.834px, 1.052rem + ((1vw - 3.2px) * 0.716), 26px);\"><strong>&#8220;NATO 3.0&#8221; kavram\u0131n\u0131n ortaya at\u0131lmas\u0131, Amerika Birle\u015fik Devletleri&#8217;nin NATO transatlantik g\u00fcvenlik ili\u015fkilerini stratejik olarak yeniden yap\u0131land\u0131raca\u011f\u0131n\u0131 ve NATO&#8217;yu &#8220;payla\u015f\u0131lan sorumluluk, i\u015flevsel yeniden yap\u0131lanma ve jeopolitik yeniden dengeleme&#8221; ile karakterize edilen yeni bir geli\u015fim a\u015famas\u0131na itece\u011fini g\u00f6stermektedir.<\/strong><\/p>\n\n\n\n<p style=\"font-size:clamp(16.834px, 1.052rem + ((1vw - 3.2px) * 0.716), 26px);\"><strong>NATO\u2019da Bu 3.0 d\u00f6n\u00fc\u015f\u00fcm\u00fc \u00fc\u00e7 boyut etraf\u0131nda \u015fekillenecektir.<\/strong><\/p>\n\n\n\n<p style=\"font-size:clamp(16.834px, 1.052rem + ((1vw - 3.2px) * 0.716), 26px);\"><strong>Birincisi, AB-ABD ili\u015fkisini yeniden \u015fekillendirmeyi ama\u00e7lamaktad\u0131r.<\/strong><\/p>\n\n\n\n<p style=\"font-size:clamp(16.834px, 1.052rem + ((1vw - 3.2px) * 0.716), 26px);\"><strong>Uzun s\u00fcredir NATO, &#8220;ABD egemenli\u011finde Avrupa ba\u011f\u0131ml\u0131l\u0131\u011f\u0131&#8221; \u015feklinde bir savunma yap\u0131s\u0131n\u0131 s\u00fcrd\u00fcrmektedir: Lider konumundaki ABD, Avrupa&#8217;ya tek tarafl\u0131 olarak g\u00fcvenlik garantisi sa\u011flamakta ve Avrupa savunma maliyetlerinin b\u00fcy\u00fck \u00e7o\u011funlu\u011funu \u00fcstlenmektedir. Avrupal\u0131 m\u00fcttefikler ise koruma almakta ve &#8220;g\u00fcvenlik avantajlar\u0131ndan faydalanmaktad\u0131r.&#8221;&nbsp; &#8220;NATO 3.0&#8221;, bu &#8220;koruyucu-korunan&#8221; yap\u0131s\u0131n\u0131 k\u0131rmay\u0131, e\u015fit hak ve sorumluluklar ilkesine ba\u011fl\u0131 kalmay\u0131 ve Avrupa&#8217;n\u0131n &#8220;bedavac\u0131&#8221; (free-rider) olgusuna son vermeyi hedeflemektedir. ABD art\u0131k Avrupa konvansiyonel savunmas\u0131n\u0131n ana maliyetlerini \u00fcstlenmeyecek ve Avrupal\u0131 m\u00fcttefiklerin ittifak i\u015flerine daha proaktif bir \u015fekilde kat\u0131lmas\u0131 gerekecektir.<\/strong><\/p>\n\n\n\n<p style=\"font-size:clamp(16.834px, 1.052rem + ((1vw - 3.2px) * 0.716), 26px);\"><strong>\u0130kincisi, savunma sorumluluklar\u0131n\u0131n payla\u015f\u0131m\u0131 yeniden d\u00fczenlenecektir.<\/strong><\/p>\n\n\n\n<p style=\"font-size:clamp(16.834px, 1.052rem + ((1vw - 3.2px) * 0.716), 26px);\"><strong>Bu, &#8220;NATO 3.0&#8243;\u0131n en somut y\u00f6n\u00fcd\u00fcr. ABD hesaplar\u0131na g\u00f6re NATO, &#8220;Avrupa&#8217;n\u0131n konvansiyonel savunmada \u00f6nc\u00fc olmas\u0131, ABD&#8217;nin ise y\u00fcksek seviyeli savunmay\u0131 kontrol etmesi&#8221; \u015feklinde bir i\u015fb\u00f6l\u00fcm\u00fc olu\u015fturacakt\u0131r: Avrupal\u0131 m\u00fcttefikler, \u00f6n cephe savunmas\u0131, b\u00f6lgesel cayd\u0131r\u0131c\u0131l\u0131k ve muharebe sahas\u0131 deste\u011finin tam sorumlulu\u011funu \u00fcstlenecek; anavatan savunmas\u0131, hava ve f\u00fcze savunmas\u0131, deniz devriyeleri ve Ukrayna&#8217;ya askeri yard\u0131mda lider rol oynayacakt\u0131r. ABD ise n\u00fckleer cayd\u0131r\u0131c\u0131l\u0131k, stratejik istihbarat ve k\u0131talararas\u0131 askeri projeksiyon gibi y\u00fcksek seviyeli cayd\u0131r\u0131c\u0131l\u0131k alanlar\u0131na odaklanacak ve Avrupa&#8217;ya kilit destek ve garantiler sa\u011flayacakt\u0131r.<\/strong><\/p>\n\n\n\n<p style=\"font-size:clamp(16.834px, 1.052rem + ((1vw - 3.2px) * 0.716), 26px);\"><strong>\u00dc\u00e7\u00fcnc\u00fcs\u00fc, &#8220;NATO 3.0&#8221; ittifak\u0131n strateji anlay\u0131\u015f\u0131n\u0131 g\u00fcncellemektedir.<\/strong><\/p>\n\n\n\n<p style=\"font-size:clamp(16.834px, 1.052rem + ((1vw - 3.2px) * 0.716), 26px);\"><strong>Colby, &#8220;NATO 3.0&#8243;\u0131n So\u011fuk Sava\u015f d\u00f6nemindeki orijinal &#8220;NATO 1.0&#8243;a, yani savunma ve kolektif cayd\u0131r\u0131c\u0131l\u0131k odakl\u0131 haline d\u00f6nece\u011fini vurgulad\u0131. Bu, NATO&#8217;nun geli\u015fim \u00e7izgisinin d\u00fczeltilmesi gibi g\u00f6r\u00fcnse de, asl\u0131nda NATO&#8217;nun evriminin tarihsel ba\u011flam\u0131ndan kas\u0131tl\u0131 olarak ka\u00e7\u0131n\u0131lmas\u0131d\u0131r.<\/strong><\/p>\n\n\n\n<p style=\"font-size:clamp(16.834px, 1.052rem + ((1vw - 3.2px) * 0.716), 26px);\"><strong>So\u011fuk Sava\u015f sonras\u0131nda (1991) NATO defalarca &#8220;uzaktan m\u00fcdahale&#8221; (stand-off intervention) giri\u015fimlerinde bulunmu\u015f ve ABD k\u00fcresel hegemonyas\u0131n\u0131n \u00f6nemli bir arac\u0131 haline gelmi\u015fti. Bu &#8220;NATO 1.0&#8243;a &#8220;geri d\u00f6n\u00fc\u015f\u00fcn&#8221; as\u0131l amac\u0131, (1991-2022) aras\u0131 mevcut &#8220;NATO 2.0&#8243;\u0131n ter\u00f6rle m\u00fccadele ve geni\u015fleme gibi i\u015flevleri \u00fczerine ta\u015f \u00fcst\u00fcne ta\u015f in\u015fa ederek, ittifak\u0131n sorumluluklar\u0131n\u0131 ve kabiliyetlerini g\u00fcncellemeye devam etmek; b\u00f6ylece Rusya&#8217;ya kar\u015f\u0131 cayd\u0131r\u0131c\u0131l\u0131k ve b\u00f6lgesel m\u00fcdahale gibi \u00e7oklu g\u00f6revleri daha iyi kapsayacak \u015fekilde uyarlamak ve b\u00f6ylece ABD&#8217;nin mevcut k\u00fcresel stratejik ihtiya\u00e7lar\u0131yla daha iyi uyum sa\u011flamakt\u0131r.<\/strong><\/p>\n\n\n\n<p style=\"font-size:clamp(16.834px, 1.052rem + ((1vw - 3.2px) * 0.716), 26px);\"><strong>T\u00fcrkiye\u2019nin NATO&nbsp; 3.0&nbsp; Hesaplar\u0131<\/strong><\/p>\n\n\n\n<p style=\"font-size:clamp(16.834px, 1.052rem + ((1vw - 3.2px) * 0.716), 26px);\"><strong>&nbsp;<\/strong><strong>Mill\u00ee \u0130stihbarat Akademisi&#8217;nin NATO 3.0 raporu: T\u00fcrkiye&#8217;nin NATO 3.0 Hesaplar\u0131n\u0131 ortaya koyuyor. &nbsp;T\u00fcrkiye&#8217;nin &#8220;NATO 3.0&#8221; \u00e7er\u00e7evesindeki beklentileri \u00e7ok y\u00f6nl\u00fcd\u00fcr, b,r yandan dar ulusal \u00e7\u0131karlar\u0131n\u0131 g\u00fcvence alt\u0131na almaya \u00e7al\u0131\u015f\u0131rken, di\u011fer yandan NATO ittifak\u0131n\u0131n gelece\u011fini \u015fekillendirmek i\u00e7in \u00f6zg\u00fcn jeopolitik konumunu ve askeri yeteneklerini kullanmay\u0131 hedeflemektedir.<\/strong><\/p>\n\n\n\n<p style=\"font-size:clamp(16.834px, 1.052rem + ((1vw - 3.2px) * 0.716), 26px);\"><strong>T\u00fcrkiye&#8217;nin NATO 3.0 Zirve Toplant\u0131s\u0131ndan Temel Beklentileri<\/strong><\/p>\n\n\n\n<p style=\"font-size:clamp(16.834px, 1.052rem + ((1vw - 3.2px) * 0.716), 26px);\"><strong>T\u00fcrkiye, NATO 3.0 s\u00fcrecinden birka\u00e7 a\u00e7\u0131k beklentiye sahiptir. D\u0131\u015fi\u015fleri Bakan\u0131 Hakan Fidan, Ankara Zirvesi&#8217;nin &#8220;NATO 3.0 Stratejisi&#8221;nin kabul\u00fcn\u00fc i\u015faret edece\u011fini ve \u0130ttifak i\u00e7in yeni bir a\u015famay\u0131 temsil edece\u011fini belirtti. Bu, T\u00fcrkiye&#8217;nin Trump ABD\u2019si ile birlikte yeterli g\u00f6rmedi\u011fi II. D\u00fcnya Sava\u015f\u0131&#8217;ndan beri var olan y\u00fck payla\u015f\u0131m\u0131 sistemini de\u011fi\u015ftirmek istedi\u011fin, g\u00f6stermektedir.<\/strong><\/p>\n\n\n\n<p style=\"font-size:clamp(16.834px, 1.052rem + ((1vw - 3.2px) * 0.716), 26px);\"><strong>Ter\u00f6rle M\u00fccadelede Daha G\u00fc\u00e7l\u00fc M\u00fcttefik Dayan\u0131\u015fmas\u0131 \u0130stiyor: <\/strong><strong>T\u00fcrkiye, ter\u00f6rle m\u00fccadelede &#8220;daha g\u00fc\u00e7l\u00fc m\u00fcttefik dayan\u0131\u015fmas\u0131&#8221; bekliyor.<\/strong><\/p>\n\n\n\n<p style=\"font-size:clamp(16.834px, 1.052rem + ((1vw - 3.2px) * 0.716), 26px);\"><strong>T\u00fcrk<\/strong><strong> <\/strong><strong>Savunma Sanayi ile ilgili K\u0131s\u0131tlamalar\u0131n\u0131n Kald\u0131r\u0131lmas\u0131: <\/strong><strong>T\u00fcrkiye&#8217;nin en \u00f6nemli beklentilerden biri, di\u011fer m\u00fcttefikler taraf\u0131ndan uygulanan savunma sanayi k\u0131s\u0131tlamalar\u0131n\u0131n kald\u0131r\u0131lmas\u0131d\u0131r. T\u00fcrkiye, SAFE-II finansman mekanizmas\u0131 gibi Avrupa savunma programlar\u0131na tam olarak entegre olmay\u0131 hedefliyor, b\u00f6ylece Avrupa \u00fclkelerine silah satarak, kendi silah sanayisi i\u00e7in daha g\u00fc\u00e7l\u00fc finansman sa\u011flayarak bu silah sanayisini g\u00fc\u00e7lendirmek istiyor.&nbsp; <\/strong><strong><\/strong><\/p>\n\n\n\n<p style=\"font-size:clamp(16.834px, 1.052rem + ((1vw - 3.2px) * 0.716), 26px);\"><strong>Stratejik \u0130stisna bir \u00fclke Olarak Tan\u0131nma: <\/strong><strong>T\u00fcrkiye, NATO&#8217;nun yeni 3.0 plan\u0131 i\u00e7inde hayati \u00f6nem ta\u015f\u0131yan &#8220;g\u00fc\u00e7l\u00fc ve istisnai&#8221; bir m\u00fcttefik olarak tan\u0131nmay\u0131 ama\u00e7l\u0131yor. Bu, \u00f6zel talep kendi g\u00fcvenlik silahlar\u0131n\u0131 \u00fcretebilme yetene\u011fini bir kald\u0131ra\u00e7 olarak kullanma ve jeopolitik konumunu, silahl\u0131 kuvvetlerinin kapasitesi ve geli\u015fmi\u015f savunma sanayisi de dahil olmak \u00fczere sahip oldu\u011fu \u00f6nemli stratejik varl\u0131klar\u0131ndan kaynaklanmaktad\u0131r.<\/strong><\/p>\n\n\n\n<p style=\"font-size:clamp(16.834px, 1.052rem + ((1vw - 3.2px) * 0.716), 26px);\"><strong>\u0130ttifak i\u00e7i Diplomasisinde Merkezi Bir Rol Oynama iste\u011fi: <\/strong><strong>Zirveye ev sahipli\u011fi yapmas\u0131 ba\u015fl\u0131 ba\u015f\u0131na \u00f6nemli bir diplomatik ba\u015far\u0131d\u0131r. T\u00fcrkiye bunu, etkinli\u011fi ve ilgili s\u00fcre\u00e7leri y\u00f6netme, k\u00fcresel bar\u0131\u015f ve b\u00f6lgesel g\u00fcvenlikteki kritik rol\u00fcn\u00fc g\u00fc\u00e7lendirme f\u0131rsat\u0131 olarak g\u00f6r\u00fcyor.<\/strong><\/p>\n\n\n\n<p style=\"font-size:clamp(16.834px, 1.052rem + ((1vw - 3.2px) * 0.716), 26px);\"><strong>T\u00fcrkiye&#8217;nin \u00dcstlenmeyi Planlad\u0131\u011f\u0131 Rol: <\/strong><strong>T\u00fcrkiye, yukar\u0131da sayd\u0131\u011f\u0131m\u0131z g\u00fc\u00e7l\u00fc varl\u0131klardan yararlanarak NATO 3.0 yap\u0131s\u0131 i\u00e7inde daha y\u00fcksek bir rol \u00fcstlenmek istiyor.<\/strong><\/p>\n\n\n\n<p style=\"font-size:clamp(16.834px, 1.052rem + ((1vw - 3.2px) * 0.716), 26px);\"><strong>\u0130ttifak\u0131n G\u00fcney ve Do\u011fu Kanatlar\u0131 \u0130\u00e7in &#8220;Koruyucu&#8221; Rol\u00fc: <\/strong><strong>T\u00fcrkiye, &#8220;koruyuculuk&#8221; veya &#8220;g\u00f6zc\u00fc&#8221; rol\u00fcn\u00fc \u00fcstlenmeyi planl\u0131yor. Co\u011frafi konumu, askeri kapasitesi ve geli\u015fmi\u015f savunma teknolojileri (\u00f6rne\u011fin insans\u0131z hava ara\u00e7lar\u0131 ve elektronik sava\u015f sistemleri) NATO i\u00e7in hayati stratejik varl\u0131klar olarak g\u00f6r\u00fcl\u00fcyor.<\/strong><\/p>\n\n\n\n<p style=\"font-size:clamp(16.834px, 1.052rem + ((1vw - 3.2px) * 0.716), 26px);\"><strong>&nbsp;&#8220;K\u00fcresel Bar\u0131\u015f Misyonu&#8221; \u0130\u00e7in Bir K\u00f6pr\u00fc olma \u00e7abas\u0131: <\/strong><strong>T\u00fcrkiye, NATO 3.0&#8217;\u0131n sadece savunma ama\u00e7l\u0131 bir \u00f6rg\u00fct olarak kalmamas\u0131, ayn\u0131 zamanda &#8220;k\u00fcresel bir bar\u0131\u015f misyonu&#8221; \u00fcstlenmesi gerekti\u011fini savunuyor. Bu, NATO&#8217;nun \u00f6zellikle Orta Do\u011fu&#8217;daki b\u00f6lgesel \u00e7at\u0131\u015fmalar\u0131n \u00e7\u00f6z\u00fcm\u00fcnde daha aktif bir rol oynamas\u0131n\u0131 sa\u011flamak anlam\u0131na gelecektir.<\/strong><\/p>\n\n\n\n<p style=\"font-size:clamp(16.834px, 1.052rem + ((1vw - 3.2px) * 0.716), 26px);\"><strong>T\u00fcrkiye Avrupa Savunmas\u0131nda Kilit Bir Oyuncu olmak istiyor: <\/strong><strong>Bel\u00e7ika Savunma Bakan\u0131 Theo Francken gibi Avrupal\u0131 \u200b\u200bm\u00fcttefikleri, Avrupa&#8217;n\u0131n T\u00fcrkiye olmadan kendini g\u00fcvence alt\u0131na alamayaca\u011f\u0131n\u0131 a\u00e7\u0131k\u00e7a belirtmi\u015flerdir. T\u00fcrkiye bu rol\u00fc \u00fcstlenmeyi planl\u0131yor ve Francken, Avrupa&#8217;n\u0131n T\u00fcrk savunma teknolojisinden faydalanmas\u0131 gerekti\u011fini de belirtiyor.<\/strong><\/p>\n\n\n\n<p style=\"font-size:clamp(16.834px, 1.052rem + ((1vw - 3.2px) * 0.716), 26px);\"><strong>\u0130ttifak \u0130\u00e7inde &#8220;Stratejik \u00d6zerkli\u011fe&#8221; Sahip Bir Akt\u00f6r olmak istiyor: <\/strong><strong>T\u00fcrk Milli \u0130stihbarat Akademisi&#8217;nin raporu, T\u00fcrkiye&#8217;nin kendi g\u00fcvenli\u011fini \u00fcretebilen bir m\u00fcttefik \u00f6rne\u011fi oldu\u011funu belirtiyor. Bu yetenek, T\u00fcrkiye&#8217;nin ittifak\u0131n kolektif savunmas\u0131na ve cayd\u0131r\u0131c\u0131l\u0131\u011f\u0131na \u00f6nemli \u00f6l\u00e7\u00fcde katk\u0131da bulunabilen, daha ba\u011f\u0131ms\u0131z ve g\u00fcvenilir bir ortak olmas\u0131n\u0131 sa\u011fl\u0131yor.<\/strong><\/p>\n\n\n\n<p style=\"font-size:clamp(16.834px, 1.052rem + ((1vw - 3.2px) * 0.716), 26px);\"><strong>T\u00fcrkiye Ukrayna&#8217;n\u0131n Kilit Destek\u00e7isi olmak istiyor: <\/strong><strong>Aktif rol\u00fcn\u00fcn bir par\u00e7as\u0131 olarak, T\u00fcrkiye&#8217;nin Ankara Zirvesi g\u00fcndeminin \u00f6nemli bir maddesi olan Ukrayna&#8217;ya askeri ve mali yard\u0131m\u0131 desteklemeye devam etme tutumunu sergilemek istiyor.&nbsp; \u00d6zetle, T\u00fcrkiye&#8217;nin NATO 3.0 stratejisi, geleneksel bir m\u00fcttefikten vazge\u00e7ilmez bir stratejik orta\u011fa ge\u00e7i\u015f yapmakt\u0131r. \u00d6zellikle g\u00fcney ve do\u011fu kanatlar\u0131nda Avrupa g\u00fcvenli\u011fi i\u00e7in hayati bir g\u00fc\u00e7 olarak rol\u00fcn\u00fc sa\u011flamla\u015ft\u0131rmay\u0131 hedeflerken, ayn\u0131 zamanda ittifak\u0131n stratejik vizyonunun Avrupa&#8217;n\u0131n \u00f6tesine geni\u015fleyerek k\u00fcresel g\u00fcvenlik sorunlar\u0131n\u0131 ele almas\u0131n\u0131 sa\u011flamay\u0131 ama\u00e7l\u0131yor. Bunu yaparak T\u00fcrkiye, bir yandan kendi dar ulusal \u00e7\u0131karlar\u0131n\u0131 g\u00fcvence alt\u0131na almay\u0131, savunma sanayisini g\u00fc\u00e7lendirmeyi ve d\u00f6n\u00fc\u015fen ittifak\u0131n merkezi bir akt\u00f6r\u00fc olarak stat\u00fcs\u00fcn\u00fc y\u00fckseltmeyi hedefliyor.<\/strong><\/p>\n\n\n\n<p style=\"font-size:clamp(16.834px, 1.052rem + ((1vw - 3.2px) * 0.716), 26px);\"><strong>NATO 3.0&#8217;\u0131n Arkas\u0131ndaki \u00c7oklu Hesaplar<\/strong><\/p>\n\n\n\n<p style=\"font-size:clamp(16.834px, 1.052rem + ((1vw - 3.2px) * 0.716), 26px);\"><strong>ABD&#8217;nin NATO i\u00e7inde yeni bir d\u00f6n\u00fc\u015f\u00fcm\u00fc zorlamas\u0131, i\u00e7 ve d\u0131\u015f fakt\u00f6rlerin birle\u015fiminin sonucudur:&nbsp; ABD\u2019deki&nbsp; \u0130\u00e7 siyasi bask\u0131lara ve maliyet bask\u0131lar\u0131na yan\u0131t vermek isteniyor.<\/strong><\/p>\n\n\n\n<p style=\"font-size:clamp(16.834px, 1.052rem + ((1vw - 3.2px) * 0.716), 26px);\"><strong>G\u00fcn\u00fcm\u00fczde ABD artan i\u00e7 mali bask\u0131larla kar\u015f\u0131 kar\u015f\u0131yad\u0131r ve askeri harcamalar\u0131n b\u00fcy\u00fcmesinin s\u00fcrd\u00fcr\u00fclebilirli\u011fi test edilmektedir. Halk i\u00e7inde ABD&#8217;nin deniza\u015f\u0131r\u0131 g\u00fcvenlik sorumlulu\u011funu \u00e7ok fazla \u00fcstlendi\u011fine dair \u015f\u00fcpheler artmaktad\u0131r. Yeni &#8220;NATO 3.0&#8221; gibi g\u00f6r\u00fcnen \u015fey asl\u0131nda Trump y\u00f6netiminin &#8220;\u00d6nce Amerika&#8221; politikas\u0131n\u0131n bir devam\u0131d\u0131r; temel mant\u0131\u011f\u0131 h\u00e2l\u00e2 Avrupal\u0131 m\u00fcttefikleri bir &#8220;g\u00fcvenlik y\u00fck\u00fc&#8221; olarak g\u00f6rmekte ve onlar\u0131n &#8220;g\u00fcvenlik faturas\u0131n\u0131 \u00f6demeye&#8221; devam etmeyi reddetmektedir.<\/strong><\/p>\n\n\n\n<p style=\"font-size:clamp(16.834px, 1.052rem + ((1vw - 3.2px) * 0.716), 26px);\"><strong>B\u00fcy\u00fck g\u00fc\u00e7 rekabetinin yeni manzaras\u0131na yan\u0131t vermek ve k\u00fcresel jeopolitik ortam\u0131n derinlemesine de\u011fi\u015fmesiyle birlikte, ABD k\u00fcresel stratejik d\u00fczenini yeniden yap\u0131land\u0131rmaktad\u0131r: ABD, &#8220;Bat\u0131 Yar\u0131mk\u00fcre \u00fczerinde hakimiyete&#8221; ve anavatan g\u00fcvenli\u011fini sa\u011flamaya \u00f6ncelik verecek, Hint-Pasifik b\u00f6lgesini b\u00fcy\u00fck g\u00fc\u00e7 rekabetinin ana arenas\u0131 olarak tan\u0131mlayacak ve bu da ABD i\u00e7in Avrupa&#8217;n\u0131n stratejik \u00f6nemini nispeten azaltacakt\u0131r.<\/strong><\/p>\n\n\n\n<p style=\"font-size:clamp(16.834px, 1.052rem + ((1vw - 3.2px) * 0.716), 26px);\"><strong>Trump y\u00f6netiminin Avrupa&#8217;ya y\u00f6nelik stratejisi, ABD ile Avrupa aras\u0131ndaki sorumluluklar\u0131 yeniden b\u00f6l\u00fc\u015ft\u00fcrerek kendi y\u00fck\u00fcn\u00fc azaltmay\u0131, ayn\u0131 zamanda Avrupa \u00fczerindeki ABD kontrol\u00fcn\u00fc s\u00fcrd\u00fcrmeyi, Avrupa ile Rusya aras\u0131nda bir uzla\u015fmay\u0131 engellemeyi ve kaynaklar\u0131n Avrupa&#8217;dan transferine zemin haz\u0131rlamay\u0131 ama\u00e7lamaktad\u0131r.<\/strong><\/p>\n\n\n\n<p style=\"font-size:clamp(16.834px, 1.052rem + ((1vw - 3.2px) * 0.716), 26px);\"><strong>D\u0131\u015fi\u015fleri Bakan\u0131 Marco Rubio&#8217;nun Aral\u0131k 2025&#8217;teki NATO D\u0131\u015fi\u015fleri Bakanlar\u0131 Toplant\u0131s\u0131&#8217;na kat\u0131lmamas\u0131n\u0131n ard\u0131ndan, ABD Savunma Bakan\u0131 Hegseth de bu NATO Savunma Bakanlar\u0131 Toplant\u0131s\u0131&#8217;na gitmemi\u015f, ancak bir \u00f6nceki g\u00fcn Washington&#8217;da d\u00fczenlenen ilk Bat\u0131 Yar\u0131mk\u00fcre Savunma Bakanlar\u0131 Toplant\u0131s\u0131&#8217;nda g\u00fcr\u00fclt\u00fcl\u00fc bir \u015fekilde yer alm\u0131\u015ft\u0131r. &nbsp;Bunlar tesad\u00fcf de\u011fil, ABD k\u00fcresel savunma stratejisindeki bir &#8220;kayman\u0131n&#8221; do\u011frudan yans\u0131mas\u0131d\u0131r: Art\u0131k ABD, NATO i\u015flerine yat\u0131r\u0131m yapmaya daha az isteklidir ve Avrupa, g\u00f6r\u00fcn\u00fc\u015fte ABD&#8217;nin e\u015fit bir m\u00fcttefiki olsa da, asl\u0131nda ABD i\u00e7in k\u00fcresel \u00f6l\u00e7ekte &#8221; bir yard\u0131mc\u0131 oyuncudur.&#8221;<\/strong><\/p>\n\n\n\n<p style=\"font-size:clamp(16.834px, 1.052rem + ((1vw - 3.2px) * 0.716), 26px);\"><strong>ABD, Avrupa&#8217;ya y\u00f6nelik stratejisini &#8220;y\u00fckleri azaltma ve sorumluluklar\u0131 yeniden \u015fekillendirme&#8221; odakl\u0131 olarak ayarlamaktad\u0131r: Avrupal\u0131 m\u00fcttefiklerin savunma harcamalar\u0131n\u0131 &nbsp;Milli Gelir&#8217;ler\u0131n\u0131n %5&#8217;ine \u00e7\u0131karmas\u0131n\u0131 talep etmek; Avrupa&#8217;da konu\u015flu ABD askerlerinin %30&#8217;unu \u00fclkeye geri \u00e7ekmeyi ve yakla\u015f\u0131k 30 NATO kurumunda 200 pozisyonu azaltmay\u0131 planlamak; ve \u00fc\u00e7 NATO d\u00f6rt y\u0131ld\u0131zl\u0131 harek\u00e2t komutanl\u0131\u011f\u0131n\u0131n komutas\u0131n\u0131 s\u0131ras\u0131yla \u0130ngiltere, \u0130talya, Almanya ve Polonya&#8217;ya devretmek.<\/strong><\/p>\n\n\n\n<p style=\"font-size:clamp(16.834px, 1.052rem + ((1vw - 3.2px) * 0.716), 26px);\"><strong>Norfolk M\u00fc\u015fterek Kuvvet Komutanl\u0131\u011f\u0131: ABD&#8217;nin Virginia eyaletinde bulunmaktad\u0131r. Bu komutanl\u0131k Birle\u015fik Krall\u0131k&#8217;a devredilecektir. Napoli M\u00fc\u015fterek Kuvvet Komutanl\u0131\u011f\u0131: \u0130talya&#8217;da bulunmaktad\u0131r. Bu komutanl\u0131k \u0130talya&#8217;ya devredilecektir. Brunssum M\u00fc\u015fterek Kuvvet Komutanl\u0131\u011f\u0131: Hollanda&#8217;da bulunmaktad\u0131r. Bu komutanl\u0131k Almanya ve Polonya aras\u0131nda d\u00f6n\u00fc\u015f\u00fcml\u00fc olarak payla\u015f\u0131lacakt\u0131r.<\/strong><\/p>\n\n\n\n<p style=\"font-size:clamp(16.834px, 1.052rem + ((1vw - 3.2px) * 0.716), 26px);\"><strong>Ayr\u0131ca Trump, &#8220;\u00d6nce Amerika Silah Transfer Stratejisi&#8221; ba\u015fkanl\u0131k kararnamesini imzalayarak silah sat\u0131\u015flar\u0131n\u0131n \u00f6nceli\u011fini yeniden d\u00fczenlemi\u015ftir. Yeni kurallara g\u00f6re, ABD&#8217;nin Avrupa&#8217;ya silah sat\u0131\u015flar\u0131 &#8220;ticari kazan\u00e7tan&#8221; &#8220;siyasi ba\u011fl\u0131l\u0131k testine&#8221; d\u00f6n\u00fc\u015fmektedir: Yaln\u0131zca \u00f6nemli savunma harcamas\u0131 yapan ve ABD ile y\u00fcksek derecede uyum i\u00e7inde olan m\u00fcttefikler, geli\u015fmi\u015f silahlara eri\u015fimde \u00f6ncelik alacakt\u0131r.<\/strong><\/p>\n\n\n\n<p style=\"font-size:clamp(16.834px, 1.052rem + ((1vw - 3.2px) * 0.716), 26px);\"><strong>Avrupa Pasif Konuma Gidiyor<\/strong><\/p>\n\n\n\n<p style=\"font-size:clamp(16.834px, 1.052rem + ((1vw - 3.2px) * 0.716), 26px);\"><strong>ABD \u00f6nc\u00fcl\u00fc\u011f\u00fcndeki &#8220;NATO 3.0&#8221; giri\u015fimiyle kar\u015f\u0131 kar\u015f\u0131ya kalan Avrupal\u0131 m\u00fcttefikler, &#8220;\u00f6nemli g\u00f6revler devralmak zorunda olup g\u00f6revlere yeti\u015fmekte zorlanma&#8221; gibi zor bir duruma d\u00fc\u015fm\u00fc\u015ft\u00fcr. Bu d\u00f6n\u00fc\u015f\u00fcm, Avrupa i\u00e7in savunma entegrasyonu a\u00e7\u0131s\u0131ndan hem bir f\u0131rsat hem de benzeri g\u00f6r\u00fclmemi\u015f bir meydan okuma te\u015fkil etmektedir.<\/strong><\/p>\n\n\n\n<p style=\"font-size:clamp(16.834px, 1.052rem + ((1vw - 3.2px) * 0.716), 26px);\"><strong>Avrupal\u0131 m\u00fcttefiklerin bu askeri harcama hedeflerine ula\u015fmas\u0131 zordur. \u00c7o\u011fu Avrupa \u00fclkesi yava\u015f bir ekonomik toparlanma s\u00fcrecindedir ve artan askeri harcamalar yaln\u0131zca mali alan\u0131 daraltmakla kalm\u0131yor, ayn\u0131 zamanda halk\u0131n ho\u015fnutsuzlu\u011funu da k\u00f6r\u00fckl\u00fcyor. Avrupal\u0131 m\u00fcttefikleri daha da \u00f6fkelendiren \u015fey ise, ABD m\u00fcttefiklerini savunma harcamalar\u0131n\u0131 Milli Gelirin %5&#8217;ine \u00e7\u0131karmalar\u0131 i\u00e7in bask\u0131 yaparken, ayn\u0131 zamanda NATO&#8217;ya yapt\u0131\u011f\u0131 askeri katk\u0131lar\u0131 kesmeyi d\u00fc\u015f\u00fcnmesi ve Ukrayna&#8217;ya yap\u0131lan yard\u0131m\u0131n ana mali sorumlulu\u011funu Avrupa&#8217;n\u0131n \u00fcstlenmesini talep etmesidir. Avrupa \u00fclkeleri, hem ABD&#8217;yi yat\u0131\u015ft\u0131rmak hem de kendi kamuoylar\u0131na tatmin edici bir a\u00e7\u0131klama sunmak i\u00e7in \u00e7aba sarfediyorlar.<\/strong><\/p>\n\n\n\n<p style=\"font-size:clamp(16.834px, 1.052rem + ((1vw - 3.2px) * 0.716), 26px);\"><strong>Avrupa i\u00e7in \u00d6nemli bo\u015fluklar Var &nbsp;<\/strong><\/p>\n\n\n\n<p style=\"font-size:clamp(16.834px, 1.052rem + ((1vw - 3.2px) * 0.716), 26px);\"><strong>Avrupa, m\u00fc\u015fterek harek\u00e2t komutanl\u0131\u011f\u0131, uzun vadeli askeri projeksiyon, hava savunma ve f\u00fcze savunma sistemleri ile stratejik lojistik destek gibi kilit savunma alanlar\u0131nda a\u00e7\u0131k eksikliklerle kar\u015f\u0131 kar\u015f\u0131yad\u0131r. Ukrayna&#8217;ya devam eden yard\u0131m, bir\u00e7ok Avrupa \u00fclkesinin silah stoklar\u0131n\u0131n kritik seviyede t\u00fckenmesine yol a\u00e7m\u0131\u015ft\u0131r ve savunma sanayi kapasiteleri sava\u015f zaman\u0131 ihtiya\u00e7lar\u0131n\u0131 kar\u015f\u0131lamak i\u00e7in yetersizdir. Ayr\u0131ca, \u00fclkeler aras\u0131ndaki farkl\u0131 jeopolitik kayg\u0131lar ve \u00e7\u0131karlar, par\u00e7alanm\u0131\u015f savunma sanayi kapasitesi ve uyumsuz ekipman standartlar\u0131, geni\u015f \u00e7apl\u0131, entegre bir harek\u00e2t kabiliyeti olu\u015fturmay\u0131 zorla\u015ft\u0131rmaktad\u0131r. K\u0131sa vadede Avrupa, ABD\u2019nin &nbsp;\u00e7ekilmesinin ard\u0131ndan olu\u015fan &#8220;g\u00fcvenlik bo\u015flu\u011funu&#8221; dolduramaz durumda ve Avrupa&#8217;da konvansiyonel savunman\u0131n liderlik sorumlulu\u011funu \u00fcstlenmek i\u00e7in yeterli donan\u0131ma sahip de\u011fildir.<\/strong><\/p>\n\n\n\n<p style=\"font-size:clamp(16.834px, 1.052rem + ((1vw - 3.2px) * 0.716), 26px);\"><strong>Karar alma ve komuta Sorunlar\u0131 Var<\/strong><\/p>\n\n\n\n<p style=\"font-size:clamp(16.834px, 1.052rem + ((1vw - 3.2px) * 0.716), 26px);\"><strong>ABD, hala NATO&#8217;nun en y\u00fcksek askeri pozisyonu olan M\u00fcttefik Kuvvetler Y\u00fcksek Komutanl\u0131\u011f\u0131&#8217;n\u0131 , stratejik komuta seviyesindeki en y\u00fcksek iki askeri komutanl\u0131\u011f\u0131 (Bel\u00e7ika, Mons&#8217;taki M\u00fcttefik Harek\u00e2t Komutanl\u0131\u011f\u0131 ve ABD, Norfolk&#8217;taki M\u00fcttefik D\u00f6n\u00fc\u015f\u00fcm Komutanl\u0131\u011f\u0131) ve \u00fc\u00e7 fonksiyonel muharebe komutanl\u0131\u011f\u0131n\u0131 (Kara, Deniz ve Hava Kuvvetleri) s\u0131k\u0131 bir \u015fekilde kontrol etmektedir. Ba\u015fka bir deyi\u015fle, NATO&#8217;nun stratejik planlamas\u0131, n\u00fckleer karar alma s\u00fcre\u00e7leri ve k\u0131talararas\u0131 harek\u00e2tlar\u0131n komutas\u0131 h\u00e2l\u00e2 ABD&#8217;nin elindedir. Avrupa gelecekte konvansiyonel savunmada hakimiyeti elde etse bile, bu s\u00f6zde bir hakimiyetten ibaret olmaktan \u00f6teye ge\u00e7emeyecek ve NATO, &#8220;ABD&#8217;nin \u00fcst seviyeyi, Avrupa&#8217;n\u0131n ise orta seviyeyi kontrol etti\u011fi&#8221; iki kademeli bir komuta yap\u0131sunu s\u00fcrd\u00fcrmeye devam edecektir.<\/strong><\/p>\n\n\n\n<p style=\"font-size:clamp(16.834px, 1.052rem + ((1vw - 3.2px) * 0.716), 26px);\"><strong>NATO\u2019nun yeni Plan\u0131n\u0131n B\u00f6lgesel D\u00fczene Etkisi<\/strong><\/p>\n\n\n\n<p style=\"font-size:clamp(16.834px, 1.052rem + ((1vw - 3.2px) * 0.716), 26px);\"><strong>ABD&#8217;nin &#8220;NATO 3.0&#8243;\u0131 zorlamas\u0131, yaln\u0131zca NATO&#8217;nun i\u00e7 yap\u0131s\u0131n\u0131 yeniden \u015fekillendirmekle kalmayacak, ayn\u0131 zamanda ABD-Avrupa ili\u015fkilerini ve hatta Avrupa g\u00fcvenlik mimarisini de etkileyecektir. Bu d\u00f6n\u00fc\u015f\u00fcm\u00fcn arkas\u0131nda, ABD ile Avrupa aras\u0131ndaki derinle\u015fen yap\u0131sal \u00e7eli\u015fkiler ve ABD h\u00fck\u00fcmetinin Avrupa stratejisindeki \u00f6nemli de\u011fi\u015fimin alt\u0131nda yatan mant\u0131k yatmaktad\u0131r.<\/strong><\/p>\n\n\n\n<p style=\"font-size:clamp(16.834px, 1.052rem + ((1vw - 3.2px) * 0.716), 26px);\"><strong>II. D\u00fcnya Sava\u015f\u0131&#8217;ndan sonra, &#8220;g\u00fc\u00e7l\u00fc ittifaklar Amerika&#8217;n\u0131n k\u00fcresel etkisini art\u0131r\u0131r&#8221; ilkesi ABD d\u0131\u015f politikas\u0131n\u0131n temel bir k\u0131lavuzu haline gelmi\u015fti ve ABD ile Avrupa aras\u0131ndaki devam eden \u00e7at\u0131\u015fmalar\u0131 etkili bir \u015fekilde y\u00f6netmi\u015fti. Ancak Trump g\u00f6reve geldikten sonra Trump transatlantik ortakl\u0131\u011f\u0131n de\u011ferini alenen sorgulamaya ba\u015flam\u0131\u015f ve NATO&#8217;yu &#8220;g\u00fcncelli\u011fini yitirmi\u015f&#8221; bir ittifak olarak ele\u015ftirmi\u015ftir. Son d\u00f6nemde Trump, ABD-Avrupa ili\u015fkilerini yeniden bir &#8220;donma noktas\u0131na&#8221; itmi\u015ftir: bir dizi stratejik belgede Avrupal\u0131 m\u00fcttefiklerin stat\u00fcs\u00fcn\u00fc zay\u0131flatm\u0131\u015f, kar\u015f\u0131l\u0131kl\u0131 yard\u0131mdan ziyade \u00e7\u0131kar al\u0131\u015fveri\u015fini vurgulam\u0131\u015f, s\u0131k s\u0131k tek tarafl\u0131 bask\u0131 ve su\u00e7lamalara ba\u015fvurmu\u015f ve hatta Gr\u00f6nland konusunda Avrupa egemenli\u011finin k\u0131rm\u0131z\u0131 \u00e7izgilerine dokunmu\u015ftur.<\/strong><\/p>\n\n\n\n<p style=\"font-size:clamp(16.834px, 1.052rem + ((1vw - 3.2px) * 0.716), 26px);\"><strong>ABD, NATO \u00fczerindeki liderli\u011finden vazge\u00e7meyi d\u00fc\u015f\u00fcnm\u00fcyor <\/strong><strong><\/strong><\/p>\n\n\n\n<p style=\"font-size:clamp(16.834px, 1.052rem + ((1vw - 3.2px) * 0.716), 26px);\"><strong>Buna ra\u011fmen ABD, NATO \u00fczerindeki liderli\u011finden vazge\u00e7meyi d\u00fc\u015f\u00fcnmemektedir. ABD&#8217;nin as\u0131l amac\u0131, ittifak \u00fczerindeki kontrol\u00fc s\u00fcrd\u00fcr\u00fcrken, Avrupa&#8217;n\u0131n hem daha fazla sorumluluk \u00fcstlenmesini hem de ABD&#8217;ye ba\u011f\u0131ml\u0131 kalmaya devam etmesini istiyor.<\/strong><\/p>\n\n\n\n<p style=\"font-size:clamp(16.834px, 1.052rem + ((1vw - 3.2px) * 0.716), 26px);\"><strong>\u015eubat 2026 ortas\u0131nda yap\u0131lan M\u00fcnih G\u00fcvenlik Konferans\u0131&#8217;nda Avrupal\u0131 siyasi liderler, &#8220;stratejik \u00f6zerkli\u011fin&#8221; g\u00fc\u00e7lendirilmesi \u00e7a\u011fr\u0131s\u0131nda bulunan bir dizi a\u00e7\u0131klama yapm\u0131\u015ft\u0131. Fransa Cumhurba\u015fkan\u0131 Macron, Avrupa&#8217;y\u0131 \u00f6zerk bir jeopolitik g\u00fc\u00e7 olmaya \u00e7a\u011f\u0131rm\u0131\u015ft\u0131. Bu \u00e7a\u011fr\u0131lar, Avrupa&#8217;n\u0131n de\u011fi\u015fen ABD-Avrupa ili\u015fkileri kar\u015f\u0131s\u0131nda en k\u00f6t\u00fc senaryoya haz\u0131rland\u0131\u011f\u0131 anlam\u0131na gelmektedir, ancak mevcut ABD-Avrupa g\u00fc\u00e7 dengesi g\u00f6z \u00f6n\u00fcne al\u0131nd\u0131\u011f\u0131nda, Avrupa \u00f6znel olarak ABD ile bir kopu\u015f istemiyor.<\/strong><\/p>\n\n\n\n<p style=\"font-size:clamp(16.834px, 1.052rem + ((1vw - 3.2px) * 0.716), 26px);\"><strong>Avrupa i\u00e7in, ABD&#8217;nin isteklerine g\u00f6re \u015fekillenen bir NATO d\u00f6n\u00fc\u015f\u00fcm\u00fc, yaln\u0131zca Avrupa\u2019n\u0131n <\/strong><strong>uluslararas\u0131 konumunu ve etkisini zay\u0131flatmakla kalmayacak, ayn\u0131 zamanda Avrupa i\u00e7i b\u00f6l\u00fcnmeleri peki\u015ftirecek ve hatta daha da k\u00f6t\u00fcle\u015ftirecek; &#8220;stratejik \u00f6zerklik&#8221; savunucusu &#8220;Avrupa kanad\u0131n\u0131n&#8221; etkisini kullanmas\u0131n\u0131 zorla\u015ft\u0131racak, buna kar\u015f\u0131l\u0131k &#8220;ABD\/Atlantik\u00e7i kanata&#8221; Avrupa&#8217;n\u0131n &#8220;stratejik \u00f6zerklik&#8221; \u00e7abalar\u0131n\u0131 bast\u0131rma konusunda daha fazla g\u00fcven verecektir. ABD ve Avrupa&#8217;n\u0131n yetki ve sorumluluklar\u0131n\u0131 nas\u0131l b\u00f6l\u00fc\u015ft\u00fcrece\u011fi, Avrupa&#8217;n\u0131n hangi yolu se\u00e7ece\u011fi ve Rusya-Ukrayna \u00e7at\u0131\u015fmas\u0131n\u0131n nereye evrilece\u011fi\u2014bu de\u011fi\u015fkenler, NATO&#8217;nun son 3.0 d\u00f6n\u00fc\u015f\u00fcm s\u00fcrecini toplu olarak etkileyecek ve Avrupa g\u00fcvenlik mimarisini ve hatta k\u00fcresel jeopolitik gidi\u015fat\u0131 derinden \u015fekillendirecektir.<\/strong> NATO 3.0&#8217;\u0131n gelece\u011fi, Avrupa&#8217;n\u0131n savunma y\u00fck\u00fcn\u00fc ger\u00e7ekten devral\u0131p devralamayaca\u011f\u0131na ve a\u015f\u0131r\u0131 silahlanman\u0131n yol a\u00e7t\u0131\u011f\u0131 toplumsal ve siyasi tepkiyi i\u00e7eride sindirip sindiremeyece\u011fine ba\u011fl\u0131d\u0131r.<\/p>\n","protected":false},"excerpt":{"rendered":"<p>Emperyalist NATO \u00dc\u00e7\u00fcnc\u00fc D\u00f6neme Giriyor: ABD, &#8220;NATO 3.0&#8221; A\u015famas\u0131na Ge\u00e7i\u015fi Zorluyor T\u00fcrkiye\u2019nin NATO&nbsp; 3.0&nbsp; Hesaplar\u0131: T\u00fcrkiye&#8217;nin NATO 3.0 Zirve Toplant\u0131s\u0131ndan Temel Beklentileri Kaynak: \u00c7in Ulusal Savunma G\u00fcnl\u00fc\u011f\u00fc Gazetesi Yazar: Dr. Wang Daning, Mart 2026 &#8220;NATO 3.0&#8221; Ba\u011f\u0131ml\u0131l\u0131k de\u011fil s\u00f6zde ,\u201dOrtakl\u0131k\u201d Yoluyla NATO ittifak \u00e7er\u00e7evesini yeniden \u015fekillendirmeyi hedefliyor: ABD, &#8220;NATO 3.0&#8221; A\u015famas\u0131na Ge\u00e7i\u015fi Zorluyor NATO bug\u00fcne [&hellip;]<\/p>\n","protected":false},"author":1,"featured_media":0,"comment_status":"open","ping_status":"open","sticky":false,"template":"","format":"standard","meta":{"_monsterinsights_skip_tracking":false,"_monsterinsights_sitenote_active":false,"_monsterinsights_sitenote_note":"","_monsterinsights_sitenote_category":0,"footnotes":""},"categories":[8,53,4],"tags":[],"class_list":["post-6608","post","type-post","status-publish","format-standard","hentry","category-kapitalizm","category-turkiye-sosyalizmi-tr","category-turkiye-sosyalizmi"],"blocksy_meta":[],"_links":{"self":[{"href":"https:\/\/marksizm.org.tr\/index.php?rest_route=\/wp\/v2\/posts\/6608","targetHints":{"allow":["GET"]}}],"collection":[{"href":"https:\/\/marksizm.org.tr\/index.php?rest_route=\/wp\/v2\/posts"}],"about":[{"href":"https:\/\/marksizm.org.tr\/index.php?rest_route=\/wp\/v2\/types\/post"}],"author":[{"embeddable":true,"href":"https:\/\/marksizm.org.tr\/index.php?rest_route=\/wp\/v2\/users\/1"}],"replies":[{"embeddable":true,"href":"https:\/\/marksizm.org.tr\/index.php?rest_route=%2Fwp%2Fv2%2Fcomments&post=6608"}],"version-history":[{"count":1,"href":"https:\/\/marksizm.org.tr\/index.php?rest_route=\/wp\/v2\/posts\/6608\/revisions"}],"predecessor-version":[{"id":6609,"href":"https:\/\/marksizm.org.tr\/index.php?rest_route=\/wp\/v2\/posts\/6608\/revisions\/6609"}],"wp:attachment":[{"href":"https:\/\/marksizm.org.tr\/index.php?rest_route=%2Fwp%2Fv2%2Fmedia&parent=6608"}],"wp:term":[{"taxonomy":"category","embeddable":true,"href":"https:\/\/marksizm.org.tr\/index.php?rest_route=%2Fwp%2Fv2%2Fcategories&post=6608"},{"taxonomy":"post_tag","embeddable":true,"href":"https:\/\/marksizm.org.tr\/index.php?rest_route=%2Fwp%2Fv2%2Ftags&post=6608"}],"curies":[{"name":"wp","href":"https:\/\/api.w.org\/{rel}","templated":true}]}}