{"id":6619,"date":"2026-07-11T14:22:43","date_gmt":"2026-07-11T14:22:43","guid":{"rendered":"https:\/\/marksizm.org.tr\/?p=6619"},"modified":"2026-08-22T17:52:24","modified_gmt":"2026-08-22T17:52:24","slug":"ckpnin-kolektif-onderlik-ve-cekirdek-lider-kavrami","status":"publish","type":"post","link":"https:\/\/marksizm.org.tr\/?p=6619","title":{"rendered":"Deng Xiaoping: \u00c7KP\u2019nin Kolektif \u00d6nderlik ve \u00c7ekirdek Lider Kavram\u0131"},"content":{"rendered":"\n<h1 class=\"wp-block-heading\">Deng Xiaoping: <strong>\u00c7KP\u2019nin Kolektif \u00d6nderlik ve \u00c7ekirdek Lider Kavram\u0131<\/strong><\/h1>\n\n\n\n<h2 class=\"wp-block-heading\"><strong>\u00c7in\u2019in \u00dc\u00e7\u00fcnc\u00fc Nesil \u00d6nderler Kolektifinin \u00d6n\u00fcndeki Acil G\u00f6revler<\/strong><\/h2>\n\n\n\n<h4 class=\"wp-block-heading\"><strong>Deng Xiaoping<\/strong>, <strong>16 Haziran 1989<\/strong><\/h4>\n\n\n\n<figure class=\"wp-block-image aligncenter size-large\"><img loading=\"lazy\" decoding=\"async\" width=\"1024\" height=\"576\" src=\"https:\/\/marksizm.org.tr\/wp-content\/uploads\/2026\/07\/EaHadEA-1024x576.jpg\" alt=\"\" class=\"wp-image-6620\" srcset=\"https:\/\/marksizm.org.tr\/wp-content\/uploads\/2026\/07\/EaHadEA-1024x576.jpg 1024w, https:\/\/marksizm.org.tr\/wp-content\/uploads\/2026\/07\/EaHadEA-300x169.jpg 300w, https:\/\/marksizm.org.tr\/wp-content\/uploads\/2026\/07\/EaHadEA-768x432.jpg 768w, https:\/\/marksizm.org.tr\/wp-content\/uploads\/2026\/07\/EaHadEA-1536x864.jpg 1536w, https:\/\/marksizm.org.tr\/wp-content\/uploads\/2026\/07\/EaHadEA.jpg 1920w\" sizes=\"auto, (max-width: 1024px) 100vw, 1024px\" \/><\/figure>\n\n\n\n<p style=\"font-size:clamp(16.834px, 1.052rem + ((1vw - 3.2px) * 0.716), 26px);\">Kom\u00fcnist Partimiz bundan b\u00f6yle \u00fc\u00e7\u00fcnc\u00fc nesil kolektif \u00f6nderli\u011fini meydana getirmelidir. Tarihsel a\u00e7\u0131dan, Partimiz, kurulu\u015fundan itibaren 1935\u2019deki Zunyi Toplant\u0131s\u0131na kadar olan d\u00f6nemde 14 y\u0131l boyunca olgun bir \u00f6nderli\u011fe sahip olmam\u0131\u015ft\u0131r.&nbsp;Chen Duxiu, Qu Quibai, Zhiang Zhogfa, Li Lisan ve Wang Ming yetkin bir merkezi \u00f6nderlik meydana getirememi\u015flerdir.<\/p>\n\n\n\n<p style=\"font-size:clamp(16.834px, 1.052rem + ((1vw - 3.2px) * 0.716), 26px);\">Ancak 1935\u2019teki Zunyi Toplant\u0131s\u0131\u2019n\u0131n ard\u0131ndan, Partimizde olgun bir kolektif \u00f6nderlik \u015fekillenmeye ba\u015flam\u0131\u015ft\u0131r. S\u00f6z konusu \u00f6nderlik&nbsp;<strong>Mao (Zedung), Liu (Shaoqi), Zhou (Enlai), Zhu (De)&nbsp;<\/strong>ve<strong>&nbsp;Ren Bishi<\/strong>&nbsp;isimli yolda\u015flardan olu\u015fmu\u015ftu. Yolda\u015f Ren Bishi\u2019nin vefat\u0131n\u0131n ard\u0131ndan, Yolda\u015f Chen Yun bu \u00f6nderlik kolektifine d\u00e2hil olmu\u015ftu.1956\u2019daki Sekizinci Ulusal Parti Kongresi\u2019nde, Merkez Komitesi, Mao, Liu, Zhou, Zhu, Chen ve Deng yolda\u015flardan olu\u015fan bir MK Daimi Komitesi meydana getirmi\u015ftir. \u0130lerleyen s\u00fcre\u00e7te, Lin Biao Daimi Komite\u2019ye d\u00e2hil olmu\u015ftur. Bu kolektif \u00f6nderlik, 1966\u2019daki \u201cK\u00fclt\u00fcr Devrimi\u201dne dek yoluna devam etmi\u015ftir.<\/p>\n\n\n\n<p style=\"font-size:clamp(16.834px, 1.052rem + ((1vw - 3.2px) * 0.716), 26px);\">\u201cK\u00fclt\u00fcr Devrimi\u201d \u00f6ncesindeki uzun tarihsel s\u00fcre\u00e7te, Partimiz hangi hatalar\u0131 yapm\u0131\u015f olursa olsun ve \u00f6nderli\u011fin kompozisyonunda hangi personel de\u011fi\u015fiklikleri ger\u00e7ekle\u015firse ger\u00e7ekle\u015fsin, \u00e7ekirde\u011fini Yolda\u015f Mao Zedung\u2019un olu\u015fturdu\u011fu kolektif \u00f6nderlik varl\u0131\u011f\u0131n\u0131 korumu\u015ftur. Bu kolektif partimizdeki birinci nesil kolektif \u00f6nderlikti.<\/p>\n\n\n\n<p style=\"font-size:clamp(16.834px, 1.052rem + ((1vw - 3.2px) * 0.716), 26px);\">1978\u2019deki On Birinci Merkez Komitesinin \u00dc\u00e7\u00fcnc\u00fc Tam Kat\u0131l\u0131ml\u0131 Toplant\u0131s\u0131\u2019nda, Parti yeni bir kolektif \u00f6nderlik\u2014ikinci nesil kolektif \u00f6nderli\u011fi\u2014meydana getirdi. Pratikte bu \u00f6nderlik i\u00e7erisinde \u015fahs\u0131m merkezi bir konumda yer almaktad\u0131r. Bu kolektif \u00f6nderli\u011fin meydana getirilmesinden bu yana halefimi belirleme \u00e7abas\u0131nday\u0131m. Se\u00e7mi\u015f oldu\u011fum ve yeni kolektif \u00f6nderli\u011fin merkezini olu\u015fturmas\u0131n\u0131 bekledi\u011fim haleflerden hi\u00e7biri mevkilerinde uzun bir s\u00fcre kalamam\u0131\u015flard\u0131r, fakat o s\u0131ralar g\u00f6revlerindeki ba\u015far\u0131lar\u0131 ve ula\u015fm\u0131\u015f olduklar\u0131 politik ve ideolojik seviye bak\u0131m\u0131ndan, bu ki\u015filer \u00f6n\u00fcmdeki se\u00e7eneklerin en isabetli olanlar\u0131yd\u0131. Ayr\u0131ca insanlar da de\u011fi\u015febilmektedir.<\/p>\n\n\n\n<p style=\"font-size:clamp(16.834px, 1.052rem + ((1vw - 3.2px) * 0.716), 26px);\">Kolektif \u00f6nderli\u011fin bir \u00e7ekirde\u011fi olmal\u0131d\u0131r; bir \u00e7ekirdek olmaks\u0131z\u0131n, hi\u00e7bir \u00f6nderlik yeterince kuvvetli say\u0131lamaz. \u0130lk nesil kolektif \u00f6nderli\u011fimizin \u00e7ekirde\u011fi Ba\u015fkan Mao idi. Bu \u00e7ekirdek sayesinde, \u201cK\u00fclt\u00fcr Devrimi\u201d Kom\u00fcnist Partimizin belini b\u00fckememi\u015ftir. \u015eahs\u0131m ise fiilen ikinci neslin \u00e7ekirde\u011fini te\u015fkil etmektedir. Bu \u00e7ekirdek sayesinde, son geli\u015fmelerde merkez olarak d\u00fc\u015f\u00fcnd\u00fc\u011f\u00fcm\u00fcz \u00f6nderlerimizin ikisini birbiri ard\u0131ndan de\u011fi\u015ftirmi\u015f olmam\u0131za ra\u011fmen, Parti \u00f6nderli\u011fi bu durumdan etkilenmedi\u011fi gibi, istikrar\u0131n\u0131 korumu\u015ftur.<\/p>\n\n\n\n<p style=\"font-size:clamp(16.834px, 1.052rem + ((1vw - 3.2px) * 0.716), 26px);\"><strong>* Hu Yao Bang 1987 y\u0131l\u0131nda ve Zhao Ziyang 1989 y\u0131l\u0131nda bu y\u0131llarda olu\u015fan burjuva liberalizmine kar\u015f\u0131 gerekli kararl\u0131 tutumu alamad\u0131klar\u0131 i\u00e7in g\u00f6revden ayr\u0131lmak zorunda kalm\u0131\u015flard\u0131.<\/strong><\/p>\n\n\n\n<p style=\"font-size:clamp(16.834px, 1.052rem + ((1vw - 3.2px) * 0.716), 26px);\">\u00dc\u00e7\u00fcnc\u00fc nesil kolektif \u00f6nderli\u011fin de bir \u00e7ekirde\u011fi olmal\u0131d\u0131r; burada haz\u0131r bulunan t\u00fcm yolda\u015flar bu zaruretin fark\u0131nda olmal\u0131 ve bu zaruret do\u011frultusunda hareket etmelidirler. \u00c7ekirde\u011fin muhafazas\u0131na \u00e7abalamal\u0131s\u0131n\u0131z\u2014Yolda\u015f Jiang Zemin, sizin de benimsemi\u015f oldu\u011funuz gibi, i\u015fe ba\u015flad\u0131\u011f\u0131 ilk g\u00fcnden itibaren, yeni Merkez Komitesi Daimi Komitenin bu kolektif \u00f6nderli\u011fin ve \u00e7ekirde\u011fin meydana getirilip muhafaza edilmesine yo\u011funla\u015fmal\u0131d\u0131r.<\/p>\n\n\n\n<p style=\"font-size:clamp(16.834px, 1.052rem + ((1vw - 3.2px) * 0.716), 26px);\">Sa\u011flam bir Siyasi B\u00fcro\u2019ya ve sa\u011flam bir Daimi Komite\u2019ye sahip oldu\u011fumuz m\u00fcddet\u00e7e ve bu Merkez Komite birlik halinde oldu\u011fu ve \u00fclkenin in\u015fas\u0131nda sergiledi\u011fi gayretle ve yolsuzlukla m\u00fccadelesiyle \u00f6rnek te\u015fkil etti\u011fi m\u00fcddet\u00e7e her t\u00fcrl\u00fc g\u00fc\u00e7l\u00fck kar\u015f\u0131s\u0131nda dimdik ayakta durabilir. Ba\u015f\u0131m\u0131zdan ge\u00e7en son olay i\u015f\u00e7i s\u0131n\u0131f\u0131n\u0131n, k\u00f6yl\u00fclerin ve Kurtulu\u015f Ordusu\u2019nun yan\u0131 s\u0131ra i\u015f\u00e7i s\u0131n\u0131f\u0131n\u0131n birer par\u00e7as\u0131 olan ayd\u0131nlar\u0131n g\u00fcvenilir olduklar\u0131n\u0131 g\u00f6stermi\u015ftir. Ancak e\u011fer merkezi \u00f6nderlik i\u00e7erisinde ayr\u0131\u015fmalar ya\u015fanm\u0131\u015f olsayd\u0131, bu s\u0131navdan ba\u015far\u0131yla ge\u00e7memiz s\u00f6z konusu olamazd\u0131. Bu birlik son derece hayatiydi. \u00dclkenin, Parti\u2019nin ve halk\u0131n kaderi, yukar\u0131da tan\u0131mlam\u0131\u015f oldu\u011fum bi\u00e7imde g\u00fc\u00e7l\u00fc kolektif \u00f6nderli\u011fin ellerindedir.<\/p>\n\n\n\n<p style=\"font-size:clamp(16.834px, 1.052rem + ((1vw - 3.2px) * 0.716), 26px);\">Emektar yolda\u015flardan Li Peng ve Yao Yilin\u2019e, yeni \u00f6nderlerin d\u00fczenli bir y\u00f6ntem d\u00e2hilinde faaliyete ge\u00e7mesi halinde, sizlerin i\u015fleriniz \u00fczerinde kafa yormay\u0131, veya i\u015flerinize m\u00fcdahalede bulunmay\u0131 kesece\u011fimi anlatt\u0131m. Ayr\u0131ca, bunun politik rol\u00fcm\u00fcn gere\u011fi olan bir karar oldu\u011funu da ekledim. \u015e\u00fcphesiz, bana dan\u0131\u015fmak istedi\u011finizde, sizleri y\u00fcz\u00fcst\u00fc b\u0131rakmayaca\u011f\u0131m, ancak bu eskisi gibi bir nitelik ta\u015f\u0131mayacakt\u0131r.<\/p>\n\n\n\n<p style=\"font-size:clamp(16.834px, 1.052rem + ((1vw - 3.2px) * 0.716), 26px);\">Yeni Siyasi B\u00fcro\u2019nun ve yeni Daimi Komitenin kurulmas\u0131n\u0131n ard\u0131ndan, bu yap\u0131lar\u0131n benim herhangi bir \u00f6zel role sahip olmayaca\u011f\u0131m\u0131 dile getireceklerini ve ilan edeceklerini umuyorum. Neden? Al\u00e7akg\u00f6n\u00fcll\u00fc oldu\u011fumdan falan de\u011fil. Fakat \u015fu an itibariyle \u00fczerimde gere\u011finden fazla bir y\u00fck olursa, ne \u00fclke, ne de Parti i\u00e7in iyi olmayaca\u011f\u0131 gibi, bir s\u00fcre sonra tehlike dahi yaratabilir. Pek \u00e7ok \u00fclke, \u00c7in politikalar\u0131n\u0131 \u015fahs\u0131m\u0131n hastalanmas\u0131 veya \u00f6l\u00fcm\u00fc \u00fczerine kuruyor. Uzun y\u0131llard\u0131r bu durumun fark\u0131nday\u0131m. Bir \u00fclkenin kaderini, bir ya da birka\u00e7 ki\u015finin sayg\u0131nl\u0131\u011f\u0131na ba\u011flamas\u0131 hi\u00e7 de sa\u011fl\u0131kl\u0131 bir tercih de\u011fildir. Bir \u015fey olmad\u0131\u011f\u0131 takdirde sorun yok; fakat bir \u015fey olursa durumun kontrol\u00fcn\u00fc sa\u011flayabilmek g\u00fc\u00e7 olur.<\/p>\n\n\n\n<p style=\"font-size:clamp(16.834px, 1.052rem + ((1vw - 3.2px) * 0.716), 26px);\">Yeni \u00f6nder grubun bi\u00e7imlenmesiyle beraber, hatan\u0131zla do\u011frunuzla, her \u015feyin sorumlusu sizler olmal\u0131s\u0131n\u0131z. Bu tarz, yani ba\u011f\u0131ms\u0131z halde i\u015f g\u00f6rebilmeniz en iyisidir, \u00e7\u00fcnk\u00fc yeni kolektif \u00f6nderlik kendini dizginleyebilecektir. Her \u015feye ra\u011fmen, bizim eski tarz\u0131m\u0131z pek de ba\u015far\u0131l\u0131 say\u0131lamaz. 85 ya\u015f\u0131nday\u0131m ve bu ilerlemi\u015f ya\u015f\u0131mda hakk\u0131mda neyin daha uygun oldu\u011funu bilmem gerekir. Benim as\u0131l kayg\u0131m \u00fclkenin genel \u00e7\u0131kar\u0131d\u0131r. Bir ki\u015finin varl\u0131\u011f\u0131 \u00fclkedeki istikrar\u0131 ve sa\u011flam kalk\u0131nmay\u0131 ters etkiliyorsa, bu bir problem yaratacakt\u0131r. Yapabilece\u011fim bir \u015fey varsa, k\u0131y\u0131s\u0131ndan yard\u0131mc\u0131 olman\u0131n \u00f6tesinde bir katk\u0131ya haz\u0131r\u0131m, fakat asla resmi bir unvan almamal\u0131y\u0131m.<\/p>\n\n\n\n<p style=\"font-size:clamp(16.834px, 1.052rem + ((1vw - 3.2px) * 0.716), 26px);\"><strong>Parti \u00f6nderli\u011fini savunma<\/strong><\/p>\n\n\n\n<p style=\"font-size:clamp(16.834px, 1.052rem + ((1vw - 3.2px) * 0.716), 26px);\">Bu olay g\u00f6stermi\u015ftir ki, hayati mesele sosyalist yolda ilerlemeye devam etme ve sosyalizmin in\u015fas\u0131nda Partinin \u00f6nderli\u011fini savunma meselesidir. Bat\u0131l\u0131 emperyalistler sosyalist \u00fclkelerin t\u00fcm\u00fcn\u00fc sosyalist yoldan al\u0131koymaya, bunlar\u0131 uluslararas\u0131 tekelci sermayenin hakimiyeti alt\u0131na almaya ve kapitalist yola \u00e7ekmeye \u00e7abal\u0131yorlar. Bu gerici ak\u0131m kar\u015f\u0131s\u0131nda kesin bir duru\u015f sergilemeliyiz. \u00c7\u00fcnk\u00fc, sosyalizmi savunmad\u0131\u011f\u0131m\u0131z takdirde, en iyi ihtimalle di\u011fer \u00fclkelerin ba\u011f\u0131ml\u0131s\u0131 olan ba\u011f\u0131ml\u0131 bir \u00fclke haline geliriz ve geli\u015fmemiz daha da g\u00fc\u00e7le\u015fecektir. Uluslararas\u0131 piyasa zaten onlar taraf\u0131ndan tutulmu\u015ftur ve bizim buraya giri\u015fimiz daha da zor olacakt\u0131r. Sadece sosyalizm \u00c7in i\u00e7in kurtulu\u015f olabilir ve \u00c7in\u2019i sadece sosyalizm geli\u015ftirebilir.<\/p>\n\n\n\n<p style=\"font-size:clamp(16.834px, 1.052rem + ((1vw - 3.2px) * 0.716), 26px);\">Bu ba\u011flamda, son isyan \u00f6n\u00fcm\u00fcze \u0131\u015f\u0131k tutmu\u015ftur; \u00f6nemi bizi daha temkinli k\u0131lmas\u0131d\u0131r. Sosyalist yolu takip etmedik\u00e7e, \u00c7in\u2019in gelece\u011fi karanl\u0131kt\u0131r. \u00c7in yoksul bir \u00fclkedir ve insanlar neden \u00c7in\u2019e Birle\u015fik Devletler ve Sovyetler Birli\u011fi ile beraber d\u00fc\u015f\u00fcn\u00fcp d\u00fcnyadaki \u201cb\u00fcy\u00fck \u00fc\u00e7gen\u201din bir par\u00e7as\u0131 g\u00f6z\u00fcyle bak\u0131yorlar? \u00c7\u00fcnk\u00fc, \u00c7in ba\u011f\u0131ms\u0131z bir \u00fclkedir. Neden ba\u011f\u0131ms\u0131z\u0131z diyoruz? \u00c7\u00fcnk\u00fc kendi \u00fclkemizin ko\u015fullar\u0131na uyumlu bir sosyalizmin in\u015fas\u0131na u\u011fra\u015f\u0131yoruz. Aksi takdirde, ya Amerikal\u0131lar\u0131n, ya di\u011fer kalk\u0131nm\u0131\u015f \u00fclkelerin, ya da Sovyetler Birli\u011fi\u2019nin iradesi \u00e7izgisinde hareket etmek zorunda kal\u0131r\u0131z. O halde hangi ba\u011f\u0131ms\u0131zl\u0131ktan bahsedebiliriz? \u015eu anda, d\u00fcnya \u00e7ap\u0131nda \u00f6zellikle bat\u0131l\u0131 medya \u00fczerimize bask\u0131 uygulamakta; bunu so\u011fukkanl\u0131l\u0131kla kar\u015f\u0131lamal\u0131, provokasyona gelmemeliyiz. Her ne olursa olsun, kendi meselelerimizi lay\u0131k\u0131yla idare etmeliyiz; bu olay hatalar\u0131m\u0131z\u0131 yeterince orta yere sermi\u015ftir! Hatalar\u0131m\u0131z\u0131n oldu\u011fu do\u011frudur. Ve hi\u00e7 de ufak say\u0131lmazlar.<\/p>\n\n\n\n<p style=\"font-size:clamp(16.834px, 1.052rem + ((1vw - 3.2px) * 0.716), 26px);\">\u015eimdi ise, hemen yak\u0131n gelecekte yapmam\u0131z gerekenler \u00fczerinde konu\u015fmak istiyorum. \u0130syan\u0131n tamamen bast\u0131r\u0131lmas\u0131n\u0131 bekleyemeyiz. Bir yandan bu y\u00f6nde \u00e7aba harcamal\u0131, di\u011fer yandan da yapt\u0131\u011f\u0131m\u0131z hatalar\u0131 belirlemeli, bunlar\u0131 d\u00fczeltmenin yollar\u0131n\u0131 bulmal\u0131 ve acil problemleri belirlemeliyiz. Her \u015feyi bir kerede ele almal\u0131y\u0131z. Bug\u00fcn piyasa ve planlama benzeri teorik niteli\u011fi olan bir mesele \u00fczerine tart\u0131\u015fmayla i\u015fe ba\u015flarsak, istikrar\u0131n teminine bir faydas\u0131 olmayaca\u011f\u0131 gibi, \u00fcst\u00fcne \u00fcstl\u00fck bekleyen i\u015flerimize yo\u011funla\u015fmam\u0131z\u0131 erteleyecektir. \u015eu an itibariyle halk\u0131 tatmine y\u00f6nelik bir dizi i\u015fi halletme \u00fczerine yo\u011funla\u015fmal\u0131y\u0131z. Bu arada da ilerlememizin \u00f6n\u00fcn\u00fc kesen problemlere s\u00fcratle e\u011filmeliyiz. \u0130lk olarak, ekonomik geli\u015fmenin h\u0131z\u0131 kesilmemelidir. M\u00fcmk\u00fcn olan en y\u00fcksek b\u00fcy\u00fcme oran\u0131n\u0131 yakalayabilmek i\u00e7in var g\u00fcc\u00fcm\u00fczle \u00e7al\u0131\u015fmal\u0131y\u0131z. Ku\u015fkusuz, bu oran i\u015fin ba\u015f\u0131nda planlam\u0131\u015f oldu\u011fumuz kadar y\u00fcksek olmamal\u0131d\u0131r. H\u00e2lihaz\u0131rda, temel problem temel sanayilerimizin zay\u0131f olmas\u0131 ve yeterli miktarda elektri\u011fimizin, ham ve mamul maddelerimizin bulunmay\u0131\u015f\u0131d\u0131r. Dahas\u0131, k\u00fc\u00e7\u00fck i\u015fletmeler b\u00fcy\u00fcklere ayr\u0131lm\u0131\u015f olan maddeleri bitirdiler. Neticede, devlet b\u00fcy\u00fck kay\u0131plara u\u011frad\u0131. Bu sefer ekonomik yava\u015flama meselesine de\u011findi\u011fimizde, acil problemleri belirlemeli ve duraksamaks\u0131z\u0131n \u00e7\u00f6zmeliyiz. Duraksama gecikmeye yol a\u00e7ar. Do\u011frulu\u011fundan emin oldu\u011fumuz ne varsa ortaya koymal\u0131 ve prati\u011fe ge\u00e7irmeliyiz, bu da geli\u015fimimize katk\u0131 sunar. \u00d6n\u00fcm\u00fczdeki on bir bu\u00e7uk y\u0131lda 2000 y\u0131l\u0131na kadar ekonomiyi dengeli bir h\u0131zda b\u00fcy\u00fctmeye \u00e7abalamal\u0131y\u0131z. GSMH\u2019yi reel temelde ikiye katlad\u0131\u011f\u0131m\u0131zda, insanlar \u00fclkemizin ve sosyalizm davam\u0131z\u0131n serpildi\u011fini g\u00f6receklerdir. Merkez Komitesi ve Devlet Konseyi yetkin ve otorite sahibi olmal\u0131d\u0131r. Otoritesiz nas\u0131l i\u015f g\u00f6rebilirler ki?<\/p>\n\n\n\n<p style=\"font-size:clamp(16.834px, 1.052rem + ((1vw - 3.2px) * 0.716), 26px);\"><strong>21. y\u00fczy\u0131l\u0131n ilk 50 y\u0131l\u0131<\/strong><\/p>\n\n\n\n<p style=\"font-size:clamp(16.834px, 1.052rem + ((1vw - 3.2px) * 0.716), 26px);\">Gelecek y\u00fczy\u0131l\u0131n ilk 50 y\u0131l\u0131 i\u00e7in geli\u015fme stratejisi ve program\u0131 \u00fczerinde \u00e7al\u0131\u015facak, \u00f6zellikle de temel sanayilerin, ileti\u015fimin ve ula\u015f\u0131m\u0131n geli\u015ftirilmesi i\u00e7in bir plan \u00fcretebilecek bir organ tesis edilmelidir. S\u00fcrekli ve s\u00fcrd\u00fcr\u00fclebilir bir geli\u015fimin teminine y\u00f6nelik \u00f6nlemler al\u0131nmal\u0131d\u0131r. Daha \u00f6nce de dile getirmi\u015f oldu\u011fum \u00fczere, bu son olay\u0131n ard\u0131ndan, ge\u00e7mi\u015fimizi nesnel bir bi\u00e7imde g\u00f6zden ge\u00e7irip, gelece\u011fimizi g\u00f6z \u00f6n\u00fcnde bulundurmam\u0131z halinde, \u00fclkemiz sadece daha iyi ve daha istikrarl\u0131 de\u011fil, ayn\u0131 zamanda daha da s\u00fcratli geli\u015fecektir. Ya\u015fanan \u015ferden bir hay\u0131r \u00e7\u0131kartmak elimizdedir. S\u00f6z konusu planlama organ\u0131, ayn\u0131 zamanda, nihai olarak bilimin yard\u0131m\u0131yla \u00e7\u00f6z\u00fcmlenebilecek olan tar\u0131m probleminin de \u00fczerinde \u00e7al\u0131\u015fmal\u0131d\u0131r. Bilim ola\u011fan\u00fcst\u00fc bir aland\u0131r ve bilimin \u00f6nemini kavramal\u0131y\u0131z.<\/p>\n\n\n\n<p style=\"font-size:clamp(16.834px, 1.052rem + ((1vw - 3.2px) * 0.716), 26px);\">\u0130kincisi, halk\u0131 tatmine y\u00f6nelik bir dizi i\u015fi halletmeliyiz. \u00d6ncelikli olarak iki i\u015f bulunmaktad\u0131r: Biri reformun ve d\u0131\u015f d\u00fcnyaya a\u00e7\u0131lman\u0131n daha cesaretle y\u00fcr\u00fct\u00fclmesi, di\u011feri ise yolsuzlu\u011fu cezaland\u0131rmak \u00fczere s\u00fcratle harekete ge\u00e7mektir.<\/p>\n\n\n\n<p style=\"font-size:clamp(16.834px, 1.052rem + ((1vw - 3.2px) * 0.716), 26px);\">D\u0131\u015f d\u00fcnyaya a\u00e7\u0131lma ile ilgili i\u015fler esas olarak Devlet Konseyi eliyle yap\u0131lmal\u0131d\u0131r. Konsey, d\u00fcnyada olabildi\u011fince geni\u015f bir co\u011frafyaya a\u00e7\u0131lma kararl\u0131l\u0131\u011f\u0131nda olmal\u0131d\u0131r; bunun i\u00e7in gereken cesareti sergilemelidir. Genel anlamda, i\u015fletmeler d\u0131\u015fa a\u00e7\u0131lma s\u00fcrecinde k\u00e2rlar\u0131n\u0131n az olmas\u0131na bakmamal\u0131 ve mali kay\u0131plar vermekten \u00fcrkmemelidir, ba\u015flang\u0131\u00e7ta kay\u0131plar olabilir. Uzun vadeli \u00e7\u0131karlar\u0131m\u0131z d\u00e2hilinde yararl\u0131 olabilecek \u015feyleri ger\u00e7ekle\u015ftirmeye haz\u0131rl\u0131kl\u0131 olmal\u0131d\u0131rlar. Devlet Konseyi reform ve d\u0131\u015fa a\u00e7\u0131lman\u0131n peki\u015ftirilmesi i\u00e7in daha fazla \u00e7abalamal\u0131d\u0131r. Yabanc\u0131 sermaye i\u00e7eren ortakl\u0131klar kurulmal\u0131 ve belirli yerellere \u00f6zel ekonomi b\u00f6lgeleri kurma izni verilmelidir. Daha fazla d\u0131\u015f sermayeyi yurda \u00e7ekebilirsek, yabanc\u0131 i\u015fadamlar\u0131 kadar, bizler de bundan \u00e7\u0131kar sa\u011flayaca\u011f\u0131z. \u00d6rne\u011fin, vergi toplayabiliriz, yabanc\u0131 fonlu i\u015fletmelere profesyonel hizmetler vererek kazan\u00e7 sa\u011flayabiliriz ve buradan edindi\u011fimiz deneyim ile kendi ba\u015f\u0131m\u0131za bir dizi k\u00e2rl\u0131 i\u015fletme kurabiliriz. Bu sayede ekonomimiz g\u00fc\u00e7lendirilecektir.<\/p>\n\n\n\n<p style=\"font-size:clamp(16.834px, 1.052rem + ((1vw - 3.2px) * 0.716), 26px);\">Yabanc\u0131lar tekrar kap\u0131lar\u0131m\u0131z\u0131n ard\u0131na \u00e7ekilece\u011fimizden- kapanaca\u011f\u0131m\u0131zdan &#8211; \u00fcrk\u00fcyorlarsa, reform ve d\u0131\u015f d\u00fcnyaya a\u00e7\u0131lma politikalar\u0131m\u0131z\u0131n de\u011fi\u015fmeyece\u011fine, tersine daha da ilerletilece\u011fini ortaya koyacak i\u015fler yapmal\u0131y\u0131z ve onlara bunu a\u00e7\u0131k\u00e7a g\u00f6stermeliyiz. Bu d\u00f6nemde politik yeniden yap\u0131lanmam\u0131z\u0131n en y\u00fcksek hedefi \u00e7evre-b\u00f6lgemizin istikrar\u0131n\u0131 korumakt\u0131r. Amerikal\u0131lara \u00c7in\u2019in ertelenemez ve vazge\u00e7ilmez \u00e7\u0131kar\u0131n\u0131n istikrar oldu\u011funu anlatt\u0131m. D\u00f6rt Temel* \u0130lke\u2019yi savunan konumumuzdan asla geri ad\u0131m atmad\u0131k. Amerikal\u0131lar\u0131n ele\u015ftirileri ve s\u00f6ylentileri hik\u00e2yedir. Kabar\u0131k say\u0131da memurun \u00e7al\u0131\u015ft\u0131\u011f\u0131 devlet \u00f6rg\u00fctlerinin k\u00fc\u00e7\u00fclt\u00fclmesi ve hukuk sisteminin g\u00fc\u00e7lendirilmesi yapt\u0131\u011f\u0131m\u0131z reformun bile\u015fenlerindendir.<\/p>\n\n\n\n<p style=\"font-size:clamp(16.834px, 1.052rem + ((1vw - 3.2px) * 0.716), 26px);\">*&nbsp;D\u00f6rt Temel \u0130lke; \u00c7in\u2019deki Marksistlerin Reform ve D\u0131\u015fa D\u00fcnyaya A\u00e7\u0131lma Stratejisi ile birlikte \u00f6zellikle parti \u00fcyeleri i\u00e7in getirdikleri yeni bir politikad\u0131r.<\/p>\n\n\n\n<p style=\"font-size:clamp(16.834px, 1.052rem + ((1vw - 3.2px) * 0.716), 26px);\"><strong>D\u00f6rt temel ilke<\/strong><\/p>\n\n\n\n<p style=\"font-size:clamp(16.834px, 1.052rem + ((1vw - 3.2px) * 0.716), 26px);\">Bu politikaya g\u00f6re reformlar\u0131 y\u00fcr\u00fct\u00fcl\u00fcrken partililer daima d\u00f6rt temel ilkeyi g\u00f6z \u00f6n\u00fcnde bulundurulmal\u0131 ve bu ilkelere g\u00f6re davran\u0131lmal\u0131d\u0131r, bu d\u00f6rt ilke \u015f\u00f6yle tan\u0131mlanm\u0131\u015ft\u0131r,&nbsp;<strong>Sosyalist yola ba\u011fl\u0131 kalmak, Halk\u0131n demokratik diktat\u00f6rl\u00fc\u011f\u00fc devlet sistemine ba\u011fl\u0131 kalmak, Sosyalizmin in\u015fas\u0131nda partinin \u00f6nderli\u011fi ilkesine ba\u011fl\u0131 kalmak, Marksizm-Leninizm ve Mao Zedung D\u00fc\u015f\u00fcncesi ideolojisine ba\u011fl\u0131 kalmak.<\/strong><\/p>\n\n\n\n<p style=\"font-size:clamp(16.834px, 1.052rem + ((1vw - 3.2px) * 0.716), 26px);\">Yolsuzlu\u011fun s\u0131k\u0131 bir bi\u00e7imde cezaland\u0131r\u0131lmas\u0131na gelince, asgari on ya da yirmi davay\u0131 kamuoyunun g\u00f6z\u00fc \u00f6n\u00fcnde ve vakit ge\u00e7irmeksizin ele almal\u0131y\u0131z. Bu son olaylarda reform ve d\u0131\u015f d\u00fcnyaya a\u00e7\u0131lma aleyhinde hi\u00e7 bir slogana rastlanmad\u0131\u011f\u0131 halde, dillerde en s\u0131k dola\u015fan sloganlardan biri yolsuzlukla m\u00fccadele talebiydi. Ku\u015fkusuz, belli ki\u015filer bu slogan\u0131 insanlar\u0131 ba\u015ftan \u00e7\u0131karman\u0131n bahanesi olarak kullanm\u0131\u015flard\u0131r. Fakat, kendi hesab\u0131m\u0131za, yolsuzlu\u011fu cezaland\u0131rmad\u0131\u011f\u0131m\u0131z takdirde, \u00f6zellikle de \u00fcst d\u00fczey Parti \u00f6nderleri aras\u0131nda bunu yapmazsak, Parti\u2019yi ray\u0131na oturtma ve stratejik hedeflerimize ula\u015fma noktalar\u0131nda ba\u015far\u0131s\u0131zl\u0131\u011fa u\u011frama riskiyle kar\u015f\u0131 kar\u015f\u0131ya kal\u0131r\u0131z. Yeni \u00f6nderler kolektifi, her \u015feyden \u00f6nce, Parti\u2019yi ray\u0131na oturtma \u00e7abalar\u0131m\u0131z\u0131n \u00f6nemli bir par\u00e7as\u0131 olan bu probleme iyice e\u011filme yoluna gitmeliler. \u00dclkeyi in\u015faya bunca emek harcarken, baz\u0131 insanlar\u0131n yolsuzluktan \u00e7\u0131kar sa\u011flamalar\u0131na nas\u0131l g\u00f6z yumulabilir? \u00d6zellikle bu meseleyi tart\u0131\u015fma masas\u0131na yat\u0131raca\u011f\u0131n\u0131z\u0131 umar\u0131m.<\/p>\n\n\n\n<p style=\"font-size:clamp(16.834px, 1.052rem + ((1vw - 3.2px) * 0.716), 26px);\">Reformu ve d\u0131\u015f d\u00fcnyaya a\u00e7\u0131lmay\u0131 y\u00fcr\u00fct\u00fcrken, ayn\u0131 zamanda da yolsuzlu\u011fu cezaland\u0131rmaktay\u0131z. \u0130nsanlar bu iki noktan\u0131n kesi\u015fti\u011fini g\u00f6rd\u00fckleri vakit, politikalar\u0131m\u0131z\u0131 daha net kavrayacaklar ve desteklerini esirgemeyeceklerdir.<\/p>\n\n\n\n<p style=\"font-size:clamp(16.834px, 1.052rem + ((1vw - 3.2px) * 0.716), 26px);\"><strong>\u0130syan\u0131 tam olarak bast\u0131rmal\u0131y\u0131z<\/strong><\/p>\n\n\n\n<p style=\"font-size:clamp(16.834px, 1.052rem + ((1vw - 3.2px) * 0.716), 26px);\">\u00dc\u00e7\u00fcnc\u00fcs\u00fc, isyan\u0131 tam olarak bast\u0131rmal\u0131y\u0131z. Bu olay, \u00c7in\u2019deki b\u00fct\u00fcn yasad\u0131\u015f\u0131 \u00f6rg\u00fctleri a\u00e7\u0131\u011fa \u00e7\u0131karmak i\u00e7in bulunmaz bir f\u0131rsatt\u0131r; bu da olumlu bir geli\u015fmedir. Olay\u0131 do\u011fru bi\u00e7imde ele alacak olursak, b\u00fcy\u00fck bir zafer kazanm\u0131\u015f olaca\u011f\u0131z. En y\u00fcz k\u0131zart\u0131c\u0131 su\u00e7lar\u0131n m\u00fcsebbibi olan kimselere kar\u015f\u0131 asla yumu\u015fak davranmamal\u0131y\u0131z. Ku\u015fkusuz, do\u011fru ile yanl\u0131\u015f\u0131 ve daha ciddi ve daha az ciddi olan su\u00e7lar aras\u0131nda bir ayr\u0131ma gidebilme ba\u015far\u0131s\u0131n\u0131 g\u00f6sterebilmeliyiz. Bir su\u00e7u veya hatay\u0131 ele al\u0131rken olgulardan yola \u00e7\u0131kmal\u0131, hukuku temel bir \u00f6l\u00e7\u00fct olarak ele almal\u0131 ve su\u00e7unu itiraf edenlere kar\u015f\u0131 affedici, itiraf etmeyenlere kar\u015f\u0131ysa ac\u0131mas\u0131z davranma ihtiyac\u0131nda olmal\u0131y\u0131z. S\u00f6z konusu politikalar\u0131m\u0131zla uyu\u015ftuklar\u0131 s\u00fcrece, su\u00e7la m\u00fccadelede ba\u015fkaca \u00f6zel politikalar da geli\u015ftirebiliriz. \u00e7e\u015fitlendirilebilir.<\/p>\n\n\n\n<p style=\"font-size:clamp(16.834px, 1.052rem + ((1vw - 3.2px) * 0.716), 26px);\">Az \u00f6nce \u00e7er\u00e7evesini \u00e7izmi\u015f oldu\u011fum \u00fc\u00e7 hususu hayata ge\u00e7irmeye yo\u011funla\u015faca\u011f\u0131n\u0131z umudunday\u0131m. Bir nokta daha: Daimi Komite\u2019deki yolda\u015flar Parti in\u015fas\u0131 i\u015fi \u00fczerinde g\u00f6zlerini d\u00f6rt a\u00e7mal\u0131lar. Bug\u00fcn Parti\u2019yi ray\u0131na oturtman\u0131n tam s\u0131ras\u0131d\u0131r, gecikmeye tahamm\u00fcl edilemez.<\/p>\n\n\n\n<p style=\"font-size:clamp(16.834px, 1.052rem + ((1vw - 3.2px) * 0.716), 26px);\"><strong>Bkz.&nbsp;<\/strong><a href=\"https:\/\/canutyayinevi.com\/urun\/cagdas-cinin-mimari-deng-xiaoping\/\">\u00c7a\u011fda\u015f \u00c7in\u2019in Mimar\u0131 Deng Xiaoping<\/a>: <a href=\"https:\/\/canutyayinevi.com\/urun\/cagdas-cinin-mimari-deng-xiaoping\/\">https:\/\/canutyayinevi.com\/urun\/cagdas-cinin-mimari-deng-xiaoping\/<\/a><\/p>\n","protected":false},"excerpt":{"rendered":"<p>Deng Xiaoping: \u00c7KP\u2019nin Kolektif \u00d6nderlik ve \u00c7ekirdek Lider Kavram\u0131 \u00c7in\u2019in \u00dc\u00e7\u00fcnc\u00fc Nesil \u00d6nderler Kolektifinin \u00d6n\u00fcndeki Acil G\u00f6revler Deng Xiaoping, 16 Haziran 1989 Kom\u00fcnist Partimiz bundan b\u00f6yle \u00fc\u00e7\u00fcnc\u00fc nesil kolektif \u00f6nderli\u011fini meydana getirmelidir. Tarihsel a\u00e7\u0131dan, Partimiz, kurulu\u015fundan itibaren 1935\u2019deki Zunyi Toplant\u0131s\u0131na kadar olan d\u00f6nemde 14 y\u0131l boyunca olgun bir \u00f6nderli\u011fe sahip olmam\u0131\u015ft\u0131r.&nbsp;Chen Duxiu, Qu Quibai, Zhiang [&hellip;]<\/p>\n","protected":false},"author":1,"featured_media":0,"comment_status":"open","ping_status":"open","sticky":false,"template":"","format":"standard","meta":{"_monsterinsights_skip_tracking":false,"_monsterinsights_sitenote_active":false,"_monsterinsights_sitenote_note":"","_monsterinsights_sitenote_category":0,"footnotes":""},"categories":[5,51],"tags":[],"class_list":["post-6619","post","type-post","status-publish","format-standard","hentry","category-dunya-sosyalizmi","category-dunya-sosyalizmi-tr"],"blocksy_meta":[],"_links":{"self":[{"href":"https:\/\/marksizm.org.tr\/index.php?rest_route=\/wp\/v2\/posts\/6619","targetHints":{"allow":["GET"]}}],"collection":[{"href":"https:\/\/marksizm.org.tr\/index.php?rest_route=\/wp\/v2\/posts"}],"about":[{"href":"https:\/\/marksizm.org.tr\/index.php?rest_route=\/wp\/v2\/types\/post"}],"author":[{"embeddable":true,"href":"https:\/\/marksizm.org.tr\/index.php?rest_route=\/wp\/v2\/users\/1"}],"replies":[{"embeddable":true,"href":"https:\/\/marksizm.org.tr\/index.php?rest_route=%2Fwp%2Fv2%2Fcomments&post=6619"}],"version-history":[{"count":2,"href":"https:\/\/marksizm.org.tr\/index.php?rest_route=\/wp\/v2\/posts\/6619\/revisions"}],"predecessor-version":[{"id":6720,"href":"https:\/\/marksizm.org.tr\/index.php?rest_route=\/wp\/v2\/posts\/6619\/revisions\/6720"}],"wp:attachment":[{"href":"https:\/\/marksizm.org.tr\/index.php?rest_route=%2Fwp%2Fv2%2Fmedia&parent=6619"}],"wp:term":[{"taxonomy":"category","embeddable":true,"href":"https:\/\/marksizm.org.tr\/index.php?rest_route=%2Fwp%2Fv2%2Fcategories&post=6619"},{"taxonomy":"post_tag","embeddable":true,"href":"https:\/\/marksizm.org.tr\/index.php?rest_route=%2Fwp%2Fv2%2Ftags&post=6619"}],"curies":[{"name":"wp","href":"https:\/\/api.w.org\/{rel}","templated":true}]}}