{"id":6624,"date":"2026-07-13T01:05:27","date_gmt":"2026-07-13T01:05:27","guid":{"rendered":"https:\/\/marksizm.org.tr\/?p=6624"},"modified":"2026-07-13T01:05:27","modified_gmt":"2026-07-13T01:05:27","slug":"cin-kuba-celik-dayanismasi-diaz-canel-sosyalizmi-insada-israrliyiz","status":"publish","type":"post","link":"https:\/\/marksizm.org.tr\/?p=6624","title":{"rendered":"\u00c7in-K\u00fcba \u00c7elik Dayan\u0131\u015fmas\u0131: D\u00edaz-Canel Sosyalizmi \u0130n\u015fada Israrl\u0131y\u0131z"},"content":{"rendered":"\n<h1 class=\"wp-block-heading\">\u00c7in-K\u00fcba \u00c7elik Dayan\u0131\u015fmas\u0131: D\u00edaz-Canel Sosyalizmi \u0130n\u015fada Israrl\u0131y\u0131z<\/h1>\n\n\n\n<h4 class=\"wp-block-heading\">\u00c7eviren: Ali Elik, Temmuz 2026<br><\/h4>\n\n\n\n<p style=\"font-size:clamp(16.834px, 1.052rem + ((1vw - 3.2px) * 0.716), 26px);\">29 Haziran 2026: K\u00fcba\u2019l\u0131 liderler K\u00fcba&#8217;n\u0131n ba\u015fkenti Havana&#8217;daki Devrim Saray\u0131&#8217;nda, \u00c7in Kom\u00fcnist Partisi&#8217;nin (\u00c7KP) kurulu\u015funun 105. y\u0131ld\u00f6n\u00fcm\u00fc ve Uzun Y\u00fcr\u00fcy\u00fc\u015f zaferinin 90. y\u0131ld\u00f6n\u00fcm\u00fcn\u00fc kutlamak amac\u0131yla \u00f6nemli bir siyasi etkinlik d\u00fczenlendi. Toplant\u0131ya K\u00fcba Kom\u00fcnist Partisi Merkez Komitesi Birinci Sekreteri ve Cumhurba\u015fkan\u0131 Miguel D\u00edaz-Canel Berm\u00fadez&#8217;in yan\u0131 s\u0131ra partinin Siyasi B\u00fcrosu \u00fcyeleri; K\u00fcba Parti, Devlet, K\u00fcba H\u00fck\u00fcmet yetkilileri , Gen\u00e7 Kom\u00fcnist Birli\u011fi, kitle \u00f6rg\u00fctleri, Devrimci Silahl\u0131 Kuvvetler, \u0130\u00e7i\u015fleri Bakanl\u0131\u011f\u0131, K\u00fcba Halklarla Dostluk Enstit\u00fcs\u00fc (ICAP) ve di\u011fer liderler kat\u0131ld\u0131. Ayr\u0131ca \u00c7in B\u00fcy\u00fckel\u00e7isi Hua Xin, \u00c7inli \u00f6\u011frenciler ve adada faaliyet g\u00f6steren \u00c7in \u015firketlerinin temsilcileri; di\u011fer diplomatik temsilciler de haz\u0131r bulundu.<br>K\u00fcba\u2019l\u0131 lider D\u00edaz-Canel: \u201cSosyalizmi \u0130n\u015fada Israrl\u0131y\u0131z. K\u00fcba Kom\u00fcnist Partisi, \u00f6zellikle K\u00fcba halk\u0131na kar\u015f\u0131 uygulanan toplu cezaland\u0131rma ve sessiz soyk\u0131r\u0131m mevcut ko\u015fullar\u0131 alt\u0131nda, \u00c7in Kom\u00fcnist Partisi&#8217;nin devam eden dayan\u0131\u015fmas\u0131 ve deste\u011fi i\u00e7in minnettard\u0131r.\u201d \u201c\u00c7in Kom\u00fcnist Partisi bug\u00fcn sosyalizmi in\u015fa etme s\u00fcrecinde vazge\u00e7ilmez bir modeldir ve sosyalist sistemin, Kuzey&#8217;in bize dayatmaya \u00e7al\u0131\u015ft\u0131\u011f\u0131 vah\u015fi kapitalizm kar\u015f\u0131s\u0131nda bu sosyalist sistem uygulanabilir bir alternatif oldu\u011funu kan\u0131tlam\u0131\u015ft\u0131r.\u201d : B\u00fcy\u00fckel\u00e7i Hua Xin: &#8220;\u00c7in Kom\u00fcnist Partisi her zaman K\u00fcba Kom\u00fcnist Partisi&#8217;nin yan\u0131nda olacakt\u0131r&#8221; &#8220;Bug\u00fcn, Amerika Birle\u015fik Devletleri&#8217;nin uygulad\u0131\u011f\u0131 giderek artan abluka ve askeri tehditler kar\u015f\u0131s\u0131nda, K\u00fcba Partisi, H\u00fck\u00fcmeti ve halk\u0131 inan\u00e7lar\u0131nda kararl\u0131 duruyor, bask\u0131lara boyun e\u011fmiyor ve ulusal egemenli\u011fi ve sosyalist davay\u0131 azimle savunuyor.&#8221; \u201cYasad\u0131\u015f\u0131 tek tarafl\u0131 yapt\u0131r\u0131mlara ve her t\u00fcrl\u00fc askeri m\u00fcdahaleye kesinlikle kar\u015f\u0131y\u0131z; Amerika Birle\u015fik Devletleri&#8217;nin ekonomik ablukay\u0131 ve her t\u00fcrl\u00fc bask\u0131y\u0131 derhal sona erdirmesini ve K\u00fcba halk\u0131n\u0131n hayatta ayakta kalma ve K\u00fcba\u2019n\u0131n kalk\u0131nma hakk\u0131n\u0131 ihlal etmeyi b\u0131rakmas\u0131n\u0131 talep ediyoruz.\u201d<\/p>\n","protected":false},"excerpt":{"rendered":"<p>\u00c7in-K\u00fcba \u00c7elik Dayan\u0131\u015fmas\u0131: D\u00edaz-Canel Sosyalizmi \u0130n\u015fada Israrl\u0131y\u0131z \u00c7eviren: Ali Elik, Temmuz 2026 29 Haziran 2026: K\u00fcba\u2019l\u0131 liderler K\u00fcba&#8217;n\u0131n ba\u015fkenti Havana&#8217;daki Devrim Saray\u0131&#8217;nda, \u00c7in Kom\u00fcnist Partisi&#8217;nin (\u00c7KP) kurulu\u015funun 105. y\u0131ld\u00f6n\u00fcm\u00fc ve Uzun Y\u00fcr\u00fcy\u00fc\u015f zaferinin 90. y\u0131ld\u00f6n\u00fcm\u00fcn\u00fc kutlamak amac\u0131yla \u00f6nemli bir siyasi etkinlik d\u00fczenlendi. Toplant\u0131ya K\u00fcba Kom\u00fcnist Partisi Merkez Komitesi Birinci Sekreteri ve Cumhurba\u015fkan\u0131 Miguel D\u00edaz-Canel Berm\u00fadez&#8217;in [&hellip;]<\/p>\n","protected":false},"author":1,"featured_media":0,"comment_status":"open","ping_status":"open","sticky":false,"template":"","format":"standard","meta":{"_monsterinsights_skip_tracking":false,"_monsterinsights_sitenote_active":false,"_monsterinsights_sitenote_note":"","_monsterinsights_sitenote_category":0,"footnotes":""},"categories":[5,51],"tags":[],"class_list":["post-6624","post","type-post","status-publish","format-standard","hentry","category-dunya-sosyalizmi","category-dunya-sosyalizmi-tr"],"blocksy_meta":[],"_links":{"self":[{"href":"https:\/\/marksizm.org.tr\/index.php?rest_route=\/wp\/v2\/posts\/6624","targetHints":{"allow":["GET"]}}],"collection":[{"href":"https:\/\/marksizm.org.tr\/index.php?rest_route=\/wp\/v2\/posts"}],"about":[{"href":"https:\/\/marksizm.org.tr\/index.php?rest_route=\/wp\/v2\/types\/post"}],"author":[{"embeddable":true,"href":"https:\/\/marksizm.org.tr\/index.php?rest_route=\/wp\/v2\/users\/1"}],"replies":[{"embeddable":true,"href":"https:\/\/marksizm.org.tr\/index.php?rest_route=%2Fwp%2Fv2%2Fcomments&post=6624"}],"version-history":[{"count":1,"href":"https:\/\/marksizm.org.tr\/index.php?rest_route=\/wp\/v2\/posts\/6624\/revisions"}],"predecessor-version":[{"id":6625,"href":"https:\/\/marksizm.org.tr\/index.php?rest_route=\/wp\/v2\/posts\/6624\/revisions\/6625"}],"wp:attachment":[{"href":"https:\/\/marksizm.org.tr\/index.php?rest_route=%2Fwp%2Fv2%2Fmedia&parent=6624"}],"wp:term":[{"taxonomy":"category","embeddable":true,"href":"https:\/\/marksizm.org.tr\/index.php?rest_route=%2Fwp%2Fv2%2Fcategories&post=6624"},{"taxonomy":"post_tag","embeddable":true,"href":"https:\/\/marksizm.org.tr\/index.php?rest_route=%2Fwp%2Fv2%2Ftags&post=6624"}],"curies":[{"name":"wp","href":"https:\/\/api.w.org\/{rel}","templated":true}]}}