{"id":6626,"date":"2026-07-13T01:06:36","date_gmt":"2026-07-13T01:06:36","guid":{"rendered":"https:\/\/marksizm.org.tr\/?p=6626"},"modified":"2026-07-13T01:06:36","modified_gmt":"2026-07-13T01:06:36","slug":"cin-ve-afrikanin-en-ilerici-ulkelerinden-namibya-daha-guclu-isbirligine-adim-attilar","status":"publish","type":"post","link":"https:\/\/marksizm.org.tr\/?p=6626","title":{"rendered":"\u00c7in ve Afrika\u2019n\u0131n En \u0130lerici \u00dclkelerinden Namibya Daha G\u00fc\u00e7l\u00fc \u0130\u015fbirli\u011fine Ad\u0131m Att\u0131lar"},"content":{"rendered":"\n<h1 class=\"wp-block-heading\">\u00c7in ve Afrika\u2019n\u0131n En \u0130lerici \u00dclkelerinden Namibya Daha G\u00fc\u00e7l\u00fc \u0130\u015fbirli\u011fine Ad\u0131m Att\u0131lar<\/h1>\n\n\n\n<h4 class=\"wp-block-heading\"><strong>\u00c7in Namibya\u2019n\u0131n En B\u00fcy\u00fck \u0130hra\u00e7 Pazar\u0131<\/strong><\/h4>\n\n\n\n<h5 class=\"wp-block-heading\"><strong>Temmuz 2026<\/strong><\/h5>\n\n\n\n<figure class=\"wp-block-image aligncenter size-full\"><img loading=\"lazy\" decoding=\"async\" width=\"1024\" height=\"758\" src=\"https:\/\/marksizm.org.tr\/wp-content\/uploads\/2026\/07\/FOREIGN1783738397967U9OIEVSRYX.jpg\" alt=\"\" class=\"wp-image-6627\" srcset=\"https:\/\/marksizm.org.tr\/wp-content\/uploads\/2026\/07\/FOREIGN1783738397967U9OIEVSRYX.jpg 1024w, https:\/\/marksizm.org.tr\/wp-content\/uploads\/2026\/07\/FOREIGN1783738397967U9OIEVSRYX-300x222.jpg 300w, https:\/\/marksizm.org.tr\/wp-content\/uploads\/2026\/07\/FOREIGN1783738397967U9OIEVSRYX-768x569.jpg 768w\" sizes=\"auto, (max-width: 1024px) 100vw, 1024px\" \/><\/figure>\n\n\n\n<p style=\"font-size:clamp(16.834px, 1.052rem + ((1vw - 3.2px) * 0.716), 26px);\">\u00c7in Devlet Ba\u015fkan\u0131 Xi Jinping ve Namibya Kad\u0131n Devlet Ba\u015fkan\u0131 Netumbo Nandi, Pekin&#8217;de ger\u00e7ekle\u015ftirdikleri g\u00f6r\u00fc\u015fmelerde, ikili ili\u015fkileri ortak gelece\u011fe sahip bir \u00c7in-Namibya toplulu\u011fu seviyesine y\u00fckselttiklerini a\u00e7\u0131klad\u0131lar.<\/p>\n\n\n\n<p style=\"font-size:clamp(16.834px, 1.052rem + ((1vw - 3.2px) * 0.716), 26px);\">Xi, \u00c7in ve Namibya&#8217;n\u0131n derin bir geleneksel dostlu\u011fa sahip oldu\u011funu ve kalk\u0131nma konusunda ortak \u00f6zlemleri payla\u015ft\u0131\u011f\u0131n\u0131 belirterek, diplomatik ili\u015fkilerin kurulmas\u0131ndan bu yana iki \u00fclkenin her zaman birbirlerine e\u015fit davrand\u0131\u011f\u0131n\u0131 ve birbirlerini destekledi\u011fini s\u00f6yledi.<\/p>\n\n\n\n<p style=\"font-size:clamp(16.834px, 1.052rem + ((1vw - 3.2px) * 0.716), 26px);\"><strong>\u00c7\u0130N TARAFI<\/strong><\/p>\n\n\n\n<p style=\"font-size:clamp(16.834px, 1.052rem + ((1vw - 3.2px) * 0.716), 26px);\">\u0130kili dostane i\u015fbirli\u011fi derinle\u015fmeye devam ediyor ve iki halka somut faydalar sa\u011fl\u0131yor. \u00c7in Namibya ile kalk\u0131nma felsefeleri al\u0131\u015fveri\u015fini art\u0131rmak, kalk\u0131nma stratejilerini sinerji haline getirmek ve modernle\u015fme yollar\u0131nda ortakl\u0131k kurmak i\u00e7in \u00e7al\u0131\u015fmaya haz\u0131r. &nbsp;Xi, \u00c7in-Namibya ortak kader toplulu\u011fu in\u015fa etmek i\u00e7in \u00fc\u00e7 \u00f6neri sundu:<\/p>\n\n\n\n<p style=\"font-size:clamp(16.834px, 1.052rem + ((1vw - 3.2px) * 0.716), 26px);\">\u00c7in ve Namibya yak\u0131n \u00fcst d\u00fczey temaslar\u0131 s\u00fcrd\u00fcrmesi, y\u00f6neti\u015fim konusunda deneyim payla\u015f\u0131m\u0131n\u0131 derinle\u015ftirmesi, ikili ili\u015fkilerde genel ve stratejik \u00f6neme sahip konularda d\u00fczenli ileti\u015fim halinde kalmal\u0131 ve kar\u015f\u0131l\u0131kl\u0131 temel \u00e7\u0131karlar\u0131 ve \u00f6nemli endi\u015feleriyle ilgili konularda birbirlerini desteklemeye devam etmeli.<\/p>\n\n\n\n<p style=\"font-size:clamp(16.834px, 1.052rem + ((1vw - 3.2px) * 0.716), 26px);\">\u0130ki taraf i\u015fbirli\u011finin potansiyelini de\u011ferlendirmeli ve daha \u00fcst seviyelere ta\u015f\u0131mal\u0131. Namibya &nbsp;s\u0131f\u0131r g\u00fcmr\u00fck vergisi eri\u015fiminden, Namibya ihracat\u0131n\u0131n \u00c7in&#8217;e ula\u015fmas\u0131 i\u00e7in geli\u015ftirilmi\u015f h\u0131zl\u0131 ge\u00e7i\u015f yolundan ve di\u011fer elveri\u015fli politikalardan tam olarak yararlanmal\u0131. \u00c7in&#8217;in altyap\u0131, enerji, madencilik, tar\u0131m, e\u011fitim, gen\u00e7lik, bilim ve teknoloji gibi alanlarda Namibya ile i\u015fbirli\u011fini derinle\u015ftirmeye haz\u0131rd\u0131r. &nbsp;<\/p>\n\n\n\n<p style=\"font-size:clamp(16.834px, 1.052rem + ((1vw - 3.2px) * 0.716), 26px);\">\u0130ki \u00fclke d\u00fcnya politikas\u0131nda \u00e7ok tarafl\u0131l\u0131\u011f\u0131 korumak i\u00e7in dayan\u0131\u015fma ve koordinasyonu s\u00fcrd\u00fcrmeli. \u00c7in Namibya da dahil olmak \u00fczere Afrika \u00fclkeleriyle birlikte K\u00fcresel G\u00fcney&#8217;in g\u00fcc\u00fcn\u00fc ve sesini art\u0131rmak ve insanl\u0131k i\u00e7in ortak gelece\u011fe sahip bir topluluk in\u015fa etmeye yeni katk\u0131lar sa\u011flamak i\u00e7in \u00e7al\u0131\u015fmaya isteklidir. &nbsp;\u00c7in, Afrika bol maden kaynaklar\u0131n\u0131 geli\u015ftirmesine ve kaynak avantaj\u0131n\u0131 etkili bir \u015fekilde kalk\u0131nma ivmesine d\u00f6n\u00fc\u015ft\u00fcrmesine yard\u0131mc\u0131 olmak istiyor, Afrika&#8217;n\u0131n modernle\u015fmesini h\u0131zland\u0131rmaya yard\u0131mc\u0131 olmak istiyor \u00c7in&#8217;in Namibya da dahil olmak \u00fczere Afrika \u00fclkeleriyle madencilik i\u015fbirli\u011fini \u00fc\u00e7 ilke temelinde g\u00fc\u00e7lendirmeye devam etmeye haz\u0131rd\u0131r. &nbsp;<\/p>\n\n\n\n<p style=\"font-size:clamp(16.834px, 1.052rem + ((1vw - 3.2px) * 0.716), 26px);\">Birinci ilke kar\u015f\u0131l\u0131kl\u0131 fayda ve kazan-kazan i\u015fbirli\u011fidir: iki taraf\u0131n tamamlay\u0131c\u0131 g\u00fc\u00e7l\u00fc y\u00f6nlerinden tam olarak yararlanmas\u0131 ve \u00e7\u0131karlar\u0131n yak\u0131nla\u015fmas\u0131n\u0131 derinle\u015ftirmesidir.<\/p>\n\n\n\n<p style=\"font-size:clamp(16.834px, 1.052rem + ((1vw - 3.2px) * 0.716), 26px);\">\u0130kinci ilke dostane isti\u015fareler y\u00fcr\u00fctmek, \u00c7in-Afrika dostlu\u011funun b\u00fcy\u00fck resminden hareket ederek, i\u015fbirli\u011findeki sorunlar\u0131 ileti\u015fim ve isti\u015fare yoluyla uygun \u015fekilde \u00e7\u00f6zmektir.<\/p>\n\n\n\n<p style=\"font-size:clamp(16.834px, 1.052rem + ((1vw - 3.2px) * 0.716), 26px);\">\u00dc\u00e7\u00fcnc\u00fc ilke ise yeni ufuklar a\u00e7mak ve \u00c7in&#8217;in madencilik sekt\u00f6r\u00fcndeki \u00c7in-Afrika i\u015fbirli\u011finin kalitesini y\u00fckseltmek amac\u0131yla, pazar odakl\u0131 ve ticari ilkeler do\u011frultusunda i\u015fbirli\u011fine y\u00f6nelik yeni yakla\u015f\u0131mlar ke\u015ffetmek i\u00e7in Afrika ile birlikte \u00e7al\u0131\u015fmakt\u0131r.<\/p>\n\n\n\n<p style=\"font-size:clamp(16.834px, 1.052rem + ((1vw - 3.2px) * 0.716), 26px);\"><strong>Namibia Lideri Nelere Vurgu Yapt\u0131:<\/strong><\/p>\n\n\n\n<p style=\"font-size:clamp(16.834px, 1.052rem + ((1vw - 3.2px) * 0.716), 26px);\">Nandi-Ndaitwah: \u00c7in Kom\u00fcnist Partisi&#8217;nin kurulu\u015funun 105. y\u0131ld\u00f6n\u00fcm\u00fc m\u00fcnasebetiyle i\u00e7ten tebriklerini iletti. Namibya&#8217;n\u0131n \u00c7in ile ili\u015fkilerine b\u00fcy\u00fck \u00f6nem veriyor ve tek \u00c7in ilkesine s\u0131k\u0131 s\u0131k\u0131ya ba\u011fl\u0131d\u0131r.<\/p>\n\n\n\n<p style=\"font-size:clamp(16.834px, 1.052rem + ((1vw - 3.2px) * 0.716), 26px);\">Namibia daha fazla \u00c7inli i\u015fletmenin \u00fclkeye yat\u0131r\u0131m yapmas\u0131n\u0131 ve faaliyet g\u00f6stermesini memnuniyetle kar\u015f\u0131l\u0131yor. Sanayi, madencilik, altyap\u0131, havac\u0131l\u0131k ve uzay, bilim ve teknoloji, tar\u0131m ve su kaynaklar\u0131 gibi alanlarda i\u015f birli\u011fini g\u00fc\u00e7lendirmek istiyor.<\/p>\n\n\n\n<p style=\"font-size:clamp(16.834px, 1.052rem + ((1vw - 3.2px) * 0.716), 26px);\">Cumhurba\u015fkan\u0131, Nandi-Ndaitwah \u00c7in&#8217;in Namibya da dahil olmak \u00fczere Afrika \u00fclkelerine uzun zamand\u0131r \u00f6zverili destek ve yard\u0131m sa\u011flad\u0131\u011f\u0131n\u0131 ve uluslararas\u0131 ve b\u00f6lgesel i\u015flerde her zaman adil bir tutum sergiledi\u011fini belirtti. Namibya geli\u015fmekte olan \u00fclkelerin ortak \u00e7\u0131karlar\u0131n\u0131 korumak ve t\u00fcm insanl\u0131k i\u00e7in ortak gelece\u011fe sahip bir topluluk in\u015fa etmek amac\u0131yla \u00c7in ile ileti\u015fim ve koordinasyonu art\u0131racakt\u0131r.<\/p>\n\n\n\n<p style=\"font-size:clamp(16.834px, 1.052rem + ((1vw - 3.2px) * 0.716), 26px);\">G\u00f6r\u00fc\u015fmelerin ard\u0131ndan iki cumhurba\u015fkan\u0131, ekonomi ve ticaret, sa\u011fl\u0131k, e\u011fitim ve insan kaynaklar\u0131 gibi alanlarda \u00e7ok say\u0131da i\u015f birli\u011fi belgesini imzalad\u0131lar.&nbsp; \u0130ki taraf yeni d\u00f6nem i\u00e7in ortak bir gelece\u011fe sahip \u00c7in-Namibya toplulu\u011fu in\u015fa etme konusunda ortak bir bildiri yay\u0131nlad\u0131lar.<\/p>\n\n\n\n<p style=\"font-size:clamp(16.834px, 1.052rem + ((1vw - 3.2px) * 0.716), 26px);\"><strong>\u00c7in Namibya&#8217;n\u0131n en b\u00fcy\u00fck ihracat pazar\u0131<\/strong><\/p>\n\n\n\n<p style=\"font-size:clamp(16.834px, 1.052rem + ((1vw - 3.2px) * 0.716), 26px);\">Resmi ticaret verilerine g\u00f6re, \u00c7in Namibya&#8217;n\u0131n ihracat\u0131 en b\u00fcy\u00fck ihracat pazar\u0131 haline geldi.<\/p>\n\n\n\n<p style=\"font-size:clamp(16.834px, 1.052rem + ((1vw - 3.2px) * 0.716), 26px);\">Namibya \u0130statistik Ajans\u0131&#8217;na g\u00f6re, May\u0131s ay\u0131nda Namibya&#8217;n\u0131n toplam ihracat\u0131n\u0131n y\u00fczde 25,2&#8217;sini \u00c7in olu\u015fturarak \u00fclkenin en b\u00fcy\u00fck ihracat pazar\u0131 oldu. \u00c7in&#8217;i s\u0131ras\u0131yla G\u00fcney Afrika, Zambiya, Botsvana ve Kanada izledi.<\/p>\n\n\n\n<p style=\"font-size:clamp(16.834px, 1.052rem + ((1vw - 3.2px) * 0.716), 26px);\">Uranyum, toplam ihracat\u0131n y\u00fczde 22,3&#8217;\u00fcn\u00fc olu\u015fturarak Namibya&#8217;n\u0131n en b\u00fcy\u00fck ihracat kalemi olmaya devam etti. Bal\u0131k, elmas, parasal olmayan alt\u0131n ve nikel cevherleri ve konsantreleri de \u00fclkenin \u00f6nde gelen ihracat \u00fcr\u00fcnleri aras\u0131ndayd\u0131. \u0130hracat gelirlerindeki art\u0131\u015f esas olarak uranyum, baz metal cevherleri, nikel cevherleri, petrol ya\u011flar\u0131 ve \u00e7e\u015fitli kimyasal \u00fcr\u00fcnlerin ihracat\u0131ndaki art\u0131\u015ftan kaynakland\u0131. G\u00fcney Afrika, toplam ithalat faturas\u0131n\u0131n %31,1&#8217;ini olu\u015fturarak Namibya&#8217;n\u0131n en b\u00fcy\u00fck ithalat kayna\u011f\u0131 olmaya devam etti; onu s\u0131ras\u0131yla Amerika Birle\u015fik Devletleri, \u00c7in, Zambiya ve \u0130sve\u00e7 izledi.<\/p>\n","protected":false},"excerpt":{"rendered":"<p>\u00c7in ve Afrika\u2019n\u0131n En \u0130lerici \u00dclkelerinden Namibya Daha G\u00fc\u00e7l\u00fc \u0130\u015fbirli\u011fine Ad\u0131m Att\u0131lar \u00c7in Namibya\u2019n\u0131n En B\u00fcy\u00fck \u0130hra\u00e7 Pazar\u0131 Temmuz 2026 \u00c7in Devlet Ba\u015fkan\u0131 Xi Jinping ve Namibya Kad\u0131n Devlet Ba\u015fkan\u0131 Netumbo Nandi, Pekin&#8217;de ger\u00e7ekle\u015ftirdikleri g\u00f6r\u00fc\u015fmelerde, ikili ili\u015fkileri ortak gelece\u011fe sahip bir \u00c7in-Namibya toplulu\u011fu seviyesine y\u00fckselttiklerini a\u00e7\u0131klad\u0131lar. Xi, \u00c7in ve Namibya&#8217;n\u0131n derin bir geleneksel dostlu\u011fa sahip [&hellip;]<\/p>\n","protected":false},"author":1,"featured_media":0,"comment_status":"open","ping_status":"open","sticky":false,"template":"","format":"standard","meta":{"_monsterinsights_skip_tracking":false,"_monsterinsights_sitenote_active":false,"_monsterinsights_sitenote_note":"","_monsterinsights_sitenote_category":0,"footnotes":""},"categories":[5,51],"tags":[],"class_list":["post-6626","post","type-post","status-publish","format-standard","hentry","category-dunya-sosyalizmi","category-dunya-sosyalizmi-tr"],"blocksy_meta":[],"_links":{"self":[{"href":"https:\/\/marksizm.org.tr\/index.php?rest_route=\/wp\/v2\/posts\/6626","targetHints":{"allow":["GET"]}}],"collection":[{"href":"https:\/\/marksizm.org.tr\/index.php?rest_route=\/wp\/v2\/posts"}],"about":[{"href":"https:\/\/marksizm.org.tr\/index.php?rest_route=\/wp\/v2\/types\/post"}],"author":[{"embeddable":true,"href":"https:\/\/marksizm.org.tr\/index.php?rest_route=\/wp\/v2\/users\/1"}],"replies":[{"embeddable":true,"href":"https:\/\/marksizm.org.tr\/index.php?rest_route=%2Fwp%2Fv2%2Fcomments&post=6626"}],"version-history":[{"count":1,"href":"https:\/\/marksizm.org.tr\/index.php?rest_route=\/wp\/v2\/posts\/6626\/revisions"}],"predecessor-version":[{"id":6628,"href":"https:\/\/marksizm.org.tr\/index.php?rest_route=\/wp\/v2\/posts\/6626\/revisions\/6628"}],"wp:attachment":[{"href":"https:\/\/marksizm.org.tr\/index.php?rest_route=%2Fwp%2Fv2%2Fmedia&parent=6626"}],"wp:term":[{"taxonomy":"category","embeddable":true,"href":"https:\/\/marksizm.org.tr\/index.php?rest_route=%2Fwp%2Fv2%2Fcategories&post=6626"},{"taxonomy":"post_tag","embeddable":true,"href":"https:\/\/marksizm.org.tr\/index.php?rest_route=%2Fwp%2Fv2%2Ftags&post=6626"}],"curies":[{"name":"wp","href":"https:\/\/api.w.org\/{rel}","templated":true}]}}