{"id":6635,"date":"2026-07-15T16:11:38","date_gmt":"2026-07-15T16:11:38","guid":{"rendered":"https:\/\/marksizm.org.tr\/?p=6635"},"modified":"2026-07-16T20:06:35","modified_gmt":"2026-07-16T20:06:35","slug":"ckpnin-mucadele-cagrisi-insanlik-bir-yol-ayrimi-ve-zorunlu-tercih-ile-karsi-karsiya","status":"publish","type":"post","link":"https:\/\/marksizm.org.tr\/?p=6635","title":{"rendered":"\u00c7KP\u2019nin M\u00fccadele \u00c7a\u011fr\u0131s\u0131:\u00a0\u0130nsanl\u0131k Bir &#8220;Yol Ayr\u0131m\u0131&#8221; ve \u201cZorunlu Tercih\u201d \u0130le Kar\u015f\u0131 Kar\u015f\u0131ya"},"content":{"rendered":"\n<h1 class=\"wp-block-heading\"><strong>\u00c7KP\u2019nin M\u00fccadele \u00c7a\u011fr\u0131s\u0131:&nbsp;\u0130nsanl\u0131k Bir &#8220;Yol Ayr\u0131m\u0131&#8221; ve \u201cZorunlu Tercih\u201d \u0130le Kar\u015f\u0131 Kar\u015f\u0131ya<\/strong><\/h1>\n\n\n\n<p style=\"font-size:clamp(16.834px, 1.052rem + ((1vw - 3.2px) * 0.716), 26px);\"><strong>Derleyen: Eyl\u00fcl Deniz<\/strong><\/p>\n\n\n\n<p style=\"font-size:clamp(16.834px, 1.052rem + ((1vw - 3.2px) * 0.716), 26px);\"><strong>May\u0131s 2023<\/strong><\/p>\n\n\n\n<figure class=\"wp-block-image aligncenter size-full\"><img loading=\"lazy\" decoding=\"async\" width=\"800\" height=\"533\" src=\"https:\/\/marksizm.org.tr\/wp-content\/uploads\/2026\/07\/1080px-18th_National_Congress_of_the_Communist_Party_of_China.jpg\" alt=\"\" class=\"wp-image-6636\" srcset=\"https:\/\/marksizm.org.tr\/wp-content\/uploads\/2026\/07\/1080px-18th_National_Congress_of_the_Communist_Party_of_China.jpg 800w, https:\/\/marksizm.org.tr\/wp-content\/uploads\/2026\/07\/1080px-18th_National_Congress_of_the_Communist_Party_of_China-300x200.jpg 300w, https:\/\/marksizm.org.tr\/wp-content\/uploads\/2026\/07\/1080px-18th_National_Congress_of_the_Communist_Party_of_China-768x512.jpg 768w\" sizes=\"auto, (max-width: 800px) 100vw, 800px\" \/><\/figure>\n\n\n\n<p style=\"font-size:clamp(16.834px, 1.052rem + ((1vw - 3.2px) * 0.716), 26px);\">\u00c7in Kom\u00fcnist Partisi&#8217;nin 20. Ulusal Kongresi&#8217;ne sunulan MK raporunda (2022), Xi Jinping &nbsp;tarihi bir de\u011ferlendirme yapt\u0131.&nbsp;<strong>\u015eu an s\u0131radan bir an de\u011fil, tarihin kaderinin \u00e7izildi\u011fi, iki z\u0131t kutbun yar\u0131\u015ft\u0131\u011f\u0131, tehlikeli, meydan okumalarla dolu ama ayn\u0131 zamanda umut vaat eden kritik bir e\u015fikteyiz&#8221;.&nbsp;&nbsp;<\/strong>D\u00fcnya d\u00fczeni muazzam \u00f6nemli de\u011fi\u015fikliklerden ge\u00e7iyor, geride b\u0131rakt\u0131\u011f\u0131m\u0131z 100 y\u0131l boyunca g\u00f6r\u00fclmemi\u015f bir d\u00f6n\u00fc\u015f\u00fcm ya\u015f\u0131yor. K\u00fcresel g\u00fc\u00e7 dengesi derin bir de\u011fi\u015fime u\u011fruyor ve &#8220;Do\u011fu&#8217;nun y\u00fckseli\u015fi ve Bat\u0131&#8217;n\u0131n d\u00fc\u015f\u00fc\u015f\u00fc&#8221; \u015feklinde \u00f6nemli bir trend g\u00f6r\u00fcl\u00fcyor; geli\u015fmekte olan \u00fclkelerin genel g\u00fcc\u00fc art\u0131yor. D\u00fcnya halklar\u0131n\u0131n ba\u015f d\u00fc\u015fman\u0131 olan Amerika Birle\u015fik Devletleri&#8211;k\u00fcresel tekelci finans sermayesinin merkezi \u00fcss\u00fc&#8211; hala g\u00fc\u00e7l\u00fc, fakat g\u00f6receli bir d\u00fc\u015f\u00fc\u015f s\u00fcrecinde.<\/p>\n\n\n\n<p style=\"font-size:clamp(16.834px, 1.052rem + ((1vw - 3.2px) * 0.716), 26px);\">\u00c7in Kom\u00fcnist Partisi&#8217;nin 20. Ulusal Kongresi&#8217;ne sunulan MK raporunda (2022), \u201c<strong>d\u00fcnyan\u0131n, zaman\u0131n ve tarihin<\/strong>&nbsp;benzeri g\u00f6r\u00fclmedik de\u011fi\u015fikliklerden ge\u00e7ti\u011fi ve insan toplumunun benzeri g\u00f6r\u00fclmedik meydan okumalarla kar\u015f\u0131 kar\u015f\u0131ya oldu\u011fu tespit edildi\u201d. \u201cD\u00fcnya bir kez daha tarihi bir yol ayr\u0131m\u0131na geldi. Ger\u00e7ekten de, benzeri g\u00f6r\u00fclmedik meydan okumalarla kar\u015f\u0131 kar\u015f\u0131ya oldu\u011fumuz bir &#8220;zaman\u0131&#8221; ya\u015f\u0131yoruz ve d\u00fcnya tarihinin seyri yeni bir &#8220;yol ayr\u0131m\u0131na&#8221; ula\u015ft\u0131\u201d. Kongremiz d\u00fcnya tarihine uzun vadeli bir perspektiften bakarak, s\u00f6m\u00fcrgecilik ve emperyalizmin egemen oldu\u011fu, zay\u0131f uluslar\u0131n sald\u0131r\u0131lara ve ya\u011fmalanmaya maruz kald\u0131\u011f\u0131 bir d\u00f6nemden, &#8220;t\u00fcm insanl\u0131k i\u00e7in bar\u0131\u015f, kalk\u0131nma, adalet, hakkaniyet, demokrasi ve \u00f6zg\u00fcrl\u00fck gibi ortak de\u011ferlerin te\u015fvik edildi\u011fi&#8221; ve insanl\u0131k i\u00e7in ortakla\u015fa gelece\u011fe sahip bir toplulu\u011fun in\u015fa edildi\u011fi bir d\u00f6neme ge\u00e7i\u015fin ya\u015fand\u0131\u011f\u0131n\u0131 tespit etmi\u015ftir.<\/p>\n\n\n\n<p style=\"font-size:clamp(16.834px, 1.052rem + ((1vw - 3.2px) * 0.716), 26px);\">\u015eu anda, bu iki d\u00f6nemin &#8220;kav\u015fa\u011f\u0131nday\u0131z&#8221; ve bu &#8220;\u00e7a\u011f\u0131n d\u00f6n\u00fc\u015f\u00fcm\u00fcn\u00fcn\u201d getirdi\u011fi benzeri g\u00f6r\u00fclmemi\u015f meydan okumalarla kar\u015f\u0131 kar\u015f\u0131yay\u0131z. M\u00fccadele eden&nbsp;bu iki devasa tarihsel g\u00fcc\u00fcn tam ortas\u0131nda bulunmak, &#8220;kav\u015fak&#8221; kelimesiyle \u00e7ok net bir \u015fekilde ifade ediliyor.&nbsp;Kav\u015fak, do\u011fas\u0131 gere\u011fi istikrars\u0131z ve risklidir; sonucu belli de\u011fildir.&nbsp;Kav\u015fak tarihin bu an\u0131nda b\u00fcy\u00fck bir \u00e7atallanma ya\u015fand\u0131\u011f\u0131n\u0131 ve gelece\u011fin tamamen bu yol ayr\u0131m\u0131nda alaca\u011f\u0131m\u0131z tutuma ba\u011fl\u0131 oldu\u011funu anlat\u0131yor.<\/p>\n\n\n\n<p style=\"font-size:clamp(16.834px, 1.052rem + ((1vw - 3.2px) * 0.716), 26px);\">Amerika Birle\u015fik Devletleri \u00f6nderli\u011findeki Bat\u0131l\u0131 b\u00fcy\u00fck g\u00fc\u00e7ler, gerilemelerini kabul etmeye yana\u015fm\u0131yor ve ellerinde kalan avantajlar\u0131n\u0131 k\u00fcresel bir hegemonik sistem kurmak ve s\u00fcrd\u00fcrmek i\u00e7in kullanmaya \u00e7al\u0131\u015f\u0131yorlar. Ancak d\u00fcnyan\u0131n d\u00f6rt bir yan\u0131ndaki halklar, ortakla\u015fa refah\u0131n sa\u011flanmas\u0131yla karakterize edilen, insanl\u0131k i\u00e7in ortak gelece\u011fe sahip bir topluluk kurmay\u0131 \u00f6zlemliyorlar. Sosyalist \u00c7in ve di\u011fer geli\u015fmekte olan \u00fclkelerin, \u00f6zellikle de y\u00fckselen ekonomilerin h\u0131zl\u0131 geli\u015fimiyle birlikte, bu yeni d\u00f6nemin, y\u00fczlerce y\u0131l s\u00fcren eski d\u00f6nemin ve ABD&#8217;nin tek kutuplu hegemonyas\u0131n\u0131n yerini yava\u015f yava\u015f alaca\u011f\u0131na kesinlikle inan\u0131yoruz.<\/p>\n\n\n\n<p style=\"font-size:clamp(16.834px, 1.052rem + ((1vw - 3.2px) * 0.716), 26px);\"><strong>ULUSLARARASI M\u00dcCADELEDE BA\u015e \u00c7EL\u0130\u015eME<\/strong><\/p>\n\n\n\n<p style=\"font-size:clamp(16.834px, 1.052rem + ((1vw - 3.2px) * 0.716), 26px);\">Bu maddede \u00f6zellikle \u015funu vurgulamal\u0131y\u0131m: bu maddede \u00f6nerilen strateji ve ittifaklar \u00f6zellikle bir sosyalist \u00fclkenin iktidardaki sosyalist\/kom\u00fcnist partisi ile ilgilidir; kapitalist \u00fclkelerdeki sosyalist\/kom\u00fcnist partiler d\u00fcnya \u00e7ap\u0131ndaki bu genel de\u011ferlendirmeyi kendi \u00fclkelerinin i\u00e7 politikas\u0131na uyarlamal\u0131 ve bu genel duruma uygun i\u00e7 ve uluslararas\u0131 politikalar belirlemeli, yani kendi \u00fclkelerine \u00f6zg\u00fc bir yol izlemelidir. <\/p>\n\n\n\n<p style=\"font-size:clamp(16.834px, 1.052rem + ((1vw - 3.2px) * 0.716), 26px);\"><strong>Bug\u00fcnk\u00fc d\u00fcnyada ba\u015f \u00e7eli\u015fme k\u00fcresel tekelci finans kapitalist s\u0131n\u0131f (birinci ve ikinci tabaka) ile i\u015f\u00e7i s\u0131n\u0131flar\u0131 dahil d\u00fcnya halklar\u0131n\u0131n ezici \u00e7o\u011funlu\u011fu ve ezilen \u00fclkelerdir. \u00a0<\/strong><\/p>\n\n\n\n<p style=\"font-size:clamp(16.834px, 1.052rem + ((1vw - 3.2px) * 0.716), 26px);\">Uluslararas\u0131 m\u00fccadelelerde ve uluslararas\u0131 i\u015fbirli\u011finde, uluslararas\u0131 ili\u015fkileri iyi y\u00fcr\u00fctmek ve d\u00fc\u015fmanlarla dostlar\u0131 do\u011fru ay\u0131rt etmek, uluslararas\u0131 m\u00fccadeleleri do\u011fru bir \u015fekilde y\u00fcr\u00fctmek i\u00e7in en \u00f6nemli konudur.<\/p>\n\n\n\n<p style=\"font-size:clamp(16.834px, 1.052rem + ((1vw - 3.2px) * 0.716), 26px);\">Mevcut uluslararas\u0131 m\u00fccadele durumuna bak\u0131ld\u0131\u011f\u0131nda, ABD emperyalizminin \u00c7in halk\u0131n\u0131n ve d\u00fcnya halklar\u0131n\u0131n ortak d\u00fc\u015fman\u0131 oldu\u011fu k\u0131saca ifade edebiliriz. Uluslararas\u0131 finansal tekelci kapitalistlerin ve onlar\u0131n siyasi temsilcilerinden olu\u015fan ABD emperyalizminin dar az\u0131nl\u0131k egemen kli\u011fi, \u00c7in halk\u0131n\u0131n ve d\u00fcnya \u00e7ap\u0131nda bar\u0131\u015f sever ve kalk\u0131nmay\u0131 arayan t\u00fcm halklar\u0131n ortak d\u00fc\u015fman\u0131d\u0131r. &nbsp;Burada ABD emperyalizmi kavram\u0131, ABD uluslararas\u0131 tekelci finans oligar\u015fik \u00e7\u0131kar grubunun, yani ABD kapitalistlerin ve onlar\u0131n siyasi temsilcilerinin \u2014ABD devlet rejiminin en \u00fcst d\u00fczey y\u00f6neticilerinin\u2014 olu\u015fturdu\u011fu k\u00fc\u00e7\u00fck bir az\u0131nl\u0131\u011f\u0131 ifade ediyor.<\/p>\n\n\n\n<p style=\"font-size:clamp(16.834px, 1.052rem + ((1vw - 3.2px) * 0.716), 26px);\">Amerikan halk\u0131 da dahil olmak \u00fczere, ABD emperyalizmine kararl\u0131l\u0131kla kar\u015f\u0131 \u00e7\u0131kan d\u00fcnya \u00e7ap\u0131ndaki t\u00fcm \u00fclkelerin i\u015f\u00e7i s\u0131n\u0131f\u0131, geni\u015f emek\u00e7i kitleleri ve siyasi partileri bizim yolda\u015flar\u0131m\u0131zd\u0131r. &nbsp;ABD hegemonyas\u0131na kar\u015f\u0131 \u00e7\u0131kan, uluslararas\u0131 ili\u015fkilerde \u00e7ok tarafl\u0131l\u0131\u011f\u0131 destekleyen ve ABD emperyalizmi taraf\u0131ndan ezilen t\u00fcm \u00fclkeler ile bunlar\u0131n siyasi temsilcileri bizim dostlar\u0131m\u0131zd\u0131r. Buna, ABD\u2019nin tek tarafl\u0131l\u0131\u011f\u0131na kar\u015f\u0131 \u00e7\u0131kan tekelci kapitalist \u00fclkeler ve bunlar\u0131n siyasi temsilcileri ile ABD\u2019de \u00c7in\u2019e dostane bir tutum sergileyen ve \u00c7in ile i\u015fbirli\u011fini savunan t\u00fcm g\u00fc\u00e7ler dahildir. Bunlar da bizim birle\u015fmemiz gereken kesimlerdir.<\/p>\n\n\n\n<p style=\"font-size:clamp(16.834px, 1.052rem + ((1vw - 3.2px) * 0.716), 26px);\">Toplumsal sistemlerinin do\u011fas\u0131na g\u00f6re, g\u00fcn\u00fcm\u00fcz d\u00fcnyas\u0131 iki ana kategoriye ayr\u0131labilir: sosyalist \u00fclkeler ve kapitalist \u00fclkeler. Ekonomik geli\u015fmi\u015flik d\u00fczeylerine g\u00f6re ise, geli\u015fmi\u015f \u00fclkeler ve geli\u015fmekte olan \u00fclkeler olarak ayr\u0131labilirler. Geli\u015fmi\u015f \u00fclkeler, di\u011fer ad\u0131yla ileri kapitalist \u00fclkeler veya uluslararas\u0131 finansal tekelci kapitalist \u00fclkeler aras\u0131nda ABD, Birle\u015fik Krall\u0131k, Fransa, Almanya, Japonya, Kanada ve Avustralya bulunur ve bunlar d\u00fcnya \u00fclkelerinin k\u00fc\u00e7\u00fck bir az\u0131nl\u0131\u011f\u0131n\u0131 olu\u015fturur.<\/p>\n\n\n\n<p style=\"font-size:clamp(16.834px, 1.052rem + ((1vw - 3.2px) * 0.716), 26px);\">Geli\u015fmekte olan \u00fclkeler ise nispeten az geli\u015fmi\u015f \u00fclkelerdir ve d\u00fcnya \u00fclkelerinin ezici \u00e7o\u011funlu\u011funu olu\u015ftururlar. Geli\u015fmekte olan \u00fclkeler, farkl\u0131 sosyal sistemlere sahip olanlar olarak ikiye ayr\u0131labilir: sosyalist ve kapitalist yoldan ilerleyenler. Geli\u015fmekte olan \u00fclkeler, do\u011fal olarak sosyalist yola girmi\u015f sosyalist \u00fclkeleri ve kapitalist yola girmi\u015f nispeten az geli\u015fmi\u015f kapitalist \u00fclkeleri i\u00e7erir. \u0130kinci D\u00fcnya Sava\u015f\u0131\u2019ndan sonra, bir dizi s\u00f6m\u00fcrge ve yar\u0131 s\u00f6m\u00fcrge \u00fclke ve b\u00f6lge, ulusal demokratik devrimler yoluyla tekelci kapitalist g\u00fc\u00e7lerin s\u00f6m\u00fcrge egemenli\u011fini devirdi ve ulusal ba\u011f\u0131ms\u0131zl\u0131klar\u0131n\u0131 kazand\u0131lar. Baz\u0131 \u00fclkeler, burjuva demokratik devrimlerden sosyalist devrimlere ge\u00e7erek sosyalist yola girdi.&nbsp;<\/p>\n\n\n\n<p style=\"font-size:clamp(16.834px, 1.052rem + ((1vw - 3.2px) * 0.716), 26px);\">Geli\u015fmekte olan \u00fclkelerin ortak bir \u00f6zelli\u011fi vard\u0131r: Hepsi bir zamanlar emperyalizmin s\u00f6m\u00fcrgeleri ya da yar\u0131 s\u00f6m\u00fcrgeleriydi; emperyalist g\u00fc\u00e7ler taraf\u0131ndan ezildiler ve s\u00f6m\u00fcr\u00fcld\u00fcler; \u015fimdi ise emperyalizmin yeni bir bi\u00e7imi olan uluslararas\u0131 tekelci finans kapitalizminin s\u00f6m\u00fcr\u00fcs\u00fc ve bask\u0131s\u0131 alt\u0131nda ezilmektedirler. Ayr\u0131ca bu \u00fclkeler ortak bir ulusal vizyona da sahiptirler: Bar\u0131\u015f\u00e7\u0131l bir ortamda h\u0131zla geli\u015fmek; bar\u0131\u015f ve kalk\u0131nman\u0131n pe\u015finde ko\u015fmak, onlar\u0131n ortak arzusu ve talepleridir.&nbsp;Bu durumda, \u00e7ok az say\u0131daki grubu izole etmeli ve b\u00fcy\u00fck \u00e7o\u011funlu\u011fu m\u00fcmk\u00fcn oldu\u011funca birle\u015ftirmeliyiz. \u0130nsanl\u0131k i\u00e7in ortak bir gelecek toplulu\u011fu in\u015fa etmek,&nbsp;<strong>uluslararas\u0131 birle\u015fik cephe<\/strong>&nbsp;kurma ama\u00e7l\u0131 b\u00fcy\u00fck bir stratejik kavramd\u0131r ve ayn\u0131 zamanda d\u00fcnya halklar\u0131n\u0131n \u00f6zlem duydu\u011fu ve u\u011fruna \u00e7abalad\u0131\u011f\u0131 bir d\u00fcnya uyumunu sa\u011flama vizyonudur.<\/p>\n","protected":false},"excerpt":{"rendered":"<p>\u00c7KP\u2019nin M\u00fccadele \u00c7a\u011fr\u0131s\u0131:&nbsp;\u0130nsanl\u0131k Bir &#8220;Yol Ayr\u0131m\u0131&#8221; ve \u201cZorunlu Tercih\u201d \u0130le Kar\u015f\u0131 Kar\u015f\u0131ya Derleyen: Eyl\u00fcl Deniz May\u0131s 2023 \u00c7in Kom\u00fcnist Partisi&#8217;nin 20. Ulusal Kongresi&#8217;ne sunulan MK raporunda (2022), Xi Jinping &nbsp;tarihi bir de\u011ferlendirme yapt\u0131.&nbsp;\u015eu an s\u0131radan bir an de\u011fil, tarihin kaderinin \u00e7izildi\u011fi, iki z\u0131t kutbun yar\u0131\u015ft\u0131\u011f\u0131, tehlikeli, meydan okumalarla dolu ama ayn\u0131 zamanda umut vaat eden [&hellip;]<\/p>\n","protected":false},"author":1,"featured_media":0,"comment_status":"open","ping_status":"open","sticky":false,"template":"","format":"standard","meta":{"_monsterinsights_skip_tracking":false,"_monsterinsights_sitenote_active":false,"_monsterinsights_sitenote_note":"","_monsterinsights_sitenote_category":0,"footnotes":""},"categories":[5,51],"tags":[],"class_list":["post-6635","post","type-post","status-publish","format-standard","hentry","category-dunya-sosyalizmi","category-dunya-sosyalizmi-tr"],"blocksy_meta":[],"_links":{"self":[{"href":"https:\/\/marksizm.org.tr\/index.php?rest_route=\/wp\/v2\/posts\/6635","targetHints":{"allow":["GET"]}}],"collection":[{"href":"https:\/\/marksizm.org.tr\/index.php?rest_route=\/wp\/v2\/posts"}],"about":[{"href":"https:\/\/marksizm.org.tr\/index.php?rest_route=\/wp\/v2\/types\/post"}],"author":[{"embeddable":true,"href":"https:\/\/marksizm.org.tr\/index.php?rest_route=\/wp\/v2\/users\/1"}],"replies":[{"embeddable":true,"href":"https:\/\/marksizm.org.tr\/index.php?rest_route=%2Fwp%2Fv2%2Fcomments&post=6635"}],"version-history":[{"count":3,"href":"https:\/\/marksizm.org.tr\/index.php?rest_route=\/wp\/v2\/posts\/6635\/revisions"}],"predecessor-version":[{"id":6655,"href":"https:\/\/marksizm.org.tr\/index.php?rest_route=\/wp\/v2\/posts\/6635\/revisions\/6655"}],"wp:attachment":[{"href":"https:\/\/marksizm.org.tr\/index.php?rest_route=%2Fwp%2Fv2%2Fmedia&parent=6635"}],"wp:term":[{"taxonomy":"category","embeddable":true,"href":"https:\/\/marksizm.org.tr\/index.php?rest_route=%2Fwp%2Fv2%2Fcategories&post=6635"},{"taxonomy":"post_tag","embeddable":true,"href":"https:\/\/marksizm.org.tr\/index.php?rest_route=%2Fwp%2Fv2%2Ftags&post=6635"}],"curies":[{"name":"wp","href":"https:\/\/api.w.org\/{rel}","templated":true}]}}