{"id":6672,"date":"2026-07-21T03:40:27","date_gmt":"2026-07-21T03:40:27","guid":{"rendered":"https:\/\/marksizm.org.tr\/?p=6672"},"modified":"2026-07-21T03:40:52","modified_gmt":"2026-07-21T03:40:52","slug":"brezilya-komunist-partisi-ekim-2025te-onemli-kongre-yapti","status":"publish","type":"post","link":"https:\/\/marksizm.org.tr\/?p=6672","title":{"rendered":"Brezilya Kom\u00fcnist Partisi Ekim 2025\u2019te \u00d6nemli Kongre Yapt\u0131"},"content":{"rendered":"\n<h1 class=\"wp-block-heading\"><strong>Brezilya Kom\u00fcnist Partisi Ekim 2025\u2019te \u00d6nemli Kongre Yapt\u0131<\/strong><\/h1>\n\n\n\n<h2 class=\"wp-block-heading\"><strong>Parti 2026\u2019da Brezilya\u2019n\u0131n Zaferi \u0130\u00e7in Se\u00e7im Kampanyas\u0131 Ba\u015flatt\u0131<\/strong><\/h2>\n\n\n\n<h3 class=\"wp-block-heading\"><strong>Brezilya Kom\u00fcnist Partisi \u201c<\/strong><strong>Yeni Ekonomik Kalk\u0131nma Plan\u0131\u201d Stratejisini Benimsedi <\/strong><strong><\/strong><\/h3>\n\n\n\n<p style=\"font-size:clamp(16.834px, 1.052rem + ((1vw - 3.2px) * 0.716), 26px);\"><strong>\u00c7eviren: Ferdi Bekir \u00a0<\/strong><\/p>\n\n\n\n<figure class=\"wp-block-image aligncenter size-full\"><img loading=\"lazy\" decoding=\"async\" width=\"500\" height=\"516\" src=\"https:\/\/marksizm.org.tr\/wp-content\/uploads\/2026\/07\/W020241219510751131955.png\" alt=\"\" class=\"wp-image-6673\" srcset=\"https:\/\/marksizm.org.tr\/wp-content\/uploads\/2026\/07\/W020241219510751131955.png 500w, https:\/\/marksizm.org.tr\/wp-content\/uploads\/2026\/07\/W020241219510751131955-291x300.png 291w\" sizes=\"auto, (max-width: 500px) 100vw, 500px\" \/><figcaption class=\"wp-element-caption\"><strong>Parti lideri Luciana Santos <strong>bir <\/strong>g\u00f6\u00e7men i\u015f\u00e7i ile<\/strong><\/figcaption><\/figure>\n\n\n\n<p style=\"font-size:clamp(16.834px, 1.052rem + ((1vw - 3.2px) * 0.716), 26px);\"><strong>\u00d6ns\u00f6z: Se\u00e7im<\/strong><strong> ittifak\u0131 i\u00e7inde as\u0131l itici g\u00fcc\u00fc olu\u015fturan Brezilya Umut Federasyonu \u00fc\u00e7 partiden olu\u015fuyor \u0130\u015f\u00e7i Partisi (Lula) Kom\u00fcnist Partisi ; Ye\u015fil Parti. Geni\u015f koalisyon i\u00e7inde Brezilya Sosyalist Partisi, Demokratik \u0130\u015f\u00e7i Partisi, Sosyal D\u00fczen i\u00e7in Cumhuriyet\u00e7i Parti ve di\u011ferleri. Kom\u00fcnist partisinin Yeni Ekonomik Kalk\u0131nma Plan\u0131 \u015fu yap\u0131sal reformlar\u0131 i\u00e7eriyor:&nbsp;<\/strong><\/p>\n\n\n\n<ul class=\"wp-block-list\">\n<li style=\"font-size:clamp(16.834px, 1.052rem + ((1vw - 3.2px) * 0.716), 26px);\"><strong>Demokratik Siyasi Reform:<\/strong>\u00a0Siyasi sistemin demokratikle\u015ftirilmesi.<\/li>\n\n\n\n<li style=\"font-size:clamp(16.834px, 1.052rem + ((1vw - 3.2px) * 0.716), 26px);\"><strong>Finansal Sistem Reformu:<\/strong>\u00a0Finans sermayesinin tahakk\u00fcm\u00fcn\u00fcn k\u0131r\u0131lmas\u0131.<\/li>\n\n\n\n<li style=\"font-size:clamp(16.834px, 1.052rem + ((1vw - 3.2px) * 0.716), 26px);\"><strong>Kentsel ve Tar\u0131m Reformu:<\/strong>\u00a0Toprak m\u00fclkiyetinin yeniden d\u00fczenlenmesi.<\/li>\n\n\n\n<li style=\"font-size:clamp(16.834px, 1.052rem + ((1vw - 3.2px) * 0.716), 26px);\"><strong>Medya Reformu:<\/strong>\u00a0Medya tekellerinin k\u0131r\u0131lmas\u0131.<\/li>\n\n\n\n<li style=\"font-size:clamp(16.834px, 1.052rem + ((1vw - 3.2px) * 0.716), 26px);\"><strong>A\u015famal\u0131 Vergi Reformu:<\/strong>\u00a0Gelir adaletinin sa\u011flanmas\u0131.<\/li>\n\n\n\n<li style=\"font-size:clamp(16.834px, 1.052rem + ((1vw - 3.2px) * 0.716), 26px);\"><strong>E\u011fitim, Sa\u011fl\u0131k ve Sosyal G\u00fcvenlik Reformlar\u0131.<\/strong><\/li>\n\n\n\n<li style=\"font-size:clamp(16.834px, 1.052rem + ((1vw - 3.2px) * 0.716), 26px);\"><strong>Ekolojik D\u00f6n\u00fc\u015f\u00fcm ve B\u00f6lgesel E\u015fitsizliklerin Giderilmesi.<\/strong><\/li>\n<\/ul>\n\n\n\n<p style=\"font-size:clamp(16.834px, 1.052rem + ((1vw - 3.2px) * 0.716), 26px);\"><strong>A\u015fa\u011f\u0131da <\/strong><strong>Brezilya Kom\u00fcnist Partisi 16. Kongresi Siyasi Karar Belgesini okuyacaks\u0131n\u0131z. <\/strong><strong><\/strong><\/p>\n\n\n\n<p style=\"font-size:clamp(16.834px, 1.052rem + ((1vw - 3.2px) * 0.716), 26px);\"><\/p>\n\n\n\n<p style=\"font-size:clamp(16.834px, 1.052rem + ((1vw - 3.2px) * 0.716), 26px);\"><strong>Giri\u015f<\/strong><\/p>\n\n\n\n<p style=\"font-size:clamp(16.834px, 1.052rem + ((1vw - 3.2px) * 0.716), 26px);\"><strong>Brezilya Kom\u00fcnist Partisi (<\/strong>PCdoB\u2019nin) 16. Kongresi\u2019nin Siyasi Karar\u0131, d\u00f6n\u00fc\u015f\u00fcm halindeki bir d\u00fcnyada, yo\u011funla\u015fan s\u0131n\u0131f \u00e7at\u0131\u015fmalar\u0131nda, finansal oligar\u015finin ve ABD emperyalizminin a\u015f\u0131r\u0131 sa\u011fla ba\u011flant\u0131l\u0131 olarak Ba\u015fkan Lula h\u00fck\u00fcmetine kar\u015f\u0131 bask\u0131s\u0131 alt\u0131nda, Brezilya i\u00e7in ve Brezilya halk\u0131 i\u00e7in temel olan yan\u0131tlar\u0131 ve y\u00f6nergeleri belirlemi\u015ftir. Parti, \u00fclkenin krizden \u00e7\u0131kmas\u0131 ve \u00e7\u0131kmazlar\u0131 a\u015fmas\u0131 i\u00e7in iki b\u00fcy\u00fck g\u00f6rev oldu\u011funu vurgulamaktad\u0131r:<\/p>\n\n\n\n<p style=\"font-size:clamp(16.834px, 1.052rem + ((1vw - 3.2px) * 0.716), 26px);\"><strong>\u0130K\u0130 B\u00dcY\u00dcK G\u00d6REV\u0130M\u0130Z<\/strong><\/p>\n\n\n\n<ol class=\"wp-block-list\">\n<li style=\"font-size:clamp(16.834px, 1.052rem + ((1vw - 3.2px) * 0.716), 26px);\">2026 se\u00e7imlerinde Lula liderli\u011findeki ittifak\u0131n yeni zaferini kazanmak.<\/li>\n\n\n\n<li style=\"font-size:clamp(16.834px, 1.052rem + ((1vw - 3.2px) * 0.716), 26px);\">Sol, halk ve yurtsever g\u00fc\u00e7ler taraf\u0131ndan olu\u015fturulacak stratejik bir plan ve hamle ile \u00fclkede yap\u0131sal de\u011fi\u015fiklikler ger\u00e7ekle\u015ftirmek.<br>Bu s\u00fcre\u00e7te partinin, devrimci kimli\u011fini g\u00fc\u00e7lendirerek ve sosyalizm perspektifini netle\u015ftirerek yeni bir g\u00fc\u00e7 birikimi d\u00f6ng\u00fcs\u00fc i\u00e7in kendini yeniden konumland\u0131rmas\u0131 ve canland\u0131rmas\u0131 gerekti\u011fi Kararla\u015ft\u0131r\u0131lm\u0131\u015ft\u0131r.<\/li>\n<\/ol>\n\n\n\n<p style=\"font-size:clamp(16.834px, 1.052rem + ((1vw - 3.2px) * 0.716), 26px);\"><strong>I. ULUSLARARASI DURUM<\/strong><\/p>\n\n\n\n<p style=\"font-size:clamp(16.834px, 1.052rem + ((1vw - 3.2px) * 0.716), 26px);\"><strong>A. Bug\u00fcnk\u00fc Kapitalizm: Kriz, \u0130stikrars\u0131zl\u0131k ve \u00c7eli\u015fkiler<\/strong><\/p>\n\n\n\n<p style=\"font-size:clamp(16.834px, 1.052rem + ((1vw - 3.2px) * 0.716), 26px);\">Kapitalizmin sistemik krizi derinle\u015fmektedir. ABD, Avrupa Birli\u011fi ve Japonya ekonomilerinde d\u00fc\u015f\u00fck b\u00fcy\u00fcme, artan e\u015fitsizlik, i\u015fg\u00fcc\u00fcn\u00fcn g\u00fcvencesizle\u015fmesi ve ekonomilerde finansalla\u015fman\u0131n hakimiyeti g\u00f6r\u00fclmektedir. Buna kar\u015f\u0131l\u0131k Asya, \u00f6zellikle \u00c7in, Vietnam ve Hindistan dinamik bir b\u00fcy\u00fcme sergilemektedir. Zenginli\u011fin az ellerde yo\u011funla\u015fmas\u0131, i\u015f\u00e7i s\u0131n\u0131f\u0131n\u0131n s\u00f6m\u00fcr\u00fcs\u00fc ve \u00e7evre tahribat\u0131 belirleyici \u00f6zelliklerdir. Neoliberal politikalar, i\u015f\u00e7i haklar\u0131n\u0131 a\u015f\u0131nd\u0131rmakta ve dijital platformlar (Uber, iFood vb.) arac\u0131l\u0131\u011f\u0131yla i\u015fg\u00fcc\u00fcn\u00fc ve i\u015f\u00e7ileri par\u00e7alamaktad\u0131r.<\/p>\n\n\n\n<p style=\"font-size:clamp(16.834px, 1.052rem + ((1vw - 3.2px) * 0.716), 26px);\">\u0130klim krizi, kapitalizmin y\u0131k\u0131c\u0131 mant\u0131\u011f\u0131n\u0131n do\u011frudan bir sonucudur. Emperyalist \u00fclkeler, k\u00fcresel \u0131s\u0131nman\u0131n tarihsel sorumlular\u0131 olarak K\u00fcresel G\u00fcney \u00fclkelerinin kalk\u0131nmas\u0131n\u0131 engellemeye \u00e7al\u0131\u015fmaktad\u0131r. \u0130klim krizine tam anlam\u0131yla m\u00fcdahale, ancak sosyalist toplumlarda m\u00fcmk\u00fcn olan yeni \u00fcretim ve t\u00fcketim kal\u0131plar\u0131yla ger\u00e7ekle\u015febilir. Brezilya, Amazon&#8217;daki kurakl\u0131k, G\u00fcney ve G\u00fcneydo\u011fu&#8217;daki seller gibi iklim de\u011fi\u015fikli\u011finin dramatik etkilerini ya\u015famaktad\u0131r. ABD&#8217;nin iklim inkarc\u0131s\u0131 y\u00f6netimi, k\u00fcresel anla\u015fmalardan \u00e7ekilerek durumu daha da k\u00f6t\u00fcle\u015ftirmi\u015ftir. Brezilya&#8217;n\u0131n ev sahipli\u011fi yapaca\u011f\u0131 COP30, bu \u00e7eli\u015fkilerin sahnelenece\u011fi \u00f6nemli bir m\u00fccadele alan\u0131 olacakt\u0131r.<\/p>\n\n\n\n<p style=\"font-size:clamp(16.834px, 1.052rem + ((1vw - 3.2px) * 0.716), 26px);\">Ekonomilerin Finansalla\u015fmas\u0131, \u00e7a\u011fda\u015f kapitalizmin temel \u00f6zelli\u011fidir. Borsalarda t\u00fcrev \u00fcr\u00fcnleri sto\u011fu (667 trilyon dolar) k\u00fcresel GSY\u0130H&#8217;y\u0131 (110 trilyon dolar) 6 kat katlam\u0131\u015ft\u0131r. Neoliberal politikalar, sermaye ak\u0131\u015flar\u0131n\u0131n serbestle\u015ftirilmesi ve mali kemer s\u0131kma, finansal sermayenin tahakk\u00fcm\u00fcn\u00fc art\u0131rm\u0131\u015ft\u0131r. K\u00e2r amac\u0131 g\u00fctmeyen \u00fcretken yat\u0131r\u0131mlar yerine, hissedarlara maksimum getiri mant\u0131\u011f\u0131 hakimdir. Bu durum, devletlerin, \u015firketlerin ve ailelerin bor\u00e7lulu\u011funu art\u0131rmaktad\u0131r.<\/p>\n\n\n\n<p style=\"font-size:clamp(16.834px, 1.052rem + ((1vw - 3.2px) * 0.716), 26px);\">D\u00f6rd\u00fcnc\u00fc Sanayi Devrimi (yapay zeka, robotik, nesnelerin interneti) \u00fcretici g\u00fc\u00e7lerde d\u00f6n\u00fc\u015f\u00fcme yol a\u00e7maktad\u0131r. B\u00fcy\u00fck teknoloji tekelleri (Google, Meta, Amazon vb.), veri ekonomisi \u00fczerinden ellerinde muazzam ekonomik ve ideolojik g\u00fc\u00e7 toplam\u0131\u015ft\u0131r. Bu d\u00f6n\u00fc\u015f\u00fcmler, kapitalizmin temel \u00e7eli\u015fkilerini (toplumsalla\u015fan \u00fcretim-\u00f6zel m\u00fclkiyet) derinle\u015ftirmekte, i\u015fg\u00fcc\u00fcn\u00fcn s\u00f6m\u00fcr\u00fcs\u00fcn\u00fc art\u0131rmakta ve \u0131rk\u00e7\u0131l\u0131k, cinsiyet e\u015fitsizli\u011fi gibi olgular\u0131 yeniden \u00fcretmektedir.<\/p>\n\n\n\n<p style=\"font-size:clamp(16.834px, 1.052rem + ((1vw - 3.2px) * 0.716), 26px);\"><strong>B. E\u015fitsiz Geli\u015fme, ABD&#8217;nin Gerilemesi ve \u00c7in&#8217;in Y\u00fckseli\u015fi<\/strong><\/p>\n\n\n\n<p style=\"font-size:clamp(16.834px, 1.052rem + ((1vw - 3.2px) * 0.716), 26px);\">Kapitalist birikimin dinamikleri, \u00fcretkenli\u011fin merkez \u00fcss\u00fcn\u00fcn ulusal\/co\u011frafi olarak kaymas\u0131na yol a\u00e7m\u0131\u015ft\u0131r. ABD, Avrupa ve Japonya&#8217;n\u0131n g\u00f6reli g\u00fcc\u00fc zay\u0131flarken, \u00c7in \u00f6ne \u00e7\u0131kmaktad\u0131r. ABD&#8217;nin sanayi \u00fcretiminin k\u00fcresel pay\u0131 1980&#8217;de %20 iken 2023&#8217;te %17&#8217;ye gerilemi\u015f, \u00c7in ise %30&#8217;a ula\u015fm\u0131\u015ft\u0131r. BRICS (Brezilya, Rusya, Hindistan, \u00c7in, G\u00fcney Afrika ve yeni kat\u0131lan \u00fcyeler) k\u00fcresel Milli Gelirin &nbsp;%39&#8217;unu ve d\u00fcnya n\u00fcfusunun %49&#8217;unu olu\u015fturmaktad\u0131r. BRICS, SWIFT&#8217;ten ba\u011f\u0131ms\u0131z bir finans sistemi kurmu\u015f, yerel para birimleriyle ticareti te\u015fvik eden Yeni Kalk\u0131nma Bankas\u0131 ve dolarizasyondan \u00e7\u0131k\u0131\u015f i\u00e7in giri\u015fimler geli\u015ftirmektedir.<\/p>\n\n\n\n<p style=\"font-size:clamp(16.834px, 1.052rem + ((1vw - 3.2px) * 0.716), 26px);\">\u00c7in, sat\u0131n alma g\u00fcc\u00fc paritesine g\u00f6re d\u00fcnyan\u0131n en b\u00fcy\u00fck ekonomisidir (33 trilyon dolar). \u00c7in Ku\u015fak ve Yol Giri\u015fimi ile 150&#8217;den fazla \u00fclkede altyap\u0131 projeleri y\u00fcr\u00fctmektedir. 5G, bataryalar, elektrikli ara\u00e7lar ve yapay zeka gibi stratejik sekt\u00f6rlerde liderdir. 1978-2018 aras\u0131nda 740 milyon insan\u0131 yoksulluktan \u00e7\u0131karm\u0131\u015ft\u0131r. \u00c7in, nesnel olarak sosyalizmi yeni d\u00fcnya d\u00fczeninin in\u015fas\u0131nda bir akt\u00f6r olarak konumland\u0131rmaktad\u0131r.<\/p>\n\n\n\n<p style=\"font-size:clamp(16.834px, 1.052rem + ((1vw - 3.2px) * 0.716), 26px);\"><strong>Trump ve ABD&#8217;nin Gerilemesini Tersine \u00c7evirme Giri\u015fimi<\/strong><\/p>\n\n\n\n<p style=\"font-size:clamp(16.834px, 1.052rem + ((1vw - 3.2px) * 0.716), 26px);\">Donald Trump&#8217;\u0131n ikinci se\u00e7im zaferi, ABD&#8217;nin ekonomik ve jeopolitik g\u00fc\u00e7 kayb\u0131na bir tepkidir. G\u00fcmr\u00fck Tarifesi sava\u015flar\u0131, g\u00f6\u00e7men kar\u015f\u0131t\u0131 politikalar ve di\u011fer \u00fclkelerin topraklar\u0131na g\u00f6z dikme giri\u015fimleri, \u00c7in&#8217;i izole etme ve yeni bir &#8220;so\u011fuk sava\u015f&#8221; yaratma stratejisinin par\u00e7as\u0131d\u0131r. Trump, otoriter y\u00f6ntemlerle i\u00e7 siyasetteki hegemonyas\u0131n\u0131 peki\u015ftirmeye, ABD askeri-sanayi kompleksini ve b\u00fcy\u00fck teknoloji \u015firketlerini devlet i\u015flerine \u00e7ekmeye \u00e7al\u0131\u015fmaktad\u0131r. G\u00fcmr\u00fck Tarifesi sava\u015flar\u0131, \u0130ran&#8217;a askeri sald\u0131r\u0131lar, Filistin soyk\u0131r\u0131m\u0131na destek, Ukrayna&#8217;daki vekalet sava\u015f\u0131 ve Venezuela\u2019ya sald\u0131r\u0131lar ve tehditler k\u00fcresel istikrars\u0131zl\u0131\u011f\u0131 art\u0131rmaktad\u0131r. Bu Trump politikalar\u0131, ABD&#8217;yi izole etmekte ve dolar\u0131n rezerv para olma g\u00fcc\u00fcn\u00fc zay\u0131flatmaktad\u0131r.<\/p>\n\n\n\n<p style=\"font-size:clamp(16.834px, 1.052rem + ((1vw - 3.2px) * 0.716), 26px);\"><strong>B\u00fcy\u00fck Teknoloji \u015eirketleri: Emperyalizmin G\u00fc\u00e7l\u00fc Dijital \u0130deolojik Sistemi<\/strong><\/p>\n\n\n\n<p style=\"font-size:clamp(16.834px, 1.052rem + ((1vw - 3.2px) * 0.716), 26px);\">B\u00fcy\u00fck teknoloji \u015firketleri, dijital a\u011flar\u0131 kontrol ederek toplumsal ho\u015fnutsuzlu\u011fu y\u00f6nlendirmekte, &#8220;k\u00fclt\u00fcr sava\u015flar\u0131&#8221; y\u00fcr\u00fcterek a\u015f\u0131r\u0131 sa\u011f, fa\u015fist, yabanc\u0131 d\u00fc\u015fman\u0131 dalgalar\u0131 beslemektedir. Bu dijital platform \u015firketleri, bilgi ak\u0131\u015f\u0131n\u0131 kontrol ederek muazzam siyasi ve ideolojik g\u00fc\u00e7 elde etmi\u015flerdir. Neoliberalizmin yaratt\u0131\u011f\u0131 ho\u015fnutsuzluklar\u0131 s\u00f6m\u00fcrerek toplumsal par\u00e7alanmay\u0131 ve nefret s\u00f6ylemlerini k\u00f6r\u00fcklemektedirler. Bir\u00e7ok \u00fclke bu platformlar\u0131 d\u00fczenlemeye \u00e7al\u0131\u015fsa da, Trump y\u00f6netimi bu d\u00fczenleme \u00e7abalar\u0131na kar\u015f\u0131 \u00e7\u0131kmaktad\u0131r.<\/p>\n\n\n\n<p style=\"font-size:clamp(16.834px, 1.052rem + ((1vw - 3.2px) * 0.716), 26px);\"><strong>C. Uluslararas\u0131 D\u00fczenin D\u00f6n\u00fc\u015f\u00fcm\u00fcnde Trendler ve Kar\u015f\u0131-Trendler<\/strong><\/p>\n\n\n\n<p style=\"font-size:clamp(16.834px, 1.052rem + ((1vw - 3.2px) * 0.716), 26px);\">\u00c7ok kutuplu yeni bir d\u00fcnya ger\u00e7ekli\u011fi \u015fekillenmektedir. ABD hegemonyas\u0131n\u0131n gerilemesi ve \u00c7in, Rusya, AB gibi yeni g\u00fc\u00e7 merkezlerinin y\u00fckseli\u015fi, emperyalist olmayan stratejik uluslararas\u0131 ittifaklar i\u00e7in elveri\u015fli ko\u015fullar yaratmaktad\u0131r.<\/p>\n\n\n\n<p style=\"font-size:clamp(16.834px, 1.052rem + ((1vw - 3.2px) * 0.716), 26px);\">ABD&#8217;nin \u00c7in&#8217;i \u00e7evreleme ve Rusya ile i\u015fbirli\u011fini zay\u0131flatma \u00e7abalar\u0131 s\u00fcrmektedir. Avrupa, ABD&#8217;nin yeni tutumu kar\u015f\u0131s\u0131nda g\u00fcvensizlik i\u00e7inde yeniden silahlanma aray\u0131\u015f\u0131ndad\u0131r. K\u00fcresel G\u00fcney \u00fclkeleri, emperyalist dayatmalara direnmekte ve <strong>BRICS, \u015eanghay \u0130\u015fbirli\u011fi \u00d6rg\u00fct\u00fc gibi platformlar arac\u0131l\u0131\u011f\u0131yla kendi egemen kalk\u0131nmalar\u0131 i\u00e7in ittifaklar kurmaktad\u0131r.<\/strong> Afrika&#8217;n\u0131n jeopolitik \u00f6nemi artmakta, Sahel \u00fclkelerinde Frans\u0131z s\u00f6m\u00fcrgecili\u011fine kar\u015f\u0131 yurtsever h\u00fck\u00fcmetler kurulmu\u015ftur. <strong>Neofa\u015fizmin ve a\u015f\u0131r\u0131 sa\u011f\u0131n y\u00fckseli\u015fi, kapitalizmin krizine ve neoliberalizmin liberal demokrasiyi a\u015f\u0131nd\u0131rmas\u0131na bir yan\u0131tt\u0131r; bu m\u00fccadele uzun ve zorlu olacakt\u0131r.<\/strong><\/p>\n\n\n\n<p style=\"font-size:clamp(16.834px, 1.052rem + ((1vw - 3.2px) * 0.716), 26px);\"><strong>Latin Amerika ve Karayipler: Y\u00f6n Bulma M\u00fccadelesi<\/strong><\/p>\n\n\n\n<p style=\"font-size:clamp(16.834px, 1.052rem + ((1vw - 3.2px) * 0.716), 26px);\">Latin Amerika&#8217;da sol ve ilerici h\u00fck\u00fcmetler ile yerel sa\u011f politik g\u00fc\u00e7ler art\u0131 ABD emperyalizminin kar\u015f\u0131 sald\u0131r\u0131s\u0131 aras\u0131nda bir m\u00fccadele ya\u015fanmaktad\u0131r. Meksika, Brezilya, Kolombiya, \u015eili ve Uruguay&#8217;daki son se\u00e7im zaferleri, halklar\u0131n d\u00f6n\u00fc\u015f\u00fcm talebini yeniden teyit etmi\u015ftir. Ancak Brezilya, El Salvador ve Arjantin&#8217;de neofa\u015fizm ve a\u015f\u0131r\u0131 sa\u011f b\u00fcy\u00fcmektedir.<\/p>\n\n\n\n<p style=\"font-size:clamp(16.834px, 1.052rem + ((1vw - 3.2px) * 0.716), 26px);\">Trump y\u00f6netimi, Panama Kanal\u0131&#8217;n\u0131 i\u015fgal tehdidi, Venezuela&#8217;ya m\u00fcdahale ve Brezilya&#8217;ya %50 g\u00fcmr\u00fck vergisi uygulayarak b\u00f6lgeyi kendi &#8220;arka bah\u00e7esi&#8221; olarak g\u00f6rmeye devam etmektedir. Brezilya&#8217;n\u0131n bu sald\u0131r\u0131lara kar\u015f\u0131 egemenli\u011fini savunmas\u0131 hayati \u00f6nem ta\u015f\u0131maktad\u0131r. B\u00f6lgesel entegrasyon (MERCOSUR, CELAC) ve BRICS ile ili\u015fkiler g\u00fc\u00e7lendirilmelidir.<\/p>\n\n\n\n<p style=\"font-size:clamp(16.834px, 1.052rem + ((1vw - 3.2px) * 0.716), 26px);\"><strong>Brezilya&#8217;n\u0131n Proaktif D\u0131\u015f Politikas\u0131<\/strong><\/p>\n\n\n\n<p style=\"font-size:clamp(16.834px, 1.052rem + ((1vw - 3.2px) * 0.716), 26px);\">\u0130\u015f\u00e7i Partisi lideri Lula&#8217;n\u0131n \u00fc\u00e7\u00fcnc\u00fc d\u00f6neminde, Bolsonaro d\u00f6neminde terk edilen <strong>egemen d\u0131\u015f politika yeniden canland\u0131r\u0131lm\u0131\u015ft\u0131r<\/strong>. Brezilya, BM, G20 ba\u015fkanl\u0131\u011f\u0131, COP30 ve Ukrayna&#8217;daki sava\u015f i\u00e7in bar\u0131\u015f \u00f6nerileri gibi alanlarda aktif rol oynamaktad\u0131r. \u00c7in ile i\u015fbirli\u011fi geli\u015ftirilmi\u015f, ancak b\u00f6lgesel entegrasyon ve Venezuela ile ili\u015fkilerde s\u0131n\u0131rl\u0131 kal\u0131nm\u0131\u015ft\u0131r.<\/p>\n\n\n\n<p style=\"font-size:clamp(16.834px, 1.052rem + ((1vw - 3.2px) * 0.716), 26px);\"><strong>Bar\u0131\u015f, Demokrasi ve Sosyalizm M\u00fccadelesi<\/strong><\/p>\n\n\n\n<p style=\"font-size:clamp(16.834px, 1.052rem + ((1vw - 3.2px) * 0.716), 26px);\">Emperyalist sava\u015flara kar\u015f\u0131 bar\u0131\u015f, neofa\u015fizme kar\u015f\u0131 demokrasi, K\u00fcba&#8217;ya dayan\u0131\u015fma, Filistin halk\u0131na destek ve emperyalizme kar\u015f\u0131 m\u00fccadele uluslararas\u0131 bir g\u00f6revdir. Kom\u00fcnist ve devrimci g\u00fc\u00e7ler, 1991&#8217;deki SSCB \u00e7\u00f6k\u00fc\u015f\u00fcnden bu yana stratejik savunmada olsa da, \u00c7in sosyalizminin ba\u015far\u0131lar\u0131, \u00e7ok kutupluluk ve Latin Amerika&#8217;daki ilerici kazan\u0131mlar bu durumu olumlu y\u00f6nde de\u011fi\u015ftirmektedir. Partimiz, ulusal projeleri g\u00fc\u00e7lendirerek ve sosyalizm i\u00e7in m\u00fccadele ederek bu s\u00fcre\u00e7te yer almaktad\u0131r. Sosyalizm, kapitalizmin s\u00f6m\u00fcr\u00fcs\u00fcne kar\u015f\u0131 uygulanabilir ve gerekli bir alternatiftir.<\/p>\n\n\n\n<p style=\"font-size:clamp(16.834px, 1.052rem + ((1vw - 3.2px) * 0.716), 26px);\"><strong>II. ULKEDE DURUM<\/strong><\/p>\n\n\n\n<p style=\"font-size:clamp(16.834px, 1.052rem + ((1vw - 3.2px) * 0.716), 26px);\">G\u00fcn\u00fcm\u00fczde Brezilya iki b\u00fcy\u00fck g\u00f6revle kar\u015f\u0131 kar\u015f\u0131yad\u0131r:<\/p>\n\n\n\n<ol class=\"wp-block-list\">\n<li style=\"font-size:clamp(16.834px, 1.052rem + ((1vw - 3.2px) * 0.716), 26px);\"><strong>Taktik G\u00f6rev:<\/strong>\u00a02026&#8217;da ulusun ve i\u015f\u00e7i s\u0131n\u0131f\u0131n\u0131n yeni bir zaferini kazanmak.<\/li>\n\n\n\n<li style=\"font-size:clamp(16.834px, 1.052rem + ((1vw - 3.2px) * 0.716), 26px);\"><strong>Stratejik G\u00f6rev:<\/strong>\u00a0Egemen kalk\u0131nmay\u0131 (sosyalizme giden yolda) h\u0131zland\u0131rmak i\u00e7in yap\u0131sal de\u011fi\u015fiklikleri ger\u00e7ekle\u015ftirmek.<\/li>\n<\/ol>\n\n\n\n<p style=\"font-size:clamp(16.834px, 1.052rem + ((1vw - 3.2px) * 0.716), 26px);\"><strong>A. Taktik Hedef: 2026&#8217;da Ulusun ve \u0130\u015f\u00e7i S\u0131n\u0131f\u0131n\u0131n Yeni Zaferi<\/strong><\/p>\n\n\n\n<p style=\"font-size:clamp(16.834px, 1.052rem + ((1vw - 3.2px) * 0.716), 26px);\">Brezilya, ulusal egemenlik ve demokrasi ile a\u015f\u0131r\u0131 sa\u011f\u0131n ihanet, neoliberal ve s\u00f6m\u00fcrgeci gericilik program\u0131 aras\u0131nda bir yol ayr\u0131m\u0131ndad\u0131r. 2026 se\u00e7imleri, \u00fclkenin gelece\u011fi ve jeopolitik m\u00fccadeleler a\u00e7\u0131s\u0131ndan taktik-stratejik bir \u00f6neme sahiptir. Bu, ABD emperyalizmi ile onun a\u015f\u0131r\u0131 sa\u011f i\u015fbirlik\u00e7ileri aras\u0131ndaki a\u00e7\u0131k bir sava\u015f alan\u0131d\u0131r.<\/p>\n\n\n\n<p style=\"font-size:clamp(16.834px, 1.052rem + ((1vw - 3.2px) * 0.716), 26px);\"><strong>Egemenlik Sald\u0131r\u0131s\u0131 ve Ulusal Birlik<\/strong><\/p>\n\n\n\n<p style=\"font-size:clamp(16.834px, 1.052rem + ((1vw - 3.2px) * 0.716), 26px);\">Trump y\u00f6netimi ve Bolsonaro ailesi \u00f6nderli\u011findeki a\u015f\u0131r\u0131 sa\u011f\u0131n Brezilya&#8217;ya y\u00f6nelik sald\u0131r\u0131lar\u0131 (ekonomik, kurumsal, yarg\u0131 alan\u0131nda) ba\u015far\u0131s\u0131z olmu\u015ftur. Bolsonaro ve darbeciler yarg\u0131lan\u0131p mahkum edilmi\u015ftir. Brezilya, BRICS ile ba\u011flar\u0131n\u0131 g\u00fc\u00e7lendirmi\u015ftir. Lula h\u00fck\u00fcmeti, &#8220;Brezilya Egemen Plan\u0131&#8221; ile sald\u0131r\u0131lara yan\u0131t vermi\u015f, Y\u00fcksek Mahkeme anayasay\u0131 savunmu\u015f ve halk sokaklara d\u00f6k\u00fclm\u00fc\u015ft\u00fcr. M\u00fccadele, ve kampla\u015fma &#8221; vatan hainleri Brezilya&#8217;n\u0131n kar\u015f\u0131s\u0131nda&#8221; \u015feklinde netle\u015fmektedir. 2026 zaferi m\u00fcmk\u00fcn ve gereklidir.<\/p>\n\n\n\n<p style=\"font-size:clamp(16.834px, 1.052rem + ((1vw - 3.2px) * 0.716), 26px);\"><strong>Bolsonaro ve Darbe Giri\u015fiminin Cezaland\u0131r\u0131lmas\u0131<\/strong><\/p>\n\n\n\n<p style=\"font-size:clamp(16.834px, 1.052rem + ((1vw - 3.2px) * 0.716), 26px);\">Y\u00fcksek Mahkeme, Bolsonaro ve \u00fcst d\u00fczey asker-sivil su\u00e7 ortaklar\u0131n\u0131 darbe giri\u015fimi, Lula\u2019ya, Alckmin\u2019e ve Moraes&#8217;e suikast plan\u0131ndan mahkum etmi\u015ftir. Bu, demokrasi i\u00e7in bir zaferdir. Cezalar\u0131n infaz edilmesi ve af giri\u015fimlerinin engellenmesi hayati \u00f6nem ta\u015f\u0131maktad\u0131r.<\/p>\n\n\n\n<p style=\"font-size:clamp(16.834px, 1.052rem + ((1vw - 3.2px) * 0.716), 26px);\"><strong>Lula H\u00fck\u00fcmetinin De\u011ferlendirmesi<\/strong><\/p>\n\n\n\n<p style=\"font-size:clamp(16.834px, 1.052rem + ((1vw - 3.2px) * 0.716), 26px);\"><strong>Olumsuz Ko\u015fullar:<\/strong>&nbsp;H\u00fck\u00fcmet, az\u0131nl\u0131k h\u00fck\u00fcmeti olmas\u0131, muhafazakar Kongre, g\u00fc\u00e7l\u00fc finansal oligar\u015fi (Merkez Bankas\u0131&#8217;n\u0131n &#8220;s\u00f6zde ba\u011f\u0131ms\u0131zl\u0131\u011f\u0131&#8221;), Trump&#8217;\u0131n sald\u0131r\u0131lar\u0131 ve kutupla\u015fm\u0131\u015f toplum gibi a\u011f\u0131r ko\u015fullarla kar\u015f\u0131 kar\u015f\u0131yad\u0131r. Ayr\u0131ca Temer ve Bolsonaro d\u00f6nemlerinden kalan a\u011f\u0131r bir miras (neoliberal politikalar, soyguncu \u00f6zelle\u015ftirmeler, sosyal trajedi) devral\u0131nm\u0131\u015ft\u0131r.<\/p>\n\n\n\n<p style=\"font-size:clamp(16.834px, 1.052rem + ((1vw - 3.2px) * 0.716), 26px);\"><strong>Ba\u015far\u0131lar:<\/strong>&nbsp;T\u00fcm bu olumsuzluklara ra\u011fmen h\u00fck\u00fcmet \u00f6nemli ba\u015far\u0131lar elde etmi\u015ftir:<\/p>\n\n\n\n<ul class=\"wp-block-list\">\n<li style=\"font-size:clamp(16.834px, 1.052rem + ((1vw - 3.2px) * 0.716), 26px);\"><strong>Ekonomi:<\/strong>\u00a02023&#8217;te %3,2, 2024&#8217;te %3,4 b\u00fcy\u00fcme. Yeni B\u00fcy\u00fcme H\u0131zland\u0131rma Program\u0131 ile 2024&#8217;te 711 milyar real tutar\u0131nda yat\u0131r\u0131m yap\u0131lmu\u015ftur. BNDES kredileri, Petrobras yat\u0131r\u0131mlar\u0131.<\/li>\n\n\n\n<li style=\"font-size:clamp(16.834px, 1.052rem + ((1vw - 3.2px) * 0.716), 26px);\"><strong>Sanayi:<\/strong>\u00a0Yeni Brezilya Sanayisi program\u0131 ile sanayisizle\u015fmeye kar\u015f\u0131 yeniden sanayile\u015fme ba\u015flam\u0131\u015ft\u0131r.<\/li>\n\n\n\n<li style=\"font-size:clamp(16.834px, 1.052rem + ((1vw - 3.2px) * 0.716), 26px);\"><strong>Bilim ve Teknoloji:<\/strong>\u00a0Partimizin \u00a0lideri Luciana Santos&#8217;un ba\u015fkanl\u0131\u011f\u0131ndaki Bilim, Teknoloji ve \u0130novasyon Bakanl\u0131\u011f\u0131 kritik rol oynamaktad\u0131r. <strong>FNDCT fonlar\u0131 serbest b\u0131rak\u0131lm\u0131\u015f, yat\u0131r\u0131mlar alt\u0131 kat artm\u0131\u015ft\u0131r.<\/strong> Sirius s\u00fcper bilgisayar\u0131, CBERS uydusu, Yapay Zeka Plan\u0131 (PBIA) gibi projeler hayata ge\u00e7irilmi\u015ftir. Brezilya-\u00c7in i\u015fbirli\u011fi &#8220;Payla\u015fmac\u0131 Ortak Gelecek&#8221; stat\u00fcs\u00fcne y\u00fckseltilmi\u015f, 37 i\u015fbirli\u011fi anla\u015fmas\u0131 imzalanm\u0131\u015ft\u0131r.<\/li>\n\n\n\n<li style=\"font-size:clamp(16.834px, 1.052rem + ((1vw - 3.2px) * 0.716), 26px);\"><strong>Sosyal Politikalar:<\/strong>\u00a0\u0130\u015fsizlik tarihin en d\u00fc\u015f\u00fck seviyesine (%5,6) gerilemi\u015f, asgari \u00fccret artm\u0131\u015f, Gelir Vergisi reformu ile maa\u015f\u0131 5 bin real&#8217;e kadar olanlar vergiden muaf tutulmu\u015ftur. Kad\u0131n-erkek e\u015fit \u00fccret yasas\u0131, Ulusal Bak\u0131m Politikas\u0131 ve Aldir Blanc k\u00fclt\u00fcr yasas\u0131 gibi \u00f6nemli d\u00fczenlemeler yap\u0131lm\u0131\u015ft\u0131r.<\/li>\n<\/ul>\n\n\n\n<p style=\"font-size:clamp(16.834px, 1.052rem + ((1vw - 3.2px) * 0.716), 26px);\"><strong>\u00c7eli\u015fkiler ve Yetersizlikler:<\/strong>&nbsp;H\u00fck\u00fcmetin geni\u015f koalisyon yap\u0131s\u0131 nedeniyle ekonomide neoliberal etkiler g\u00f6r\u00fclmektedir. Mali \u00e7er\u00e7eve, eski harcama tavan\u0131ndan kurtulmak i\u00e7in bir ara\u00e7 olsa da, kalk\u0131nmay\u0131 k\u0131s\u0131tlamaktad\u0131r. Mali kesintiler (asgari \u00fccret ve BPC&#8217;de) yap\u0131lm\u0131\u015ft\u0131r. S\u0131f\u0131r a\u00e7\u0131k hedefi ve %3 enflasyon hedefi rantiyecili\u011fi beslemektedir. \u0130lerici g\u00fc\u00e7lerin da\u011f\u0131n\u0131kl\u0131\u011f\u0131, h\u00fck\u00fcmetin ba\u015far\u0131s\u0131n\u0131 zay\u0131flatmaktad\u0131r.<\/p>\n\n\n\n<p style=\"font-size:clamp(16.834px, 1.052rem + ((1vw - 3.2px) * 0.716), 26px);\"><strong>Daha Fazla Kalk\u0131nma ve Daha Fazla Hak \u0130\u00e7in M\u00fccadele:<\/strong><\/p>\n\n\n\n<p style=\"font-size:clamp(16.834px, 1.052rem + ((1vw - 3.2px) * 0.716), 26px);\"><strong>Bankalar\u0131, milyarderleri ve bahis \u015firketlerini vergilendirme (&#8220;BBB&#8221;) ve b\u00fcy\u00fck \u015firketlere verilen destek s\u00fcbvansiyonlar\u0131 azaltma \u00f6nerisi geni\u015f halk deste\u011fi bulmu\u015ftur. Y\u00fcksek faiz oranlar\u0131 (%15) kamu yat\u0131r\u0131mlar\u0131n\u0131 ve kalk\u0131nmay\u0131 engellemektedir. Kamu g\u00fcvenli\u011fi, SUS sa\u011fl\u0131k sistemi, \u0131rk\u00e7\u0131l\u0131kla m\u00fccadele, kad\u0131n haklar\u0131, LGBTQIA+ haklar\u0131 ve yerlilerin toprak haklar\u0131 i\u00e7in m\u00fccadele partimizin Yeni Ulusal Kalk\u0131nma Projesi\u2019nin ayr\u0131lmaz par\u00e7alar\u0131d\u0131r.<\/strong><\/p>\n\n\n\n<p style=\"font-size:clamp(16.834px, 1.052rem + ((1vw - 3.2px) * 0.716), 26px);\"><strong>\u0130deolojik M\u00fccadeleyi Yeni Bir Seviyeye Ta\u015f\u0131mak:<\/strong><\/p>\n\n\n\n<p style=\"font-size:clamp(16.834px, 1.052rem + ((1vw - 3.2px) * 0.716), 26px);\">\u0130lerici g\u00fc\u00e7ler, \u00f6zellikle dijital alanda, a\u015f\u0131r\u0131 sa\u011f\u0131n &#8220;k\u00fclt\u00fcr sava\u015f\u0131&#8221; kar\u015f\u0131s\u0131nda ileti\u015fimde geride kalm\u0131\u015ft\u0131r. Elon Musk&#8217;\u0131n 2026 Brezilya se\u00e7imlerine m\u00fcdahale tehdidi, b\u00fcy\u00fck teknoloji \u015firketlerine kar\u015f\u0131 ulusal egemenlik, d\u00fczenleme ve dijital altyap\u0131 m\u00fccadelesini zorunlu k\u0131lmaktad\u0131r. Yalan haberler, nefret s\u00f6ylemi ve komplo teorileriyle m\u00fccadele edilmelidir.<\/p>\n\n\n\n<p style=\"font-size:clamp(16.834px, 1.052rem + ((1vw - 3.2px) * 0.716), 26px);\"><strong>Halk\u0131n Sefenberli\u011fi:<\/strong><\/p>\n\n\n\n<p style=\"font-size:clamp(16.834px, 1.052rem + ((1vw - 3.2px) * 0.716), 26px);\">Lula h\u00fck\u00fcmetinin ba\u015far\u0131s\u0131 i\u00e7in bilin\u00e7li, siyasalla\u015fm\u0131\u015f ve birlik\u00e7i bir toplumsal seferberlik \u015fartt\u0131r. Son y\u0131llarda halk hareketlerinde durgunluk ya\u015fansa da, 21 Eyl\u00fcl&#8217;deki darbe aff\u0131na kar\u015f\u0131 yap\u0131lan g\u00f6steriler umut vericidir. Halk\u0131 Plebisite &nbsp;\u00e7a\u011f\u0131rma kampanyas\u0131 (\u00e7al\u0131\u015fma saatlerinin indirilmesi&nbsp; i\u00e7in, vergi muafiyeti i\u00e7in, s\u00fcper zenginlerin vergilendirilmesi i\u00e7in) bu seferberli\u011fi ate\u015fleyebilir.<\/p>\n\n\n\n<p style=\"font-size:clamp(16.834px, 1.052rem + ((1vw - 3.2px) * 0.716), 26px);\"><strong>Partimizin Stratejik Perspektifi: Egemen Kalk\u0131nma<\/strong><\/p>\n\n\n\n<p style=\"font-size:clamp(16.834px, 1.052rem + ((1vw - 3.2px) * 0.716), 26px);\">2026 se\u00e7im zaferi, \u00fclkede <strong>egemen kalk\u0131nma<\/strong> hedefimiz i\u00e7in yeni bir g\u00fc\u00e7 dengesi yaratacakt\u0131r. Partimiz, bu hedef etraf\u0131nda siyasi, ekonomik, sosyal ve k\u00fclt\u00fcrel \u00e7o\u011funlu\u011fu olu\u015fturmak i\u00e7in \u00e7al\u0131\u015facakt\u0131r. Bu, Yeni Ulusal Kalk\u0131nma Projesi ve sosyalizm i\u00e7in m\u00fccadeledir.<\/p>\n\n\n\n<p style=\"font-size:clamp(16.834px, 1.052rem + ((1vw - 3.2px) * 0.716), 26px);\"><strong>Partimizin ve Brezilya Umut Federasyonu \u0130ttifak\u0131n\u0131n Se\u00e7im Projesi:<\/strong><\/p>\n\n\n\n<p style=\"font-size:clamp(16.834px, 1.052rem + ((1vw - 3.2px) * 0.716), 26px);\">Partimiz &nbsp;mevcut 9 milletvekili sandalyesini korumay\u0131 ve art\u0131rmay\u0131, yasama meclislerinde varl\u0131\u011f\u0131n\u0131 g\u00fc\u00e7lendirmeyi hedeflemektedir. Parti, umut ittifak\u0131 olan FE Brasil&#8217;i (Brezilya Umut Federasyonu) g\u00fc\u00e7lendirecek ve geni\u015fletecektir.<\/p>\n\n\n\n<p style=\"font-size:clamp(16.834px, 1.052rem + ((1vw - 3.2px) * 0.716), 26px);\"><strong>B. Yap\u0131sal De\u011fi\u015fiklikler: Egemen Kalk\u0131nmay\u0131 H\u0131zland\u0131rmak<\/strong><\/p>\n\n\n\n<p style=\"font-size:clamp(16.834px, 1.052rem + ((1vw - 3.2px) * 0.716), 26px);\">Brezilya, son 60 y\u0131lda \u00fc\u00e7 gerici d\u00f6ng\u00fc (askeri diktat\u00f6rl\u00fck, 1990&#8217;lar\u0131n neoliberalizmi, 2016-2022 darbesi) ya\u015fam\u0131\u015ft\u0131r. Bu d\u00f6nemler \u00fclkeyi ba\u011f\u0131ml\u0131, yar\u0131-\u00e7evre, sanayisizle\u015fmi\u015f ve e\u015fitsiz bir hale getirmi\u015ftir. Partimiz, bu yap\u0131sal engelleri a\u015fmak i\u00e7in ulusal devletin yeniden in\u015fas\u0131n\u0131, \u00fclkede finansal oligar\u015finin g\u00fcc\u00fcn\u00fcn k\u0131r\u0131lmas\u0131n\u0131, sanayile\u015fmeyi ve teknolojik ba\u011f\u0131ms\u0131zl\u0131\u011f\u0131 i\u00e7eren bir dizi yap\u0131sal reformu savunmaktad\u0131r.<\/p>\n\n\n\n<p style=\"font-size:clamp(16.834px, 1.052rem + ((1vw - 3.2px) * 0.716), 26px);\"><strong>Ulusal Devletin Yeniden \u0130n\u015fas\u0131:<\/strong><\/p>\n\n\n\n<p style=\"font-size:clamp(16.834px, 1.052rem + ((1vw - 3.2px) * 0.716), 26px);\">Devlet, finansal oligar\u015finin \u00e7\u0131karlar\u0131na hizmet edecek \u015fekilde neoliberal kurumlarla \u015fekillendirilmi\u015ftir. Devletin, \u00fcretici g\u00fc\u00e7leri geli\u015ftirme, egemenli\u011fi savunma ve halk\u0131n ya\u015fam kalitesini y\u00fckseltme rol\u00fcn\u00fc oynayabilmesi i\u00e7in Merkez Bankas\u0131 \u00fczerindeki finansal oligar\u015fi etkisinin kald\u0131r\u0131lmas\u0131, kamu i\u015fletmelerinin g\u00fc\u00e7lendirilmesi ve y\u00fcr\u00fctme-yasama-yarg\u0131 aras\u0131ndaki dengesizliklerin giderilmesi gerekmektedir.<\/p>\n\n\n\n<p style=\"font-size:clamp(16.834px, 1.052rem + ((1vw - 3.2px) * 0.716), 26px);\"><strong>Yap\u0131sal Reformlar:<\/strong><\/p>\n\n\n\n<ul class=\"wp-block-list\">\n<li style=\"font-size:clamp(16.834px, 1.052rem + ((1vw - 3.2px) * 0.716), 26px);\"><strong>Demokratik Siyasi Reform:<\/strong>\u00a0Siyasi sistemin demokratikle\u015ftirilmesi.<\/li>\n\n\n\n<li style=\"font-size:clamp(16.834px, 1.052rem + ((1vw - 3.2px) * 0.716), 26px);\"><strong>Finansal Sistem Reformu:<\/strong>\u00a0Finansal sermayenin tahakk\u00fcm\u00fcn\u00fcn k\u0131r\u0131lmas\u0131.<\/li>\n\n\n\n<li style=\"font-size:clamp(16.834px, 1.052rem + ((1vw - 3.2px) * 0.716), 26px);\"><strong>Kentsel ve Tar\u0131m Reformu:<\/strong>\u00a0Toprak m\u00fclkiyetinin yeniden d\u00fczenlenmesi.<\/li>\n\n\n\n<li style=\"font-size:clamp(16.834px, 1.052rem + ((1vw - 3.2px) * 0.716), 26px);\"><strong>Medya Reformu:<\/strong>\u00a0Medya tekellerinin k\u0131r\u0131lmas\u0131.<\/li>\n\n\n\n<li style=\"font-size:clamp(16.834px, 1.052rem + ((1vw - 3.2px) * 0.716), 26px);\"><strong>A\u015famal\u0131 Vergi Reformu:<\/strong>\u00a0Gelir adaletinin sa\u011flanmas\u0131.<\/li>\n\n\n\n<li style=\"font-size:clamp(16.834px, 1.052rem + ((1vw - 3.2px) * 0.716), 26px);\"><strong>E\u011fitim, Sa\u011fl\u0131k ve Sosyal G\u00fcvenlik Reformlar\u0131.<\/strong><\/li>\n\n\n\n<li style=\"font-size:clamp(16.834px, 1.052rem + ((1vw - 3.2px) * 0.716), 26px);\"><strong>Ekolojik D\u00f6n\u00fc\u015f\u00fcm ve B\u00f6lgesel E\u015fitsizliklerin Giderilmesi.<\/strong><\/li>\n<\/ul>\n\n\n\n<p style=\"font-size:clamp(16.834px, 1.052rem + ((1vw - 3.2px) * 0.716), 26px);\"><strong>Egemen Kalk\u0131nman\u0131n Sosyal Taban\u0131:<\/strong><\/p>\n\n\n\n<p style=\"font-size:clamp(16.834px, 1.052rem + ((1vw - 3.2px) * 0.716), 26px);\"><strong>Egemen Kalk\u0131nma <\/strong>projesinin itici g\u00fcc\u00fc, i\u015f\u00e7i s\u0131n\u0131f\u0131 ve halk kitleleridir. <strong>Sanayi burjuvazisi, orta s\u0131n\u0131flar ve k\u00fc\u00e7\u00fck giri\u015fimcilerle ittifak halinde hareket edilmelidir.<\/strong> \u0130\u015f\u00e7i s\u0131n\u0131f\u0131n\u0131n \u00f6rg\u00fctl\u00fcl\u00fc\u011f\u00fc (sendikalar) neoliberal sald\u0131r\u0131larla zay\u0131flat\u0131lm\u0131\u015ft\u0131r, bu nedenle sendikal hareketin yeniden canland\u0131r\u0131lmas\u0131 ve i\u015f\u00e7i s\u0131n\u0131f\u0131n\u0131n bilincinin y\u00fckseltilmesi gerekmektedir.<\/p>\n\n\n\n<p style=\"font-size:clamp(16.834px, 1.052rem + ((1vw - 3.2px) * 0.716), 26px);\"><strong>III. PART\u0130: D\u0130REN\u0130\u015e, HALK M\u00dcCADELES\u0130 VE SOSYAL\u0130ZM\u0130N PART\u0130S\u0130<\/strong><\/p>\n\n\n\n<p style=\"font-size:clamp(16.834px, 1.052rem + ((1vw - 3.2px) * 0.716), 26px);\"><strong>Yeni Bir G\u00fc\u00e7 Birikimi D\u00f6ng\u00fcs\u00fc \u0130\u00e7in Partimizi Yeniden Konumland\u0131rmak ve Canland\u0131rmak<\/strong><\/p>\n\n\n\n<p style=\"font-size:clamp(16.834px, 1.052rem + ((1vw - 3.2px) * 0.716), 26px);\">15. Kongre, partiyi yeniden konumland\u0131rma ve canland\u0131rma g\u00f6reviyle kar\u015f\u0131 kar\u015f\u0131yad\u0131r. Parti, Marksizm-Leninizm temelinde, sosyalizm i\u00e7in m\u00fccadele eden, devrimci, yurtsever ve halk\u0131n haklar\u0131n\u0131n savunucusu olarak tan\u0131mlanmaktad\u0131r. Partimiz, 103 y\u0131ll\u0131k tarihi ve 40 y\u0131ll\u0131k yasal \u00e7al\u0131\u015fmas\u0131 ile Lula h\u00fck\u00fcmeti i\u00e7inde yer almaktad\u0131r. Parti, neofa\u015fizmin y\u00fckseli\u015fi, k\u00fclt\u00fcrel sava\u015flar, iklim krizi ve kapitalist \u00fcretim ili\u015fkilerindeki d\u00f6n\u00fc\u015f\u00fcmler gibi yeni meydan okumalarla ba\u015fa \u00e7\u0131kmak zorundad\u0131r.<\/p>\n\n\n\n<ol class=\"wp-block-list\"><\/ol>\n\n\n\n<p style=\"font-size:clamp(16.834px, 1.052rem + ((1vw - 3.2px) * 0.716), 26px);\">Partinin stratejik rol\u00fcn\u00fc k\u00fc\u00e7\u00fcmseyen, onu geni\u015f &#8220;sol&#8221; kanat i\u00e7inde eritme veya s\u0131n\u0131f m\u00fccadelesinden koparmaya \u00e7al\u0131\u015fan anlay\u0131\u015flara kar\u015f\u0131 ideolojik m\u00fccadele y\u00fcr\u00fct\u00fclmelidir.<\/p>\n\n\n\n<p style=\"font-size:clamp(16.834px, 1.052rem + ((1vw - 3.2px) * 0.716), 26px);\"><strong>\u00dc\u00e7 G\u00fc\u00e7 Birikimi Vekt\u00f6r\u00fcn\u00fcn Diyalektik olarak Birle\u015ftirilmesi:<\/strong><\/p>\n\n\n\n<p style=\"font-size:clamp(16.834px, 1.052rem + ((1vw - 3.2px) * 0.716), 26px);\">Parti, g\u00fc\u00e7 birikimini \u00fc\u00e7 vekt\u00f6r \u00fczerinden sa\u011flamal\u0131d\u0131r:<\/p>\n\n\n\n<ol class=\"wp-block-list\">\n<li style=\"font-size:clamp(16.834px, 1.052rem + ((1vw - 3.2px) * 0.716), 26px);\"><strong>Kurumsal\/Siyasi M\u00fccadele:<\/strong>\u00a0Se\u00e7imler, parlamenter faaliyet.<\/li>\n\n\n\n<li style=\"font-size:clamp(16.834px, 1.052rem + ((1vw - 3.2px) * 0.716), 26px);\"><strong>Sosyal M\u00fccadele:<\/strong>\u00a0Sendikalar, halk hareketleri, sokak m\u00fccadelesi.<\/li>\n\n\n\n<li style=\"font-size:clamp(16.834px, 1.052rem + ((1vw - 3.2px) * 0.716), 26px);\"><strong>\u0130deoloji ve Fikir M\u00fccadelesi:<\/strong>\u00a0Teorik geli\u015fim, e\u011fitim, medya ve ileti\u015fim.<\/li>\n<\/ol>\n\n\n\n<p style=\"font-size:clamp(16.834px, 1.052rem + ((1vw - 3.2px) * 0.716), 26px);\">Bu \u00fc\u00e7 vekt\u00f6r\u00fcn dengeli ve uyumlu kullan\u0131m\u0131 partinin b\u00fcy\u00fcmesi ve etkisi i\u00e7in gereklidir.<\/p>\n\n\n\n<p style=\"font-size:clamp(16.834px, 1.052rem + ((1vw - 3.2px) * 0.716), 26px);\"><strong>Partinin Canland\u0131r\u0131mas\u0131n\u0131n Devaml\u0131l\u0131\u011f\u0131:<\/strong><\/p>\n\n\n\n<p style=\"font-size:clamp(16.834px, 1.052rem + ((1vw - 3.2px) * 0.716), 26px);\">15. Kongre&#8217;de ba\u015flat\u0131lan canland\u0131rma s\u00fcreci devam etmeli; \u00f6rg\u00fct taban\u0131 g\u00fc\u00e7lendirilmeli, ileti\u015fim kapasitesi art\u0131r\u0131lmal\u0131 ve maddi ko\u015fullar iyile\u015ftirilmelidir.<\/p>\n\n\n\n<ol class=\"wp-block-list\"><\/ol>\n\n\n\n<p style=\"font-size:clamp(16.834px, 1.052rem + ((1vw - 3.2px) * 0.716), 26px);\"><strong>\u0130\u015f\u00e7i S\u0131n\u0131f\u0131 ve Gen\u00e7likle Ba\u011flar\u0131n G\u00fc\u00e7lendirilmesi:<\/strong><\/p>\n\n\n\n<p style=\"font-size:clamp(16.834px, 1.052rem + ((1vw - 3.2px) * 0.716), 26px);\">\u00dcretim s\u00fcrecindeki d\u00f6n\u00fc\u015f\u00fcmler (dijitalle\u015fme, platform \u00e7al\u0131\u015fmas\u0131, esnek \u00e7al\u0131\u015fma) i\u015f\u00e7i s\u0131n\u0131f\u0131n\u0131 par\u00e7alam\u0131\u015ft\u0131r. Parti, sendikalar\u0131 (\u00f6zellikle CTB&#8217;yi) canland\u0131rarak, i\u015fyerlerinde ve mahallelerde \u00f6rg\u00fctlenerek i\u015f\u00e7i s\u0131n\u0131f\u0131yla ba\u011flar\u0131n\u0131 g\u00fc\u00e7lendirmelidir. Gen\u00e7lik, partinin stratejik bir g\u00fcc\u00fcd\u00fcr. UJS (Sosyalist Gen\u00e7lik Birli\u011fi) ve JPL (\u00d6zg\u00fcr Anavatan Gen\u00e7li\u011fi) arac\u0131l\u0131\u011f\u0131yla \u00f6\u011frenci hareketinde, feminist, anti-\u0131rk\u00e7\u0131, \u00e7evreci ve k\u00fclt\u00fcrel m\u00fccadelelerde daha fazla yer al\u0131nmal\u0131d\u0131r.<\/p>\n\n\n\n<p style=\"font-size:clamp(16.834px, 1.052rem + ((1vw - 3.2px) * 0.716), 26px);\"><strong>Halkla Birlikte Olmak, Halkla Birlikte M\u00fccadele Etmek:<\/strong><\/p>\n\n\n\n<p style=\"font-size:clamp(16.834px, 1.052rem + ((1vw - 3.2px) * 0.716), 26px);\">Parti, kentlerin kenar mahallelerinde, milislerin, uyu\u015fturucu trafi\u011finin ve polis \u015fiddetinin bask\u0131s\u0131 alt\u0131nda ya\u015fayan halkla daha yak\u0131ndan ilgilenmeli, oradaki m\u00fccadelelerde \u00f6rg\u00fctleyici rol oynamal\u0131d\u0131r. 1. Ulusal Halk Hareketleri Konferans\u0131n\u0131 toplamay\u0131, bu alandaki stratejiyi g\u00fcncellemek i\u00e7in \u00f6neriyoruz.<\/p>\n\n\n\n<p style=\"font-size:clamp(16.834px, 1.052rem + ((1vw - 3.2px) * 0.716), 26px);\"><strong>Her T\u00fcrl\u00fc Bask\u0131ya Kar\u015f\u0131 M\u00fccadele:<\/strong><\/p>\n\n\n\n<p style=\"font-size:clamp(16.834px, 1.052rem + ((1vw - 3.2px) * 0.716), 26px);\">Parti, s\u0131n\u0131f m\u00fccadelesini \u0131rk\u00e7\u0131l\u0131k, cinsiyet\u00e7ilik, LGBTQIA+ ayr\u0131mc\u0131l\u0131\u011f\u0131 ve dinci ho\u015fg\u00f6r\u00fcs\u00fczl\u00fckle m\u00fccadeleyle birle\u015ftirmelidir. Yerli halklar\u0131n toprak haklar\u0131n\u0131n savunulmas\u0131, biyomlar\u0131n (Amazon, Cerrado vb.) korunmas\u0131 i\u00e7in hayati \u00f6nem ta\u015f\u0131maktad\u0131r.<\/p>\n\n\n\n<p style=\"font-size:clamp(16.834px, 1.052rem + ((1vw - 3.2px) * 0.716), 26px);\"><strong>Taban \u00d6rg\u00fctlerini G\u00fc\u00e7lendirmek:<\/strong><\/p>\n\n\n\n<p style=\"font-size:clamp(16.834px, 1.052rem + ((1vw - 3.2px) * 0.716), 26px);\">Partinin binlerce taban birim \u00f6rg\u00fct\u00fc (n\u00facleos) arac\u0131l\u0131\u011f\u0131yla hareket etmesi, \u00fcyelerin e\u011fitimi ve ileti\u015fim ara\u00e7lar\u0131n\u0131n etkin kullan\u0131m\u0131 esast\u0131r.<\/p>\n\n\n\n<p style=\"font-size:clamp(16.834px, 1.052rem + ((1vw - 3.2px) * 0.716), 26px);\"><strong>Partinin Ulusal \u0130leti\u015fim Sistemi ve Politikas\u0131:<\/strong><\/p>\n\n\n\n<p style=\"font-size:clamp(16.834px, 1.052rem + ((1vw - 3.2px) * 0.716), 26px);\">Parti, dijital ortamda (Vermelho Portal\u0131, sosyal medya) daha etkin olmal\u0131, yeni diller ve platformlar kullanmal\u0131d\u0131r. T\u00fcm parti ara\u00e7lar\u0131n\u0131 birle\u015ftiren bir Ulusal \u0130leti\u015fim Sistemi kurulmal\u0131d\u0131r.<\/p>\n\n\n\n<p style=\"font-size:clamp(16.834px, 1.052rem + ((1vw - 3.2px) * 0.716), 26px);\"><strong>Fikir M\u00fccadelesi ve E\u011fitim:<\/strong><\/p>\n\n\n\n<p style=\"font-size:clamp(16.834px, 1.052rem + ((1vw - 3.2px) * 0.716), 26px);\">Ulusal Jo\u00e3o Amazonas Okulu ve Maur\u00edcio Grabois Vakf\u0131, militan e\u011fitimi ve teorik \u00fcretim i\u00e7in merkezi kurumlard\u0131r. &#8220;Princ\u00edpios&#8221; dergisi (Qualis A3) bu alanda \u00f6nemli bir ara\u00e7t\u0131r. Parti y\u00f6neticileri ve militanlar i\u00e7in ideolojik e\u011fitim zorunlu ve s\u00fcrekli olmal\u0131d\u0131r.<\/p>\n\n\n\n<p style=\"font-size:clamp(16.834px, 1.052rem + ((1vw - 3.2px) * 0.716), 26px);\"><strong>Partinin Maddi ve Mali Temellerinin Y\u00fckseltilmesi:<\/strong><\/p>\n\n\n\n<p style=\"font-size:clamp(16.834px, 1.052rem + ((1vw - 3.2px) * 0.716), 26px);\">Kamu fonlar\u0131 (Parti Fonu, Se\u00e7im Fonu) yetersiz kalmaktad\u0131r. \u00dcye aidatlar\u0131 (SINCON), dostlar a\u011f\u0131, sosyal ve k\u00fclt\u00fcrel etkinlikler ile mali kaynaklar \u00e7e\u015fitlendirilmeli ve mali y\u00f6netim g\u00fc\u00e7lendirilmelidir.<\/p>\n\n\n\n<p style=\"font-size:clamp(16.834px, 1.052rem + ((1vw - 3.2px) * 0.716), 26px);\"><strong>Kom\u00fcnist Parti \u2013 D\u00f6n\u00fc\u015f\u00fcmlerin \u0130tici G\u00fcc\u00fc:<\/strong><\/p>\n\n\n\n<p style=\"font-size:clamp(16.834px, 1.052rem + ((1vw - 3.2px) * 0.716), 26px);\">Partinin politik-\u00f6rg\u00fctsel tutarl\u0131l\u0131\u011f\u0131, haz\u0131rl\u0131kl\u0131 ve uyumlu bir Merkez Komitesi&#8217;ne ve i\u015f\u00e7i s\u0131n\u0131f\u0131 ile halk aras\u0131nda aktif bir taban \u00f6rg\u00fctleri a\u011f\u0131na dayanmaktad\u0131r. Eyalet, belediye ve il\u00e7e komiteleri, yerel talepleri ulusal politika ve parti program\u0131yla b\u00fct\u00fcnle\u015ftirmelidir.<\/p>\n\n\n\n<p style=\"font-size:clamp(16.834px, 1.052rem + ((1vw - 3.2px) * 0.716), 26px);\"><strong>PPL&#8217;nin Partimize Entegrasyon S\u00fcreci:<\/strong><\/p>\n\n\n\n<p style=\"font-size:clamp(16.834px, 1.052rem + ((1vw - 3.2px) * 0.716), 26px);\">Eski PPL (MR8) \u00fcyeleri, Parti\u2019ye ba\u015far\u0131yla entegre olmu\u015f ve parti canland\u0131rmas\u0131na katk\u0131da bulunmaktad\u0131r. Gen\u00e7lik, kad\u0131n hareketi ve ileti\u015fim alan\u0131ndaki entegrasyon s\u00fcreci devam etmektedir.<\/p>\n\n\n\n<p style=\"font-size:clamp(16.834px, 1.052rem + ((1vw - 3.2px) * 0.716), 26px);\"><strong>Sosyalizm: Umudun Bayra\u011f\u0131:<\/strong><\/p>\n\n\n\n<p style=\"font-size:clamp(16.834px, 1.052rem + ((1vw - 3.2px) * 0.716), 26px);\">Sosyalizm, partinin t\u00fcm m\u00fccadele alanlar\u0131nda mevcut olmal\u0131d\u0131r. Sosyalist \u00fclkelerin (\u00f6zellikle \u00c7in&#8217;in) ba\u015far\u0131lar\u0131 tan\u0131t\u0131lmal\u0131, Partimizin Sosyalizm Program\u0131 incelenmeli ve sosyalizmin kapitalizme kar\u015f\u0131 pratik uygulanabilir bir alternatif oldu\u011fu mesaj\u0131 yay\u0131lmal\u0131d\u0131r.<\/p>\n\n\n\n<p style=\"font-size:clamp(16.834px, 1.052rem + ((1vw - 3.2px) * 0.716), 26px);\"><strong>Sonu\u00e7:<\/strong>&nbsp;Brezilya, bir yanda egemenlik, demokrasi ve sosyalizm di\u011fer yanda emperyalizm, neofa\u015fizm ve neoliberalizm aras\u0131nda tarihsel bir kav\u015faktad\u0131r.<\/p>\n\n\n\n<p style=\"font-size:clamp(16.834px, 1.052rem + ((1vw - 3.2px) * 0.716), 26px);\">2026 se\u00e7im zaferi, bu m\u00fccadelenin taktik bir hedefidir; as\u0131l stratejik hedef ise <strong>Yeni Egemen Kalk\u0131nma Projesi<\/strong> arac\u0131l\u0131\u011f\u0131yla Brezilya&#8217;da sosyalizme giden yolda yap\u0131sal d\u00f6n\u00fc\u015f\u00fcmleri ba\u015flatmakt\u0131r. Partimiz, bu s\u00fcre\u00e7te i\u015f\u00e7i s\u0131n\u0131f\u0131n\u0131n ve halk\u0131n \u00f6nder g\u00fcc\u00fc olmay\u0131 hedeflemektedir.<\/p>\n","protected":false},"excerpt":{"rendered":"<p>Brezilya Kom\u00fcnist Partisi Ekim 2025\u2019te \u00d6nemli Kongre Yapt\u0131 Parti 2026\u2019da Brezilya\u2019n\u0131n Zaferi \u0130\u00e7in Se\u00e7im Kampanyas\u0131 Ba\u015flatt\u0131 Brezilya Kom\u00fcnist Partisi \u201cYeni Ekonomik Kalk\u0131nma Plan\u0131\u201d Stratejisini Benimsedi \u00c7eviren: Ferdi Bekir \u00a0 \u00d6ns\u00f6z: Se\u00e7im ittifak\u0131 i\u00e7inde as\u0131l itici g\u00fcc\u00fc olu\u015fturan Brezilya Umut Federasyonu \u00fc\u00e7 partiden olu\u015fuyor \u0130\u015f\u00e7i Partisi (Lula) Kom\u00fcnist Partisi ; Ye\u015fil Parti. Geni\u015f koalisyon i\u00e7inde Brezilya [&hellip;]<\/p>\n","protected":false},"author":1,"featured_media":0,"comment_status":"open","ping_status":"open","sticky":false,"template":"","format":"standard","meta":{"_monsterinsights_skip_tracking":false,"_monsterinsights_sitenote_active":false,"_monsterinsights_sitenote_note":"","_monsterinsights_sitenote_category":0,"footnotes":""},"categories":[51,5],"tags":[],"class_list":["post-6672","post","type-post","status-publish","format-standard","hentry","category-dunya-sosyalizmi-tr","category-dunya-sosyalizmi"],"blocksy_meta":[],"_links":{"self":[{"href":"https:\/\/marksizm.org.tr\/index.php?rest_route=\/wp\/v2\/posts\/6672","targetHints":{"allow":["GET"]}}],"collection":[{"href":"https:\/\/marksizm.org.tr\/index.php?rest_route=\/wp\/v2\/posts"}],"about":[{"href":"https:\/\/marksizm.org.tr\/index.php?rest_route=\/wp\/v2\/types\/post"}],"author":[{"embeddable":true,"href":"https:\/\/marksizm.org.tr\/index.php?rest_route=\/wp\/v2\/users\/1"}],"replies":[{"embeddable":true,"href":"https:\/\/marksizm.org.tr\/index.php?rest_route=%2Fwp%2Fv2%2Fcomments&post=6672"}],"version-history":[{"count":2,"href":"https:\/\/marksizm.org.tr\/index.php?rest_route=\/wp\/v2\/posts\/6672\/revisions"}],"predecessor-version":[{"id":6675,"href":"https:\/\/marksizm.org.tr\/index.php?rest_route=\/wp\/v2\/posts\/6672\/revisions\/6675"}],"wp:attachment":[{"href":"https:\/\/marksizm.org.tr\/index.php?rest_route=%2Fwp%2Fv2%2Fmedia&parent=6672"}],"wp:term":[{"taxonomy":"category","embeddable":true,"href":"https:\/\/marksizm.org.tr\/index.php?rest_route=%2Fwp%2Fv2%2Fcategories&post=6672"},{"taxonomy":"post_tag","embeddable":true,"href":"https:\/\/marksizm.org.tr\/index.php?rest_route=%2Fwp%2Fv2%2Ftags&post=6672"}],"curies":[{"name":"wp","href":"https:\/\/api.w.org\/{rel}","templated":true}]}}