{"id":6681,"date":"2026-07-26T03:04:07","date_gmt":"2026-07-26T03:04:07","guid":{"rendered":"https:\/\/marksizm.org.tr\/?p=6681"},"modified":"2026-07-26T03:04:08","modified_gmt":"2026-07-26T03:04:08","slug":"turkiye-ve-hindistanda-ckp-105-yasinda-etkinligi","status":"publish","type":"post","link":"https:\/\/marksizm.org.tr\/?p=6681","title":{"rendered":"T\u00fcrkiye ve Hindistan\u2019da \u201c\u00c7KP 105 Ya\u015f\u0131nda\u201d Etkinli\u011fi"},"content":{"rendered":"\n<h1 class=\"wp-block-heading\"><strong>T\u00fcrkiye ve Hindistan\u2019da \u201c\u00c7KP 105 Ya\u015f\u0131nda\u201d Etkinli\u011fi<\/strong><\/h1>\n\n\n\n<h4 class=\"wp-block-heading\"><strong>Mehmet Y\u00fccel<\/strong>, <strong>Temmuz 2026<\/strong><\/h4>\n\n\n\n<figure class=\"wp-block-image aligncenter size-large\"><img loading=\"lazy\" decoding=\"async\" width=\"1024\" height=\"633\" src=\"https:\/\/marksizm.org.tr\/wp-content\/uploads\/2026\/07\/750582758_10164273845928249_7208122103571313354_n-1024x633.jpg\" alt=\"\" class=\"wp-image-6683\" srcset=\"https:\/\/marksizm.org.tr\/wp-content\/uploads\/2026\/07\/750582758_10164273845928249_7208122103571313354_n-1024x633.jpg 1024w, https:\/\/marksizm.org.tr\/wp-content\/uploads\/2026\/07\/750582758_10164273845928249_7208122103571313354_n-300x185.jpg 300w, https:\/\/marksizm.org.tr\/wp-content\/uploads\/2026\/07\/750582758_10164273845928249_7208122103571313354_n-768x475.jpg 768w, https:\/\/marksizm.org.tr\/wp-content\/uploads\/2026\/07\/750582758_10164273845928249_7208122103571313354_n-1536x950.jpg 1536w, https:\/\/marksizm.org.tr\/wp-content\/uploads\/2026\/07\/750582758_10164273845928249_7208122103571313354_n.jpg 1650w\" sizes=\"auto, (max-width: 1024px) 100vw, 1024px\" \/><\/figure>\n\n\n\n<p style=\"font-size:clamp(16.834px, 1.052rem + ((1vw - 3.2px) * 0.716), 26px);\">\u00c7KP 105 ya\u015f\u0131nda&#8230; &nbsp;1921 y\u0131l\u0131nda yakla\u015f\u0131k 60 \u00fcye ile kurulmu\u015f, bug\u00fcn 101 milyon \u00fcyesi mevcut. Bu vesile ile \u00fclkede ve yurt d\u0131\u015f\u0131nda kutlamalar yap\u0131l\u0131yor. Neredeyse d\u00fcnyan\u0131n t\u00fcm ilerici ve sosyalist partileri ile ili\u015fkisi olan bir partiden s\u00f6z ediyorum.<\/p>\n\n\n\n<p style=\"font-size:clamp(16.834px, 1.052rem + ((1vw - 3.2px) * 0.716), 26px);\">Hindistan\u2019da \u00c7KP\u2019nin kurulu\u015funun 105. y\u0131l\u0131 kutlanm\u0131\u015f. Bulu\u015fmaya ilerici bir Blokun (AIFB) Genel Sekreteri ile mevcut 3 Kom\u00fcnist Partinin&nbsp;<strong>HKP, HKP(M), HKP(ML) \u00fc\u00e7\u00fc de liderler d\u00fczeyinde kat\u0131lm\u0131\u015flar. HKP(Marksist) partisinin 1 milyonu a\u015fk\u0131n \u00fcyesi var.&nbsp;<\/strong>Bu \u00fc\u00e7 parti se\u00e7imlerde&nbsp;<strong>SOL Cephe<\/strong>&nbsp;ad\u0131 alt\u0131nda i\u015fbirli\u011fi yap\u0131yorlar. Ge\u00e7en d\u00f6nem 35 milyonluk Kerala eyaletinde iktidar\u0131 alm\u0131\u015flard\u0131. Baz\u0131 eyaletlerde de iktidar\u0131 alacak kadar g\u00fc\u00e7l\u00fcler. Bu partilerin i\u015f\u00e7i s\u0131n\u0131f\u0131, emek\u00e7i k\u00f6yl\u00fcl\u00fck, gen\u00e7lik ve kad\u0131nlar aras\u0131nda ciddi g\u00fc\u00e7leri var.<\/p>\n\n\n\n<p style=\"font-size:clamp(16.834px, 1.052rem + ((1vw - 3.2px) * 0.716), 26px);\">\u00c7KP\u2019nin 105. y\u0131ld\u00f6n\u00fcm\u00fc \u00c7in Ankara B\u00fcy\u00fckel\u00e7ili\u011fi taraf\u0131ndan bir otelde kutland\u0131. Toplant\u0131ya T\u0130P temsilcisi ve \u00e7ok say\u0131da ilerici akademisyen ve yazar toplant\u0131ya kat\u0131ld\u0131. Vatan Partisi liderleri de toplant\u0131dayd\u0131.<\/p>\n\n\n\n<p style=\"font-size:clamp(16.834px, 1.052rem + ((1vw - 3.2px) * 0.716), 26px);\">Di\u011fer sosyalist partilerin kat\u0131lmamas\u0131 \u015fa\u015f\u0131rt\u0131c\u0131.<\/p>\n\n\n\n<p style=\"font-size:clamp(16.834px, 1.052rem + ((1vw - 3.2px) * 0.716), 26px);\">***<\/p>\n\n\n\n<p style=\"font-size:clamp(16.834px, 1.052rem + ((1vw - 3.2px) * 0.716), 26px);\"><strong>Hindistanl\u0131 kom\u00fcnistler de \u00c7in Kom\u00fcnist Partisi&#8217;nin 105. y\u0131ld\u00f6n\u00fcm\u00fcn\u00fc kutlad\u0131&#8230;<\/strong><\/p>\n\n\n\n<p style=\"font-size:clamp(16.834px, 1.052rem + ((1vw - 3.2px) * 0.716), 26px);\">9 Temmuz&#8217;da Hindistan\u2019da \u00c7in Kom\u00fcnist Partisi&#8217;nin kurulu\u015funun 105. y\u0131l d\u00f6n\u00fcm\u00fcn\u00fc kutlamak amac\u0131yla bir seminer d\u00fczenledi.<\/p>\n\n\n\n<p style=\"font-size:clamp(16.834px, 1.052rem + ((1vw - 3.2px) * 0.716), 26px);\">B\u00fcy\u00fckel\u00e7i Xu Feihong seminerin a\u00e7\u0131l\u0131\u015f konu\u015fmas\u0131n\u0131 yapt\u0131 ve seminere Hindistan&#8217;daki siyasi partilerden, d\u00fc\u015f\u00fcnce kurulu\u015flar\u0131ndan, medyadan, gen\u00e7likten ve di\u011fer kesimlerden yakla\u015f\u0131k 50 ki\u015fi kat\u0131ld\u0131.<\/p>\n\n\n\n<p style=\"font-size:clamp(16.834px, 1.052rem + ((1vw - 3.2px) * 0.716), 26px);\">Hindistan&#8217;daki bir\u00e7ok kom\u00fcnist partinin liderleri bu seminere kat\u0131ld\u0131; bunlar aras\u0131nda Hindistan Kom\u00fcnist Partisi (CPI), Hindistan Kom\u00fcnist Partisi (Marksist) (CPIM) ve T\u00fcm Hindistan \u0130leri Blok (AIFB) genel sekreterlerinin yan\u0131 s\u0131ra Hindistan Kom\u00fcnist Partisi (Marksist-Leninist) Kurtulu\u015f&#8217;un bir merkez komite \u00fcyesi de yer ald\u0131.<\/p>\n\n\n\n<p style=\"font-size:clamp(16.834px, 1.052rem + ((1vw - 3.2px) * 0.716), 26px);\">Hindistan Kom\u00fcnist Partisi (Marksist) sosyal medya hesaplar\u0131ndan yap\u0131lan a\u00e7\u0131klamaya g\u00f6re, Genel Sekreter M. A Baby, \u00c7in Kom\u00fcnist Partisi&#8217;ne, liderli\u011fine ve \u00c7in halk\u0131na en i\u00e7ten selamlar\u0131n\u0131 ve iyi dileklerini iletti. Y\u00fcz milyonlarca insan\u0131 yoksulluktan kurtarma, mutlak yoksullu\u011fu ortadan kald\u0131rma, bilim ve teknolojiyi geli\u015ftirme ve \u00c7in&#8217;in dikkat \u00e7ekici ekonomik ve sosyal d\u00f6n\u00fc\u015f\u00fcm\u00fcne \u00f6nc\u00fcl\u00fck etme konular\u0131ndaki tarihi ba\u015far\u0131lar\u0131ndan dolay\u0131 \u00c7KP&#8217;yi tebrik etti.<\/p>\n\n\n\n<p style=\"font-size:clamp(16.834px, 1.052rem + ((1vw - 3.2px) * 0.716), 26px);\">Ayr\u0131ca, Hindistan ve \u00c7in aras\u0131ndaki y\u00fczy\u0131llard\u0131r s\u00fcregelen medeniyet ba\u011flar\u0131na, emperyalizm kar\u015f\u0131t\u0131 dayan\u0131\u015fman\u0131n ortak miras\u0131na ve Bar\u0131\u015f \u0130\u00e7inde Birlikte Ya\u015faman\u0131n Be\u015f \u0130lkesinin devam eden \u00f6nemine de\u011findi ve BRICS ve \u015eanghay \u0130\u015fbirli\u011fi \u00d6rg\u00fct\u00fc gibi platformlar arac\u0131l\u0131\u011f\u0131yla i\u015fbirli\u011finin g\u00fc\u00e7lendirilmesinin hem iki \u00fclke hem de t\u00fcm kolektif K\u00fcresel G\u00fcney i\u00e7in faydal\u0131 olaca\u011f\u0131n\u0131 vurgulad\u0131.<\/p>\n\n\n\n<p style=\"font-size:clamp(16.834px, 1.052rem + ((1vw - 3.2px) * 0.716), 26px);\"><strong>Dilerim T\u00fcrkiye\u2019deki ilerici ve sosyalist partiler \u00c7in\u2019i ve \u00c7KP\u2019yi daha yak\u0131ndan izler. Sadece \u00c7in de\u011fil di\u011fer sosyalist \u00fclkeler Vietnam, Laos, K\u00fcba ve Kuzey Kore de izlenmeli.<\/strong>&nbsp;Bu arada Kuzey Kore derin de\u011fi\u015fimler ve reformlar i\u00e7inde\u2026<\/p>\n","protected":false},"excerpt":{"rendered":"<p>T\u00fcrkiye ve Hindistan\u2019da \u201c\u00c7KP 105 Ya\u015f\u0131nda\u201d Etkinli\u011fi Mehmet Y\u00fccel, Temmuz 2026 \u00c7KP 105 ya\u015f\u0131nda&#8230; &nbsp;1921 y\u0131l\u0131nda yakla\u015f\u0131k 60 \u00fcye ile kurulmu\u015f, bug\u00fcn 101 milyon \u00fcyesi mevcut. Bu vesile ile \u00fclkede ve yurt d\u0131\u015f\u0131nda kutlamalar yap\u0131l\u0131yor. Neredeyse d\u00fcnyan\u0131n t\u00fcm ilerici ve sosyalist partileri ile ili\u015fkisi olan bir partiden s\u00f6z ediyorum. Hindistan\u2019da \u00c7KP\u2019nin kurulu\u015funun 105. y\u0131l\u0131 kutlanm\u0131\u015f. [&hellip;]<\/p>\n","protected":false},"author":1,"featured_media":0,"comment_status":"open","ping_status":"open","sticky":false,"template":"","format":"standard","meta":{"_monsterinsights_skip_tracking":false,"_monsterinsights_sitenote_active":false,"_monsterinsights_sitenote_note":"","_monsterinsights_sitenote_category":0,"footnotes":""},"categories":[5,51],"tags":[],"class_list":["post-6681","post","type-post","status-publish","format-standard","hentry","category-dunya-sosyalizmi","category-dunya-sosyalizmi-tr"],"blocksy_meta":[],"_links":{"self":[{"href":"https:\/\/marksizm.org.tr\/index.php?rest_route=\/wp\/v2\/posts\/6681","targetHints":{"allow":["GET"]}}],"collection":[{"href":"https:\/\/marksizm.org.tr\/index.php?rest_route=\/wp\/v2\/posts"}],"about":[{"href":"https:\/\/marksizm.org.tr\/index.php?rest_route=\/wp\/v2\/types\/post"}],"author":[{"embeddable":true,"href":"https:\/\/marksizm.org.tr\/index.php?rest_route=\/wp\/v2\/users\/1"}],"replies":[{"embeddable":true,"href":"https:\/\/marksizm.org.tr\/index.php?rest_route=%2Fwp%2Fv2%2Fcomments&post=6681"}],"version-history":[{"count":1,"href":"https:\/\/marksizm.org.tr\/index.php?rest_route=\/wp\/v2\/posts\/6681\/revisions"}],"predecessor-version":[{"id":6684,"href":"https:\/\/marksizm.org.tr\/index.php?rest_route=\/wp\/v2\/posts\/6681\/revisions\/6684"}],"wp:attachment":[{"href":"https:\/\/marksizm.org.tr\/index.php?rest_route=%2Fwp%2Fv2%2Fmedia&parent=6681"}],"wp:term":[{"taxonomy":"category","embeddable":true,"href":"https:\/\/marksizm.org.tr\/index.php?rest_route=%2Fwp%2Fv2%2Fcategories&post=6681"},{"taxonomy":"post_tag","embeddable":true,"href":"https:\/\/marksizm.org.tr\/index.php?rest_route=%2Fwp%2Fv2%2Ftags&post=6681"}],"curies":[{"name":"wp","href":"https:\/\/api.w.org\/{rel}","templated":true}]}}