{"id":6699,"date":"2026-08-06T21:12:54","date_gmt":"2026-08-06T21:12:54","guid":{"rendered":"https:\/\/marksizm.org.tr\/?p=6699"},"modified":"2026-08-06T21:12:55","modified_gmt":"2026-08-06T21:12:55","slug":"alan-tvden-bartu-bolukbasinin-cesur-cikisi-cinde-turkiyeden-cok-daha-geliskin-bir-halk-demokrasisi-var","status":"publish","type":"post","link":"https:\/\/marksizm.org.tr\/?p=6699","title":{"rendered":"Alan TV\u2019den Bartu B\u00f6l\u00fckba\u015f\u0131\u2019n\u0131n Cesur \u00c7\u0131k\u0131\u015f\u0131: \u00c7in\u2019de T\u00fcrkiye&#8217;den \u00c7ok Daha Geli\u015fkin Bir Halk Demokrasisi Var"},"content":{"rendered":"\n<h1 class=\"wp-block-heading\"><strong>Alan TV\u2019den Bartu B\u00f6l\u00fckba\u015f\u0131\u2019n\u0131n Cesur \u00c7\u0131k\u0131\u015f\u0131: \u00c7in\u2019de T\u00fcrkiye&#8217;den \u00c7ok Daha Geli\u015fkin Bir Halk Demokrasisi Var<\/strong><\/h1>\n\n\n\n<h3 class=\"wp-block-heading\"><strong>\u00c7in 20 Y\u0131ld\u0131r Yoksullu\u011fu S\u00fcrekli Azalt\u0131yor<\/strong><\/h3>\n\n\n\n<p><\/p>\n\n\n\n<h5 class=\"wp-block-heading\"><strong>Video\u2019dan Derleyen Ayaz Zirve<\/strong>, <strong>A\u011fystos 2026<\/strong><\/h5>\n\n\n\n<figure class=\"wp-block-image aligncenter size-full\"><img loading=\"lazy\" decoding=\"async\" width=\"1024\" height=\"663\" src=\"https:\/\/marksizm.org.tr\/wp-content\/uploads\/2026\/08\/bartu.png\" alt=\"\" class=\"wp-image-6700\" srcset=\"https:\/\/marksizm.org.tr\/wp-content\/uploads\/2026\/08\/bartu.png 1024w, https:\/\/marksizm.org.tr\/wp-content\/uploads\/2026\/08\/bartu-300x194.png 300w, https:\/\/marksizm.org.tr\/wp-content\/uploads\/2026\/08\/bartu-768x497.png 768w\" sizes=\"auto, (max-width: 1024px) 100vw, 1024px\" \/><\/figure>\n\n\n\n<p style=\"font-size:clamp(16.834px, 1.052rem + ((1vw - 3.2px) * 0.716), 26px);\"><strong>Alan TV yorumcusu \u00fcnl\u00fc Bartu B\u00f6l\u00fckba\u015f\u0131 Video yay\u0131n\u0131nda: Beni \u00c7in\u2019e g\u00f6nderin\u00a0 \u00c7in\u2019deki halk demokrasisi siyasi sistemi Bat\u0131daki ve T\u00fcrkiye\u2019deki neoliberal sistemden kat kat \u00fcst\u00fcn\u2026\u00a0 Sinan Dervi\u015fo\u011flu\u2019nun<\/strong><em><strong>\u00a0Sovyet Deneyi ve Yar\u0131n\u0131n Sosyalizmi<\/strong><\/em><strong>\u00a0serisinin 2.\u00a0Cildi Bug\u00fcn\u00fcn ve Yar\u0131n\u0131n Sosyalizmi\u00a0adl\u0131 kitab\u0131n&#8212;\u00c7in Vietnam ve K\u00fcba hakk\u0131nda&#8212;-\u00a0 yazd\u0131\u011f\u0131 2. Cildini mutlaka okuyun.. Bkz. <\/strong><a href=\"https:\/\/www.youtube.com\/live\/4EVhq1WTy5U?si=VkcxtSoYTxn-uEAr\">https:\/\/www.youtube.com\/live\/4EVhq1WTy5U?si=VkcxtSoYTxn-uEAr<\/a><\/p>\n\n\n\n<p style=\"font-size:clamp(16.834px, 1.052rem + ((1vw - 3.2px) * 0.716), 26px);\">Alan TV\u2019den Bartu B\u00f6l\u00fckba\u015f\u0131 d\u00fcnyadaki ve T\u00fcrkiye\u2019deki \u00fcnl\u00fc sosyal medya fenomenlerinin s\u0131k s\u0131k \u00c7in\u2019e gittiklerini ve yay\u0131nlad\u0131klar\u0131 videolarda \u00c7in\u2019deki de\u011fi\u015fim ve ba\u015far\u0131lara hayran kald\u0131klar\u0131n\u0131 anlatt\u0131klar\u0131n\u0131 s\u00f6yl\u00fcyor&#8230;<\/p>\n\n\n\n<p style=\"font-size:clamp(16.834px, 1.052rem + ((1vw - 3.2px) * 0.716), 26px);\"><strong>Bartu B\u00f6l\u00fckba\u015f\u0131:<\/strong>&nbsp;Arkada\u015flar 2010&#8217;lardadaym\u0131\u015f\u0131z gibi \u015f\u00f6yle garip \u015feyler yazmay\u0131n Biliyorum \u00e7ok fazla Nev\u015fin Meng\u00fc videolar\u0131 izliyorsunuz. \u00c7in hakk\u0131nda Radikal Gazetesi 2. versiyonunu veya Oksijen Gazetesi tarz\u0131 \u015feyler okuyorsunuz ama bir dakika, bir yerde biri \u00c7in ile ilgili bir \u015fey yazm\u0131\u015f yukar\u0131da, hatta ona cevaplar da yazm\u0131\u015f arkada\u015flar.<\/p>\n\n\n\n<p style=\"font-size:clamp(16.834px, 1.052rem + ((1vw - 3.2px) * 0.716), 26px);\">Arkada\u015f k\u0131saca \u015f\u00f6yle yazm\u0131\u015f: &#8220;\u00c7in mi? \u00c7in ne yahu? Ben \u00c7in&#8217;de ya\u015famak istemem. Ne kadar korkun\u00e7 bir yer\u2026..&#8221;<\/p>\n\n\n\n<p style=\"font-size:clamp(16.834px, 1.052rem + ((1vw - 3.2px) * 0.716), 26px);\">Arkada\u015flar siz ciddi misiniz?&nbsp;<a href=\"https:\/\/www.youtube.com\/@IShowSpeed\" rel=\"noreferrer noopener\" target=\"_blank\">\u2060iShowSpeed<\/a>, Mart ve Nisan 2025&#8217;te \u00c7in&#8217;e giderek Pekin, \u015eanghay, Shenzhen ve \u00c7in Seddi gibi yerleri canl\u0131 yay\u0131nlarla gezdi. Y\u00fcksek enerjisi, ve halkla ilgin\u00e7 etkile\u015fimleri ve \u00c7in\u2019deki teknoloji g\u00f6zlemleri sosyal medyada \u00e7ok konu\u015fuldu.&nbsp;Speed gitti \u00c7in&#8217;e. Bir bak bakal\u0131m \u00c7in nas\u0131lm\u0131\u015f?<\/p>\n\n\n\n<p style=\"font-size:clamp(16.834px, 1.052rem + ((1vw - 3.2px) * 0.716), 26px);\">Hasan Piker \u00c7in&#8217;e gitti. Bir bak\u0131n bakal\u0131m nas\u0131lm\u0131\u015f? T\u00fcrkiye&#8217;den giden tonla Youtuber var. Bug\u00fcn \u00c7in&#8217;in her taraf\u0131nda ya\u015fayan T\u00fcrkler var. \u00c7evrelerini ve etraflar\u0131n\u0131 video \u00e7ekseler a\u011fz\u0131n\u0131z y\u00fcz\u00fcn\u00fcz kayar. \u015eu an \u00c7in&#8217;in nas\u0131l ya\u015fad\u0131\u011f\u0131n\u0131 g\u00f6rseniz, \u00c7in&#8217;deki gen\u00e7li\u011fin nas\u0131l ya\u015fad\u0131\u011f\u0131n\u0131 g\u00f6rseniz a\u011fz\u0131n\u0131z y\u00fcz\u00fcn\u00fcz kayar.<\/p>\n\n\n\n<p style=\"font-size:clamp(16.834px, 1.052rem + ((1vw - 3.2px) * 0.716), 26px);\">\u00c7in\u2019de hi\u00e7 b\u00f6yle bir otoriter ve bask\u0131c\u0131 bir durum yok. Yani \u00c7in kademeli ad\u0131m ad\u0131m bi\u00e7imde yakla\u015f\u0131k 20 y\u0131ld\u0131r yoksullu\u011fu s\u00fcrekli, s\u00fcrekli azalt\u0131yor. 700-800 milyon insan\u0131 kademeli bir bi\u00e7imde yoksulluktan kurtaran bir rejimden bahsediyoruz. B\u00f6yle bir devlet sisteminden bahsediyorsunuz. \u00c7in&#8217;in yerel belediye d\u00fczeyindeki demokrasi pratikleri hakk\u0131nda hi\u00e7bir \u015fey bilmiyorsunuz. Bunu a\u00e7\u0131k\u00e7a s\u00f6yleyeyim size: T\u00fcrkiye&#8217;den 100 kat daha demokratik \u00c7in&#8217;deki yerel belediyelerin i\u015fleme bi\u00e7imi. T\u00fcrkiye NATO \u00fcyesi arkada\u015flar, demokrasi bu, bu kadar. \u00c7in&#8217;in alakas\u0131 yok, NATO \u00fcyesi falan de\u011fil, T\u00fcrkiye&#8217;den \u00e7ok daha geli\u015fkin bir halk demokrasisi var \u00c7in&#8217;in i\u00e7erisinde. Ve&nbsp;<strong>Canut Yay\u0131nevi&#8217;nden<\/strong>&nbsp;\u00e7\u0131km\u0131\u015ft\u0131 ya o kitap\u2026.Evet Sinan Dervi\u015fo\u011flu.&nbsp;<em><strong>Sovyet Deneyi ve Yar\u0131n\u0131n Sosyalizmi<\/strong><\/em>&nbsp;serisinin 2.&nbsp;<strong>Cildi Bug\u00fcn\u00fcn ve Yar\u0131n\u0131n Sosyalizmi<\/strong>&nbsp;adl\u0131 kitab\u0131.&nbsp;\u0130kinci cildiydi \u00c7in&#8217;le ilgili olan.<\/p>\n\n\n\n<p style=\"font-size:clamp(16.834px, 1.052rem + ((1vw - 3.2px) * 0.716), 26px);\">\u200b<strong>Konuk Konu\u015fmac\u0131<\/strong>:&nbsp;Evet do\u011fru ben kitab\u0131n 2. Bask\u0131s\u0131n\u0131, edit\u00f6r olarak yeniden yay\u0131na haz\u0131rl\u0131yorum<\/p>\n\n\n\n<p style=\"font-size:clamp(16.834px, 1.052rem + ((1vw - 3.2px) * 0.716), 26px);\">\u200b&nbsp;<strong>Bartu B\u00f6l\u00fckba\u015f\u0131:<\/strong>&nbsp;Arkada\u015flar kitab\u0131n ikinci cildinde, \u00c7in&#8217;in siyasi sistemi ile ilgili belli bir inceleme var. L\u00fctfen sadece ikinci cildi al\u0131n, hi\u00e7 olmazsa kitab\u0131n \u00c7in k\u0131sm\u0131n\u0131 bir okuyun. \u00c7\u00fcnk\u00fc bilmedi\u011finiz bir d\u00fcnya hakk\u0131nda bilmeden konu\u015fuyorsunuz. Ve belli ki siz \u00c7in&#8217;i hi\u00e7 g\u00f6rmemi\u015fsiniz. Yani \u00c7in&#8217;deki \u00fcniversitede mesela, \u00fcniversitelerde \u00f6\u011frenciler nas\u0131l? Mesela onlar\u0131n spor ve yemek imkanlar\u0131 nas\u0131l? Kentlerdeki hizmet sekt\u00f6r\u00fc nas\u0131l? \u0130nsanlar, kad\u0131n, erkek nas\u0131l giyiniyor, ne yap\u0131yor vesaire. Yani bir kere sizden \u00e7ok daha fazla g\u0131da t\u00fcketiyorlar, onu s\u00f6yleyeyim size. Spor imkanlar\u0131, kentlerdeki mesela ye\u015fil alan imkan\u0131 falan T\u00fcrkiye&#8217;yi fersah fersah a\u015far \u015fu an net ve kesin bunlar, bunu s\u00f6yleyebilirim size.<\/p>\n\n\n\n<p style=\"font-size:clamp(16.834px, 1.052rem + ((1vw - 3.2px) * 0.716), 26px);\">Youtube&#8217;da g\u00f6rd\u00fc\u011f\u00fcm \u015feyleri \u00f6zetlemek zorunda kal\u0131yorum. Baz\u0131 arkada\u015flar kendileri yaz\u0131p yazd\u0131klar\u0131na bakmam\u0131\u015flar bile. \u015eu an benim arkada\u015f\u0131m Mert Sagit yakla\u015f\u0131k bir ayd\u0131r \u00c7in&#8217;de. Orada do\u011frudan gazetecilik faaliyeti i\u00e7in bulunuyor. Yak\u0131n zamanda Tibet&#8217;e gittiler, yak\u0131nda gelecek \u00e7ok g\u00fczel bir video yay\u0131nlayacak. Mert Sagit&#8217;in Youtube kanal\u0131 da var.<\/p>\n\n\n\n<p style=\"font-size:clamp(16.834px, 1.052rem + ((1vw - 3.2px) * 0.716), 26px);\"><strong>Mert Sagit&#8217;in Youtube kanal\u0131<\/strong><\/p>\n\n\n\n<p style=\"font-size:clamp(16.834px, 1.052rem + ((1vw - 3.2px) * 0.716), 26px);\">Kendiniz onun kanal\u0131na da bakabilirsiniz. Gezdi\u011fi bir s\u00fcr\u00fc \u00fclkeyi, Vietnam&#8217;\u0131, di\u011fer b\u00f6lgeleri falan da g\u00f6steriyor. Hatta bir bak\u0131n, mutlaka bak\u0131n. Adam\u0131n att\u0131\u011f\u0131 hikayelere inanamazs\u0131n. Yani \u00c7in\u2019de halk\u0131n nas\u0131l imkanlara sahip oldu\u011funa inanamazs\u0131n. Bildi\u011fin \u015fey gibi, ABD Kaliforniya gibi g\u00f6r\u00fcn\u00fcyor. Yani Kaliforniya&#8217;n\u0131n 80-90&#8217;lardan iyice b\u00f6yle patlad\u0131\u011f\u0131 bir d\u00f6nem vard\u0131r ya, herkesin orada ya\u015famak istedi\u011fi falan, b\u00fct\u00fcn ABD&#8217;deki bu heyecan verici g\u00fczel renklerin falan Miami ve Kaliforniya \u00fcst\u00fcnden sembolize edildi\u011fi, burada baya\u011f\u0131 bir t\u00fcr Kaliforniyala\u015fma durumu var yani \u00c7in&#8217;in kendi i\u00e7erisinde.<\/p>\n\n\n\n<p style=\"font-size:clamp(16.834px, 1.052rem + ((1vw - 3.2px) * 0.716), 26px);\">Bunlar yokmu\u015f gibi mi davranaca\u011f\u0131z? \u00c7a\u011fatay ge\u00e7en ulusal m\u00fczisyenimiz? Klasik m\u00fczik ustam\u0131z Faz\u0131l Say. Faz\u0131l Say da \u00c7in&#8217;e gitti dedi. Faz\u0131l Say g\u00f6rd\u00fcklerine inanamam\u0131\u015f.<\/p>\n\n\n\n<p style=\"font-size:clamp(16.834px, 1.052rem + ((1vw - 3.2px) * 0.716), 26px);\"><strong>Art\u0131k \u00c7in Hakk\u0131nda Do\u011frudan Konu\u015fmam\u0131z Gerekiyor<\/strong><\/p>\n\n\n\n<p style=\"font-size:clamp(16.834px, 1.052rem + ((1vw - 3.2px) * 0.716), 26px);\">Her \u015feyi, her \u015feyi \u015fu an durdurun, do\u011frudan \u00c7in&#8217;i konu\u015fmam\u0131z gerekiyor. Burada bir \u015feyler oluyor falan filan demi\u015f. Ya sadece bilgisayar oyunu alan\u0131nda bile, game development mevzusunda bir andan \u00c7in\u2019in nereden nereye geldi\u011fine baksan\u0131z bile \u00c7in&#8217;de bamba\u015fka bir \u015feylerin s\u00fcrmekte oldu\u011funu anlayabilirsiniz. \u00a0Bu ezber bilgilerle konu\u015fmaya devam etmeyin. Bir de bana \u015fey diyorlar, &#8220;Sen \u00c7in&#8217;de mi ya\u015fayacaks\u0131n&#8230;&#8221;<\/p>\n\n\n\n<p style=\"font-size:clamp(16.834px, 1.052rem + ((1vw - 3.2px) * 0.716), 26px);\">Yolla, gideyim ya\u015fayaca\u011f\u0131m\u2026\u00c7in&#8217;de. \u00c7ok net s\u00f6yl\u00fcyorum, yolla. Yolla beni Kuzey Kore&#8217;de de ya\u015fayay\u0131m bak ciddiyim. Yolla ya\u015fayaca\u011f\u0131m\u2026., neler diyece\u011fim bak oradan yay\u0131n yapt\u0131\u011f\u0131mda. Yeter ki sen beni yolla oraya. \u015ea\u015fk\u0131n m\u0131s\u0131n\u0131z karde\u015fim siz? Siz ger\u00e7ekten T\u00fcrkiye&#8217;de b\u00f6yle siyasal \u0130slamc\u0131, neoliberal bir rejim alt\u0131nda ya\u015famaktan \u00e7ok mu memnunsunuz?<\/p>\n\n\n\n<p style=\"font-size:clamp(16.834px, 1.052rem + ((1vw - 3.2px) * 0.716), 26px);\">Bunun demokratik oldu\u011funu mu d\u00fc\u015f\u00fcn\u00fcyorsunuz hakikaten? Bu ya\u015fad\u0131klar\u0131n\u0131z\u0131n normal oldu\u011funu mu d\u00fc\u015f\u00fcn\u00fcyorsunuz da sen gidiyorsun \u00c7in&#8217;e &#8220;sen demokratik de\u011filsin&#8221; de bilmem ne muhabbetleri yap\u0131yorsun ya. Ya bu \u00e7ok abuk bir tav\u0131r\u2026, anlad\u0131n m\u0131 buradaki mevzuyu? Ya sen \u00c7in&#8217;de&#8230; \u2026size tek bir \u015fey soraca\u011f\u0131m. Ya sen \u00c7in&#8217;de dinle ilgili bir espri yapt\u0131 diye tutuklanan kimi g\u00f6rd\u00fcn abi? Ben b\u00f6yle bir \u015fey g\u00f6rmedim.<\/p>\n","protected":false},"excerpt":{"rendered":"<p>Alan TV\u2019den Bartu B\u00f6l\u00fckba\u015f\u0131\u2019n\u0131n Cesur \u00c7\u0131k\u0131\u015f\u0131: \u00c7in\u2019de T\u00fcrkiye&#8217;den \u00c7ok Daha Geli\u015fkin Bir Halk Demokrasisi Var \u00c7in 20 Y\u0131ld\u0131r Yoksullu\u011fu S\u00fcrekli Azalt\u0131yor Video\u2019dan Derleyen Ayaz Zirve, A\u011fystos 2026 Alan TV yorumcusu \u00fcnl\u00fc Bartu B\u00f6l\u00fckba\u015f\u0131 Video yay\u0131n\u0131nda: Beni \u00c7in\u2019e g\u00f6nderin\u00a0 \u00c7in\u2019deki halk demokrasisi siyasi sistemi Bat\u0131daki ve T\u00fcrkiye\u2019deki neoliberal sistemden kat kat \u00fcst\u00fcn\u2026\u00a0 Sinan Dervi\u015fo\u011flu\u2019nun\u00a0Sovyet Deneyi ve [&hellip;]<\/p>\n","protected":false},"author":1,"featured_media":0,"comment_status":"open","ping_status":"open","sticky":false,"template":"","format":"standard","meta":{"_monsterinsights_skip_tracking":false,"_monsterinsights_sitenote_active":false,"_monsterinsights_sitenote_note":"","_monsterinsights_sitenote_category":0,"footnotes":""},"categories":[51,5,6,53,4],"tags":[],"class_list":["post-6699","post","type-post","status-publish","format-standard","hentry","category-dunya-sosyalizmi-tr","category-dunya-sosyalizmi","category-sosyalist-ulkeler","category-turkiye-sosyalizmi-tr","category-turkiye-sosyalizmi"],"blocksy_meta":[],"_links":{"self":[{"href":"https:\/\/marksizm.org.tr\/index.php?rest_route=\/wp\/v2\/posts\/6699","targetHints":{"allow":["GET"]}}],"collection":[{"href":"https:\/\/marksizm.org.tr\/index.php?rest_route=\/wp\/v2\/posts"}],"about":[{"href":"https:\/\/marksizm.org.tr\/index.php?rest_route=\/wp\/v2\/types\/post"}],"author":[{"embeddable":true,"href":"https:\/\/marksizm.org.tr\/index.php?rest_route=\/wp\/v2\/users\/1"}],"replies":[{"embeddable":true,"href":"https:\/\/marksizm.org.tr\/index.php?rest_route=%2Fwp%2Fv2%2Fcomments&post=6699"}],"version-history":[{"count":1,"href":"https:\/\/marksizm.org.tr\/index.php?rest_route=\/wp\/v2\/posts\/6699\/revisions"}],"predecessor-version":[{"id":6701,"href":"https:\/\/marksizm.org.tr\/index.php?rest_route=\/wp\/v2\/posts\/6699\/revisions\/6701"}],"wp:attachment":[{"href":"https:\/\/marksizm.org.tr\/index.php?rest_route=%2Fwp%2Fv2%2Fmedia&parent=6699"}],"wp:term":[{"taxonomy":"category","embeddable":true,"href":"https:\/\/marksizm.org.tr\/index.php?rest_route=%2Fwp%2Fv2%2Fcategories&post=6699"},{"taxonomy":"post_tag","embeddable":true,"href":"https:\/\/marksizm.org.tr\/index.php?rest_route=%2Fwp%2Fv2%2Ftags&post=6699"}],"curies":[{"name":"wp","href":"https:\/\/api.w.org\/{rel}","templated":true}]}}