{"id":6711,"date":"2026-08-14T18:01:45","date_gmt":"2026-08-14T18:01:45","guid":{"rendered":"https:\/\/marksizm.org.tr\/?p=6711"},"modified":"2026-08-14T18:05:55","modified_gmt":"2026-08-14T18:05:55","slug":"6711","status":"publish","type":"post","link":"https:\/\/marksizm.org.tr\/?p=6711","title":{"rendered":"Perin\u00e7ek Hakikatin \u00dcst\u00fcn\u00fc Neden \u00d6rt\u00fcyor: \u00c7in ve Rusya H\u00fck\u00fcmetleri Son Bildiride Avrasyac\u0131 \u0130deolojiyi Mi Benimsedi?"},"content":{"rendered":"\n<h1 class=\"wp-block-heading\" id=\"perincek-hakikatin-ustunu-neden-ortuyor-cin-ve-rusya-hukumetleri-son-bildiride-avrasyaci-ideolojiyi-mi-benimsedi\">Perin\u00e7ek Hakikatin \u00dcst\u00fcn\u00fc Neden \u00d6rt\u00fcyor: \u00c7in ve Rusya H\u00fck\u00fcmetleri Son Bildiride Avrasyac\u0131 \u0130deolojiyi Mi Benimsedi? <\/h1>\n\n\n\n<p><strong>Semra \u00d6zkan<\/strong><\/p>\n\n\n\n<p style=\"font-size:clamp(16.834px, 1.052rem + ((1vw - 3.2px) * 0.716), 26px);\">Avrasyac\u0131 ideoloji<\/p>\n\n\n\n<p style=\"font-size:clamp(16.834px, 1.052rem + ((1vw - 3.2px) * 0.716), 26px);\">Rus elitlerinin bir b\u00f6l\u00fcm\u00fc i\u00e7inde var olan, \u00f6z\u00fc Rus emperyalist b\u00fcy\u00fck devlet \u015fovenizmini \u00a0yeniden \u00fcretmek i\u00e7in \u00fcretilmi\u015f gerici bir ideoloji. Bu elitlerin A. Dugin \u00f6nderli\u011finde \u00e7e\u015fitli etkileme faaliyetleri yapt\u0131\u011f\u0131 biliniyor. Bu ideolojinin temel niteliklerinden biri hakimiyet sava\u015f\u0131 i\u00e7in \u00e7at\u0131\u015fma ve sava\u015flar\u0131 me\u015fru g\u00f6rmesi ve d\u00fcnyada blokla\u015fmay\u0131 ve cephele\u015fmeyi te\u015fvik etmesi. D\u00fcnyay\u0131 Atlantik kamp\u0131 ve Avrasya kamp\u0131 olarak iki uzla\u015fmaz kamp olarak g\u00f6rmesi. Rusya, \u00c7in ve \u015eangay \u0130\u015fbirli\u011fi \u00d6rg\u00fct\u00fc, bu t\u00fcr bir cephele\u015fme tutumuna temelden kar\u015f\u0131 \u00e7\u0131k\u0131yor.\u00a0 Bu ideolojinin bug\u00fcnk\u00fc d\u00fcnya ger\u00e7ekli\u011fi i\u00e7inde hi\u00e7 bir olumlu bir rol oynamad\u0131\u011f\u0131 gibi, Avrasyac\u0131l\u0131\u011f\u0131n bu \u00e7izgisinin Bat\u0131&#8217;daki a\u015f\u0131r\u0131 sa\u011f pop\u00fclist e\u011filime hizmet eden gerici bir rol oynad\u0131\u011f\u0131 a\u00e7\u0131k.<\/p>\n\n\n\n<p style=\"font-size:clamp(16.834px, 1.052rem + ((1vw - 3.2px) * 0.716), 26px);\">Avrasyac\u0131l\u0131\u011f\u0131n Rusya\u2019daki Siyasi Temsilcisi: Vatan Partisi (Rodina Partisi)<\/p>\n\n\n\n<p style=\"font-size:clamp(16.834px, 1.052rem + ((1vw - 3.2px) * 0.716), 26px);\">Bu parti Rusya\u2019da a\u015f\u0131r\u0131 muhafazakar Rus milliyet\u00e7isi bir parti olarak biliniyor. Partinin gen\u00e7lik \u00f6rg\u00fct\u00fc&nbsp;Vatan Kaplanlar\u0131, parti son 2016 se\u00e7imlerde y\u00fczde 1.5 oy ald\u0131, Cumhurba\u015fkanl\u0131\u011f\u0131 se\u00e7imlerinde Putin\u2019i destekledi. Rodina Partisi lideri Aleksey Juravlyov Do\u011fu Perin\u00e7ek\u2019i \u00f6ven a\u00e7\u0131klamalar yap\u0131yor: &nbsp;\u201cT\u00fcrkiye\u2019deki ayn\u0131 ismi payla\u015fan ve dostumuz olan Vatan partisi ile bir dizi siyasi tezde yak\u0131n\u0131z. T\u00fcrk dostlar\u0131m\u0131z Avrasya \u00e7izgisine s\u0131k\u0131 s\u0131k\u0131ya ba\u011fl\u0131&#8221; ifadelerini kulland\u0131.<\/p>\n\n\n\n<p style=\"font-size:clamp(16.834px, 1.052rem + ((1vw - 3.2px) * 0.716), 26px);\">Sn. Perin\u00e7ek son \u00c7\u0131k\u0131\u015f Yolu program\u0131nda bu son \u00c7in ve Rusya bildirisyle birlikte \u00c7in&#8217;in de Avrasyac\u0131 \u00e7izgiyi benimsedi\u011fini s\u00f6yledi ve Ayd\u0131nl\u0131k Gazetesi de bu do\u011frultuda yay\u0131nlar yapt\u0131.<\/p>\n\n\n\n<p style=\"font-size:clamp(16.834px, 1.052rem + ((1vw - 3.2px) * 0.716), 26px);\"><strong>Hakikati Olgular\u0131 Aramak ve Bildiri Neleri Savundu<\/strong><\/p>\n\n\n\n<p style=\"font-size:clamp(16.834px, 1.052rem + ((1vw - 3.2px) * 0.716), 26px);\">&nbsp;A\u015fa\u011f\u0131da bildirinin bu konuyla ilgili b\u00f6l\u00fcmlerini g\u00f6receksiziniz. &nbsp;Buradaki ifadelerde &nbsp;Perin\u00e7ek&#8217;in tezinin dayanaks\u0131z oldu\u011fu a\u00e7\u0131k\u00e7a g\u00f6r\u00fcn\u00fcyor. Avrasya bu bildiride sadece bir \u00f6rg\u00fct\u00fcn ad\u0131 ve co\u011frafi bir b\u00f6lge olarak ge\u00e7iyor.&nbsp;<\/p>\n\n\n\n<p style=\"font-size:clamp(16.834px, 1.052rem + ((1vw - 3.2px) * 0.716), 26px);\"><strong>Bildiriden ilgili b\u00f6l\u00fcmler:<\/strong><\/p>\n\n\n\n<p style=\"font-size:clamp(16.834px, 1.052rem + ((1vw - 3.2px) * 0.716), 26px);\"><strong>B\u00f6l\u00fcm II. \u00c7a\u011f\u0131m\u0131z\u0131n Merkezindeki Temalar: &nbsp;bar\u0131\u015f, kalk\u0131nma ve i\u015fbirli\u011fi<\/strong><\/p>\n\n\n\n<p style=\"font-size:clamp(16.834px, 1.052rem + ((1vw - 3.2px) * 0.716), 26px);\">\u00c7in ve Rusya, bug\u00fcnk\u00fc uluslararas\u0131 sistemin merkezinde bar\u0131\u015f, kalk\u0131nma ve i\u015fbirli\u011finin yatt\u0131\u011f\u0131na inan\u0131yor. Kalk\u0131nma, \u00fclkelerin refah\u0131n\u0131 sa\u011flamada \u00f6nemli bir itici g\u00fc\u00e7t\u00fcr. S\u00fcren yeni koronavir\u00fcs enfeksiyonu pandemisi, Birle\u015fmi\u015f Milletler 2030 S\u00fcrd\u00fcr\u00fclebilir Kalk\u0131nma Program\u0131n\u0131n yerine getirilmesi i\u00e7in ciddi bir zorluk te\u015fkil ediyor\u2026<\/p>\n\n\n\n<p style=\"font-size:clamp(16.834px, 1.052rem + ((1vw - 3.2px) * 0.716), 26px);\">\u00c7in ve Rusya, Avrasya Ekonomik Birli\u011fi \u00d6rg\u00fct\u00fc (EAEU) ile \u00c7in aras\u0131nda \u00e7e\u015fitli alanlarda pratik i\u015fbirli\u011fini yo\u011funla\u015ft\u0131rmak ve &nbsp;Asya Pasifik ve Avrasya b\u00f6lgeleri aras\u0131nda daha fazla kar\u015f\u0131l\u0131kl\u0131 ba\u011flant\u0131l\u0131l\u0131\u011f\u0131 te\u015fvik etmek amac\u0131yla (\u00c7N. Rusya \u00f6nderli\u011findeki) &nbsp;Avrasya Ekonomik Birli\u011fi ve &nbsp;(\u00c7N. \u00c7in \u00f6nderli\u011finde) Ku\u015fak ve Yol Giri\u015fimi\u2019nin kalk\u0131nma planlar\u0131n\u0131 birbirine ba\u011flamaya y\u00f6nelik \u00e7al\u0131\u015fmalar\u0131n\u0131 ilerletiyorlar.<\/p>\n\n\n\n<p style=\"font-size:clamp(16.834px, 1.052rem + ((1vw - 3.2px) * 0.716), 26px);\">\u00c7in ve Rusya, b\u00f6lgesel birliklerin geli\u015fiminin yan\u0131 s\u0131ra Avrasya k\u0131tas\u0131ndaki halklar\u0131n yarar\u0131na ikili ve \u00e7ok tarafl\u0131 entegrasyon s\u00fcre\u00e7lerini te\u015fvik etmek i\u00e7in Ku\u015fak ve Yol Projesinin in\u015fas\u0131na &nbsp;paralel ve ve bununla koordineli olarak B\u00fcy\u00fck Avrasya Ortakl\u0131\u011f\u0131n\u0131 tesis etmeye odakland\u0131klar\u0131n\u0131 yeniden teyit ediyorlar\u2026&nbsp;<strong>G\u00f6r\u00fcld\u00fc\u011f\u00fc gibi Avrasya s\u00f6zc\u00fc\u011f\u00fc bildirinin sadece bu b\u00f6l\u00fcm\u00fcnde ge\u00e7iyor, ve iki h\u00fck\u00fcmetin Avrasya co\u011frafi b\u00f6lgesini daha geni\u015f bir ekonomik i\u015fbirli\u011fi alan\u0131 olarak d\u00fc\u015f\u00fcnd\u00fcklerini ifade etmek i\u00e7in B\u00fcy\u00fck Avrasya s\u00f6zc\u00fc\u011f\u00fcn\u00fc kullan\u0131yorlar.<\/strong><\/p>\n\n\n\n<p style=\"font-size:clamp(16.834px, 1.052rem + ((1vw - 3.2px) * 0.716), 26px);\"><strong>B\u00f6l\u00fcm III. D\u00fcnya G\u00fcvenlik Sorunlar\u0131na Yakla\u015f\u0131m, S\u0131rt S\u0131rta Veren \u00c7in Rusya \u0130\u015fbirli\u011fi<\/strong><\/p>\n\n\n\n<p style=\"font-size:clamp(16.834px, 1.052rem + ((1vw - 3.2px) * 0.716), 26px);\">\u00c7in ve Rusya, belirli Devletlerin, askeri ve siyasi ittifaklar\u0131n ve koalisyonlar\u0131n, haks\u0131z rekabet uygulamalar\u0131na ba\u015fvurarak jeopolitik rekabeti keskinle\u015ftirmek, uzla\u015fmaz kar\u015f\u0131tl\u0131klar\u0131 ve \u00e7at\u0131\u015fmay\u0131 k\u00f6r\u00fcklemek ve uluslararas\u0131 g\u00fcvenlik d\u00fczenini bozmak ve k\u00fcresel stratejik istikrar\u0131 ciddi \u015fekilde baltalamak dahil olmak \u00fczere, ba\u015fkalar\u0131n\u0131n g\u00fcvenli\u011fine zarar verecek \u015fekilde, do\u011frudan veya dolayl\u0131 olarak tek tarafl\u0131 askeri avantajlar elde etmeye \u00e7al\u0131\u015ft\u0131klar\u0131na inanmaktad\u0131r.<\/p>\n\n\n\n<p style=\"font-size:clamp(16.834px, 1.052rem + ((1vw - 3.2px) * 0.716), 26px);\">\u00c7in ve Rusya, NATO&#8217;nun daha da geni\u015flemesine kar\u015f\u0131 \u00e7\u0131k\u0131yor ve NATO Kuzey Atlantik \u0130ttifak\u0131n\u0131 ideolojik so\u011fuk sava\u015f yakla\u015f\u0131mlar\u0131ndan vazge\u00e7meye, di\u011fer \u00fclkelerin egemenli\u011fine, g\u00fcvenli\u011fine ve \u00e7\u0131karlar\u0131na, uygarl\u0131klar\u0131n\u0131n, k\u00fclt\u00fcrel ve tarihi ge\u00e7mi\u015flerinin \u00e7e\u015fitlili\u011fine sayg\u0131 duymaya ve di\u011fer \u00fclkelerin bar\u0131\u015f\u00e7\u0131l geli\u015fimine y\u00f6nelik objektif nesnel ve adil tutum almaya \u00e7a\u011f\u0131r\u0131yor. Taraflar, Asya-Pasifik b\u00f6lgesinde di\u011fer \u00fclkelere kapal\u0131 olan blokla\u015fma yap\u0131lar\u0131n\u0131n ve kar\u015f\u0131t kamplar\u0131n olu\u015fmas\u0131na kar\u015f\u0131 \u00e7\u0131k\u0131yor ve ABD&#8217;nin Hint-Pasifik stratejisinin b\u00f6lgedeki bar\u0131\u015f ve istikrar \u00fczerindeki olumsuz etkisi konusunda son derece dikkatli duruyorlar. Rusya ve \u00c7in, Asya-Pasifik B\u00f6lgesi&#8217;nde bar\u0131\u015f\u0131, istikrar\u0131 ve refah\u0131 te\u015fvik eden ve \u00fc\u00e7\u00fcnc\u00fc \u00fclkeleri hedef (\u00c7N. d\u00fc\u015fman) olarak g\u00f6remeyen adil, a\u00e7\u0131k ve kapsay\u0131c\u0131 bir g\u00fcvenlik sistemi in\u015fa etmek i\u00e7in tutarl\u0131 \u00e7aba sarf ediyorlar\u2026<\/p>\n\n\n\n<p style=\"font-size:clamp(16.834px, 1.052rem + ((1vw - 3.2px) * 0.716), 26px);\"><strong>B\u00f6l\u00fcm IV. \u00c7in ve Rusya&#8217;n\u0131n Birlikte \u00dcstlenece\u011fi Roller<\/strong><\/p>\n\n\n\n<p style=\"font-size:clamp(16.834px, 1.052rem + ((1vw - 3.2px) * 0.716), 26px);\">Rus taraf\u0131, uluslararas\u0131 toplumun daha fazla dayan\u0131\u015fmas\u0131n\u0131 sa\u011flamak ve ortak zorluklara yan\u0131t verme \u00e7abalar\u0131n\u0131 peki\u015ftirmek i\u00e7in \u00c7in taraf\u0131ndan \u00f6nerilen bir \u201cinsanl\u0131\u011f\u0131n i\u00e7in ortak kader toplulu\u011fu\u201d in\u015fa etme kavram\u0131n\u0131n \u00f6nemine dikkat \u00e7ekiyor. \u00c7in taraf\u0131 da, Rus taraf\u0131n\u0131n adil bir \u00e7ok kutuplu uluslararas\u0131 ili\u015fkiler sistemi kurmak i\u00e7in g\u00f6sterdi\u011fi \u00e7abalar\u0131n \u00f6nemine dikkat \u00e7ekiyor\u2026<\/p>\n\n\n\n<p style=\"font-size:clamp(16.834px, 1.052rem + ((1vw - 3.2px) * 0.716), 26px);\">Taraflar, Rusya ve \u00c7in aras\u0131ndaki yeni devletleraras\u0131 ili\u015fki modelinin So\u011fuk Sava\u015f d\u00f6neminde g\u00f6rd\u00fc\u011f\u00fcm\u00fcz siyasi ve askeri ittifaklardan daha \u00fcst\u00fcn oldu\u011funu bir kez daha teyit ediyorlar.<\/p>\n\n\n\n<p style=\"font-size:clamp(16.834px, 1.052rem + ((1vw - 3.2px) * 0.716), 26px);\">\u0130ki Devlet aras\u0131ndaki dostlu\u011fun s\u0131n\u0131r\u0131 yoktur, i\u015fbirli\u011finde \u201cyasak\u201d alanlar yoktur; ikili stratejik i\u015fbirli\u011finin g\u00fc\u00e7lendirilmesi, ne \u00fc\u00e7\u00fcnc\u00fc \u00fclkeleri hedef alan bir i\u015fbirli\u011fidir ne de de\u011fi\u015fen uluslararas\u0131 \u00e7er\u00e7eveden ve d\u0131\u015f\u0131m\u0131zdaki \u00fc\u00e7\u00fcnc\u00fc \u00fclkelerdeki durum de\u011fi\u015fikliklerinden etkilenir\u2026 <strong>(Semra \u00d6zkan burada iki \u00fclke aras\u0131ndaki k\u00f6kl\u00fc ili\u015fkilerin aras\u0131na karakedi girmesine izin vermeyece\u011fiz diyor.)<\/strong><\/p>\n\n\n\n<p style=\"font-size:clamp(16.834px, 1.052rem + ((1vw - 3.2px) * 0.716), 26px);\">&nbsp;Rusya ve \u00c7in, \u015eangay \u0130\u015fbirli\u011fi \u00d6rg\u00fct\u00fc&#8217;n\u00fc (SCO) kapsaml\u0131 bir \u015fekilde g\u00fc\u00e7lendirmeyi ve \u00d6rg\u00fct\u2019\u00fcn evrensel olarak kabul edilen uluslararas\u0131 hukuk, \u00e7ok tarafl\u0131l\u0131k, e\u015fit, ortak, b\u00f6l\u00fcnmez, kapsaml\u0131 ve s\u00fcrd\u00fcr\u00fclebilir g\u00fcvenlik ilkelerine dayanan \u00e7ok merkezli bir d\u00fcnya d\u00fczenini \u015fekillendirmedeki rol\u00fcn\u00fc daha da geli\u015ftirmeyi ama\u00e7l\u0131yorlar.<\/p>\n\n\n\n<p><strong>Belgenin tamam\u0131n\u0131 buradan okuyabilirsiniz.<\/strong><\/p>\n\n\n\n<p><a href=\"https:\/\/sosyalistbirlik.com\/xi-jinping-ve-putinden-tarihi-ortak-bildiri-sirt-sirta-veren-isbirligi\">https:\/\/sosyalistbirlik.com\/xi-jinping-ve-putinden-tarihi-ortak-bildiri-sirt-sirta-veren-isbirligi<\/a><\/p>\n","protected":false},"excerpt":{"rendered":"<p>Perin\u00e7ek Hakikatin \u00dcst\u00fcn\u00fc Neden \u00d6rt\u00fcyor: \u00c7in ve Rusya H\u00fck\u00fcmetleri Son Bildiride Avrasyac\u0131 \u0130deolojiyi Mi Benimsedi? Semra \u00d6zkan Avrasyac\u0131 ideoloji Rus elitlerinin bir b\u00f6l\u00fcm\u00fc i\u00e7inde var olan, \u00f6z\u00fc Rus emperyalist b\u00fcy\u00fck devlet \u015fovenizmini \u00a0yeniden \u00fcretmek i\u00e7in \u00fcretilmi\u015f gerici bir ideoloji. Bu elitlerin A. Dugin \u00f6nderli\u011finde \u00e7e\u015fitli etkileme faaliyetleri yapt\u0131\u011f\u0131 biliniyor. Bu ideolojinin temel niteliklerinden biri hakimiyet [&hellip;]<\/p>\n","protected":false},"author":1,"featured_media":0,"comment_status":"open","ping_status":"open","sticky":false,"template":"","format":"standard","meta":{"_monsterinsights_skip_tracking":false,"_monsterinsights_sitenote_active":false,"_monsterinsights_sitenote_note":"","_monsterinsights_sitenote_category":0,"footnotes":""},"categories":[45],"tags":[],"class_list":["post-6711","post","type-post","status-publish","format-standard","hentry","category-genel-tr"],"blocksy_meta":[],"_links":{"self":[{"href":"https:\/\/marksizm.org.tr\/index.php?rest_route=\/wp\/v2\/posts\/6711","targetHints":{"allow":["GET"]}}],"collection":[{"href":"https:\/\/marksizm.org.tr\/index.php?rest_route=\/wp\/v2\/posts"}],"about":[{"href":"https:\/\/marksizm.org.tr\/index.php?rest_route=\/wp\/v2\/types\/post"}],"author":[{"embeddable":true,"href":"https:\/\/marksizm.org.tr\/index.php?rest_route=\/wp\/v2\/users\/1"}],"replies":[{"embeddable":true,"href":"https:\/\/marksizm.org.tr\/index.php?rest_route=%2Fwp%2Fv2%2Fcomments&post=6711"}],"version-history":[{"count":2,"href":"https:\/\/marksizm.org.tr\/index.php?rest_route=\/wp\/v2\/posts\/6711\/revisions"}],"predecessor-version":[{"id":6713,"href":"https:\/\/marksizm.org.tr\/index.php?rest_route=\/wp\/v2\/posts\/6711\/revisions\/6713"}],"wp:attachment":[{"href":"https:\/\/marksizm.org.tr\/index.php?rest_route=%2Fwp%2Fv2%2Fmedia&parent=6711"}],"wp:term":[{"taxonomy":"category","embeddable":true,"href":"https:\/\/marksizm.org.tr\/index.php?rest_route=%2Fwp%2Fv2%2Fcategories&post=6711"},{"taxonomy":"post_tag","embeddable":true,"href":"https:\/\/marksizm.org.tr\/index.php?rest_route=%2Fwp%2Fv2%2Ftags&post=6711"}],"curies":[{"name":"wp","href":"https:\/\/api.w.org\/{rel}","templated":true}]}}