{"id":6726,"date":"2026-09-03T23:47:56","date_gmt":"2026-09-03T23:47:56","guid":{"rendered":"https:\/\/marksizm.org.tr\/?p=6726"},"modified":"2026-09-03T23:47:57","modified_gmt":"2026-09-03T23:47:57","slug":"tayvan-adasinda-etnik-bolunmeler-tayvan-ic-siyasetini-nasil-etkiliyor","status":"publish","type":"post","link":"https:\/\/marksizm.org.tr\/?p=6726","title":{"rendered":"Tayvan Adas\u0131\u2019nda Etnik B\u00f6l\u00fcnmeler Tayvan \u0130\u00e7 Siyasetini Nas\u0131l Etkiliyor"},"content":{"rendered":"\n<h1 class=\"wp-block-heading\"><strong>Tayvan Adas\u0131\u2019nda Etnik B\u00f6l\u00fcnmeler Tayvan \u0130\u00e7 Siyasetini Nas\u0131l Etkiliyor<\/strong><\/h1>\n\n\n\n<h4 class=\"wp-block-heading\"><strong>Derleyen: Ferdi Bekir<\/strong>, <strong>Eyl\u00fcl 2026<\/strong><\/h4>\n\n\n\n<figure class=\"wp-block-image aligncenter size-full\"><img loading=\"lazy\" decoding=\"async\" width=\"572\" height=\"526\" src=\"https:\/\/marksizm.org.tr\/wp-content\/uploads\/2026\/09\/image.png\" alt=\"\" class=\"wp-image-6727\" srcset=\"https:\/\/marksizm.org.tr\/wp-content\/uploads\/2026\/09\/image.png 572w, https:\/\/marksizm.org.tr\/wp-content\/uploads\/2026\/09\/image-300x276.png 300w\" sizes=\"auto, (max-width: 572px) 100vw, 572px\" \/><figcaption class=\"wp-element-caption\">\u00c7an Kay \u015eek ve DPP lideri Lai Ching-te<\/figcaption><\/figure>\n\n\n\n<p style=\"font-size:clamp(16.834px, 1.052rem + ((1vw - 3.2px) * 0.716), 26px);\">&#8220;Etnik b\u00f6l\u00fcnmeler&#8221; Tayvan&#8217;daki parti siyasetini etkileyen \u00f6nemli ve uzun s\u00fcreli bir fakt\u00f6rd\u00fcr. Bu etki basit bir ikili kar\u015f\u0131tl\u0131k de\u011fil, tarih, kimlik ve siyasi seferberli\u011fi i\u00e7eren karma\u015f\u0131k bir olgudur. Bug\u00fcn iktidarda olan parti, ABD ve Japon h\u00fck\u00fcmetleri bu etnik farkl\u0131l\u0131klar\u0131 politikle\u015ftirmeye \u00e7al\u0131\u015fmaktad\u0131r.<\/p>\n\n\n\n<p style=\"font-size:clamp(16.834px, 1.052rem + ((1vw - 3.2px) * 0.716), 26px);\">Etnik B\u00f6l\u00fcnme ve Tarihsel K\u00f6kenler <\/p>\n\n\n\n<p style=\"font-size:clamp(16.834px, 1.052rem + ((1vw - 3.2px) * 0.716), 26px);\">Tayvan toplumundaki etnik b\u00f6l\u00fcnme, \u00f6ncelikle &#8220;yerli Tayvanl\u0131lar&#8221; ve &#8220;anakaral\u0131lar&#8221; aras\u0131ndaki ayr\u0131m\u0131 ifade eder ve bu da siyasi b\u00f6l\u00fcnmelerin temel sosyal temelini olu\u015fturur.<\/p>\n\n\n\n<p style=\"font-size:clamp(16.834px, 1.052rem + ((1vw - 3.2px) * 0.716), 26px);\">&#8220;Anakaral\u0131lar&#8221;: Esasen 1949 civar\u0131nda Kuomintang rejimiyle Tayvan&#8217;a g\u00f6\u00e7 eden askeri personel ve sivilleri ve onlar\u0131n torunlar\u0131n\u0131 ifade eder.<\/p>\n\n\n\n<p style=\"font-size:clamp(16.834px, 1.052rem + ((1vw - 3.2px) * 0.716), 26px);\">&#8220;Yerli Tayvanl\u0131lar&#8221;: Bundan \u00f6nce Tayvan&#8217;a yerle\u015fmi\u015f olan sakinleri ifade eder; Hokkien halk\u0131 (%73 civar\u0131) ve Hakka halk\u0131 (%12 civar\u0131 bunlar KMT ye yak\u0131nd\u0131r) ana gruplar\u0131 olu\u015fturur.<\/p>\n\n\n\n<p style=\"font-size:clamp(16.834px, 1.052rem + ((1vw - 3.2px) * 0.716), 26px);\">Geriye kalan k\u0131s\u0131m ise \u015f\u00f6yledir:&nbsp;u grup, ba\u015fta&nbsp;<strong>1949 y\u0131l\u0131 civar\u0131nda Kuomintang (KMT) rejimiyle birlikte<\/strong>&nbsp;olmak \u00fczere, 1945&#8217;ten sonra Tayvan&#8217;a g\u00f6\u00e7 edenleri ve onlar\u0131n \u00e7ocuklar\u0131n\u0131 ifade eder. K\u00f6kenleri \u00c7in&#8217;in farkl\u0131 b\u00f6lgelerine dayan\u0131r ve ana ak\u0131m siyasette&nbsp;<strong>muhafazakar ve birle\u015fme yanl\u0131s\u0131<\/strong>&nbsp;olarak g\u00f6r\u00fclme e\u011filimindedirler. N\u00fcfus oranlar\u0131 kayna\u011fa g\u00f6re de\u011fi\u015fmekle birlikte genellikle&nbsp;<strong>%10 ile %14<\/strong>&nbsp;aras\u0131nda tahmin edilmektedir.<\/p>\n\n\n\n<p style=\"font-size:clamp(16.834px, 1.052rem + ((1vw - 3.2px) * 0.716), 26px);\"><strong>&nbsp;(Yuanzhumin &#8211; Yerli Halklar)<\/strong><\/p>\n\n\n\n<p style=\"font-size:clamp(16.834px, 1.052rem + ((1vw - 3.2px) * 0.716), 26px);\">Tayvan&#8217;\u0131n&nbsp;<strong>Avustronezya dil ailesine mensup<\/strong>&nbsp;yerli halklar\u0131d\u0131r. Resmi olarak tan\u0131nan&nbsp;<strong>16 farkl\u0131 kabileden<\/strong>&nbsp;olu\u015furlar. N\u00fcfuslar\u0131 toplam\u0131n yakla\u015f\u0131k&nbsp;<strong>%2,5 ile %2,7&#8217;si<\/strong>&nbsp;aras\u0131ndad\u0131r. En kalabal\u0131k gruplar\u0131&nbsp;<strong>Amis<\/strong>&nbsp;,&nbsp;<strong>Paiwan<\/strong>&nbsp;ve&nbsp;<strong>Atayal<\/strong>&nbsp;kabileleridir<\/p>\n\n\n\n<p style=\"font-size:clamp(16.834px, 1.052rem + ((1vw - 3.2px) * 0.716), 26px);\">Bu ayr\u0131m\u0131n k\u00f6kenleri 28 \u015eubat 1947 Olay\u0131&#8217;na kadar uzanmaktad\u0131r. Bu olay ve ard\u0131ndan gelen &#8220;Kar\u015f\u0131 Devrimci Beyaz Ter\u00f6r&#8221; d\u00f6nemi, &#8220;yerli Tayvanl\u0131lar&#8221; ve &#8220;anakaral\u0131lar&#8221; aras\u0131nda derin bir tarihsel travma ve g\u00fcvensizlik b\u0131rakt\u0131. Sonraki on y\u0131llarda, anakara elitleri \u00fcst d\u00fczey siyasi ve ekonomik kaynaklar\u0131n da\u011f\u0131t\u0131m\u0131nda avantaj elde ederek, ta\u015fral\u0131l\u0131\u011f\u0131 daha da \u015fiddetlendirdi.<\/p>\n\n\n\n<p style=\"font-size:clamp(16.834px, 1.052rem + ((1vw - 3.2px) * 0.716), 26px);\">Etnik Gruplar\u0131n Parti Siyasetini Etkilemesi<\/p>\n\n\n\n<p style=\"font-size:clamp(16.834px, 1.052rem + ((1vw - 3.2px) * 0.716), 26px);\">Etnik kimlik, Tayvan&#8217;daki parti siyasetine derinden yerle\u015fmi\u015ftir ve a\u015fa\u011f\u0131daki yollarla etkiler:<\/p>\n\n\n\n<p style=\"font-size:clamp(16.834px, 1.052rem + ((1vw - 3.2px) * 0.716), 26px);\">Farkl\u0131 etnik gruplar, parti e\u011filimlerinde \u00f6nemli farkl\u0131l\u0131klar g\u00f6stermektedir. Genel olarak:<\/p>\n\n\n\n<p style=\"font-size:clamp(16.834px, 1.052rem + ((1vw - 3.2px) * 0.716), 26px);\">Ye\u015fil kamp (Demokratik \u0130lerici Parti taraf\u0131ndan temsil edilir): Ana destek taban\u0131 Tayvanl\u0131 se\u00e7menlerden (\u00f6zellikle Hokkien etnik grubundan) gelmektedir.<\/p>\n\n\n\n<p style=\"font-size:clamp(16.834px, 1.052rem + ((1vw - 3.2px) * 0.716), 26px);\">Mavi kamp (Kuomintang Partisi taraf\u0131ndan temsil edilir): Ana destek taban\u0131 daha \u00e7ok anakaral\u0131lardan ve bir b\u00f6l\u00fcm Hakka halk\u0131ndan ve sonradan adaya gelen n\u00fcfustan gelmektedir.<\/p>\n\n\n\n<p style=\"font-size:clamp(16.834px, 1.052rem + ((1vw - 3.2px) * 0.716), 26px);\">&#8220;Birle\u015fme vs. Ba\u011f\u0131ms\u0131zl\u0131k&#8221; Sorununa Derinden Ba\u011fl\u0131: Etnik kimlik, &#8220;birle\u015fme&#8221; ve &#8220;ba\u011f\u0131ms\u0131zl\u0131k&#8221; konusundaki tutumlarla yak\u0131ndan ili\u015fkilidir. Ara\u015ft\u0131rmalar, daha g\u00fc\u00e7l\u00fc bir &#8220;\u00c7in&#8221; kimli\u011fine sahip olanlar\u0131n birle\u015fmeyi desteklemeye daha yatk\u0131n oldu\u011funu; daha g\u00fc\u00e7l\u00fc bir &#8220;Tayvan&#8221; kimli\u011fine sahip olanlar\u0131n ise &#8220;ba\u011f\u0131ms\u0131zl\u0131\u011f\u0131&#8221; desteklemeye daha yatk\u0131n oldu\u011funu g\u00f6stermektedir. Bu durum, Demokratik \u0130lerici Parti&#8217;nin (DPP) genellikle &#8220;Tayvan halk\u0131n\u0131n&#8221; \u00e7\u0131karlar\u0131n\u0131 temsil eden bir &#8220;yerel parti&#8221; olarak g\u00f6r\u00fclmesine de yol a\u00e7maktad\u0131r.<\/p>\n\n\n\n<p style=\"font-size:clamp(16.834px, 1.052rem + ((1vw - 3.2px) * 0.716), 26px);\">Siyasi Seferberli\u011fin Temel Arac\u0131 Olarak Etnik Kimlik: Siyasi partiler, karma\u015f\u0131k sosyo-ekonomik sorunlar\u0131 &#8220;yerli vs. yabanc\u0131&#8221; ve &#8220;Tayvan&#8217;\u0131 seven vs. sevmeyen&#8221; ikili anlat\u0131lara indirgeyerek, tabanlar\u0131n\u0131 sa\u011flamla\u015ft\u0131rmak ve siyasi kutupla\u015fmay\u0131 \u015fiddetlendirmek i\u00e7in s\u0131kl\u0131kla etnik sorunlar\u0131 kullanmaktad\u0131r. \u00d6rne\u011fin, Demokratik \u0130lerici Parti (DPP) ba\u015flang\u0131\u00e7ta Hokkien etnik grubunun oylar\u0131n\u0131 kontrol ederek kazanmaya \u00e7al\u0131\u015farak bir &#8220;etnik b\u00f6l\u00fcnme&#8221; stratejisi izlemi\u015ftir.<\/p>\n\n\n\n<p style=\"font-size:clamp(16.834px, 1.052rem + ((1vw - 3.2px) * 0.716), 26px);\">B\u00fcy\u00fcyen Kimlik Politikalar\u0131: Etnik k\u00f6ken, bir t\u00fcr &#8220;kimlik politikas\u0131&#8221; haline geldi. Se\u00e7menlerin &#8220;ben kimim&#8221; alg\u0131s\u0131, oy verme davran\u0131\u015flar\u0131n\u0131 do\u011frudan etkiliyor ve siyasi partileri buna uygun siyasi anlat\u0131lar olu\u015fturmaya y\u00f6nlendiriyor.<\/p>\n\n\n\n<p style=\"font-size:clamp(16.834px, 1.052rem + ((1vw - 3.2px) * 0.716), 26px);\">Dinamik Olarak De\u011fi\u015fen Bir Manzara S\u00f6z Konusu<\/p>\n\n\n\n<p style=\"font-size:clamp(16.834px, 1.052rem + ((1vw - 3.2px) * 0.716), 26px);\">Etnik kimli\u011fe g\u00f6re oy verme e\u011filimleri genel e\u011filimleri temsil eder fakat bu t\u00fcm bireylerin bu etnik kimli\u011fe g\u00f6re oy verdi\u011fi anlam\u0131na gelmiyor. Gen\u00e7 nesil (\u00f6zellikle &#8220;karars\u0131z se\u00e7menler&#8221;) b\u00fcy\u00fcd\u00fck\u00e7e, siyasi tutumlar\u0131 ekonomi ve sosyal e\u015fitlik gibi konulardan daha fazla etkilenmekte ve etnik kimli\u011fin do\u011frudan etkisi zay\u0131flayabilmektedir.<\/p>\n\n\n\n<p style=\"font-size:clamp(16.834px, 1.052rem + ((1vw - 3.2px) * 0.716), 26px);\">Son y\u0131llarda iktidardaki Demokratik \u0130lerici Parti (DPP) de anakara halk\u0131n\u0131n deste\u011fini kazanman\u0131n \u00f6nemini kabul etti, ancak bu partinin g\u00fc\u00e7l\u00fc ba\u011f\u0131ms\u0131zl\u0131k yanl\u0131s\u0131 duru\u015fu bu \u00e7aban\u0131n etkinli\u011fini s\u0131n\u0131rl\u0131yor.<\/p>\n\n\n\n<p style=\"font-size:clamp(16.834px, 1.052rem + ((1vw - 3.2px) * 0.716), 26px);\">Sonu\u00e7 olarak, tarihsel olarak olu\u015fmu\u015f &#8220;Yerli\/Anakaral\u0131&#8221; etnik ayr\u0131m\u0131, Tayvan&#8217;daki i\u00e7 siyasi rekabeti anlamada kilit ve karma\u015f\u0131k bir etkendir. Bu ayr\u0131m sadece b\u00fcy\u00fck siyasi partilerin taban\u0131n\u0131 \u015fekillendirmekle kalmaz, ayn\u0131 zamanda &#8220;birle\u015fme mi ba\u011f\u0131ms\u0131zl\u0131k m\u0131&#8221; sorunuyla derinden i\u00e7 i\u00e7e ge\u00e7mi\u015f olmas\u0131 nedeniyle siyasi seferberlik ve toplumsal b\u00f6l\u00fcnmeyi \u015fiddetlendirmede \u00f6nemli bir ara\u00e7 haline gelmi\u015ftir. Etkisi nesiller aras\u0131 de\u011fi\u015fimlerle evrim ge\u00e7irebilse de, uzun y\u0131llar Japon S\u00f6m\u00fcrgesi olan adada bu toplumsal b\u00f6l\u00fcnmenin k\u00f6kleri olduk\u00e7a derinlere k\u00f6k salm\u0131\u015ft\u0131r.<\/p>\n\n\n\n<p style=\"font-size:clamp(16.834px, 1.052rem + ((1vw - 3.2px) * 0.716), 26px);\"><strong>28 \u015eubat 1947 Olay\u0131 Nedir?<\/strong><\/p>\n\n\n\n<p style=\"font-size:clamp(16.834px, 1.052rem + ((1vw - 3.2px) * 0.716), 26px);\">28 \u015eubat 1947 Olay\u0131 Tayvan&#8217;\u0131n yak\u0131n tarihindeki en \u00f6nemli ve en travmatik olaylardan biridir. K\u0131saca, Japon y\u00f6netiminin sona ermesinin ard\u0131ndan adada y\u00f6netimi devralan \u00c7in Milliyet\u00e7i Partisi (Kuomintang, KMT) h\u00fck\u00fcmetine kar\u015f\u0131 ba\u015flayan bir halk ayaklanmas\u0131n\u0131n, \u015fiddetli bir \u015fekilde bast\u0131r\u0131lmas\u0131d\u0131r. Bu olay, g\u00fcn\u00fcm\u00fcz Tayvan siyasetini ve toplumsal dinamiklerini derinden etkilemeye devam etmektedir.<\/p>\n\n\n\n<p style=\"font-size:clamp(16.834px, 1.052rem + ((1vw - 3.2px) * 0.716), 26px);\"><strong>Olay\u0131n Arka Plan\u0131<\/strong><\/p>\n\n\n\n<p style=\"font-size:clamp(16.834px, 1.052rem + ((1vw - 3.2px) * 0.716), 26px);\">1945&#8217;te II. D\u00fcnya Sava\u015f\u0131&#8217;n\u0131n sona ermesinin ard\u0131ndan, 50 y\u0131ll\u0131k Japon s\u00f6m\u00fcrge y\u00f6netimi sona erdi ve Tayvan, \u00c7in Cumhuriyeti&#8217;nin (KMT y\u00f6netimindeki) egemenli\u011fine ge\u00e7ti. Ancak bu ge\u00e7i\u015f s\u00fcreci olduk\u00e7a sanc\u0131l\u0131 oldu:<\/p>\n\n\n\n<p style=\"font-size:clamp(16.834px, 1.052rem + ((1vw - 3.2px) * 0.716), 26px);\"><strong>Y\u00f6netim hatalar\u0131&nbsp;<\/strong>: KMT y\u00f6netimi, adada yolsuzluk, enflasyon ve temel mal k\u0131tl\u0131\u011f\u0131 gibi ciddi sorunlara yol a\u00e7t\u0131.<\/p>\n\n\n\n<p style=\"font-size:clamp(16.834px, 1.052rem + ((1vw - 3.2px) * 0.716), 26px);\"><strong>K\u00fclt\u00fcrel ve Sosyal Uyumsuzluk<\/strong>: 50 y\u0131ll\u0131k bir ayr\u0131l\u0131\u011f\u0131n ard\u0131ndan gelen KMT yetkilileri ile yerel Tayvanl\u0131 halk aras\u0131nda \u00f6nemli dil, k\u00fclt\u00fcr ve anlay\u0131\u015f farklar\u0131 bulunuyordu. Yerel halk, yeni y\u00f6netimi adeta &#8220;yabanc\u0131&#8221; bir g\u00fc\u00e7 olarak alg\u0131lad\u0131.<\/p>\n\n\n\n<p style=\"font-size:clamp(16.834px, 1.052rem + ((1vw - 3.2px) * 0.716), 26px);\"><strong>Olay\u0131n Do\u011frudan Tetikleyicisi ve Geli\u015fimi<\/strong><\/p>\n\n\n\n<p style=\"font-size:clamp(16.834px, 1.052rem + ((1vw - 3.2px) * 0.716), 26px);\">Olay\u0131n do\u011frudan fitili,&nbsp;<strong>27 \u015eubat 1947<\/strong>&nbsp;ak\u015fam\u0131, Tekel B\u00fcrosu (Monopoly Bureau) g\u00f6revlilerinin Taipei kentinde ka\u00e7ak sigara satan bir kad\u0131n sat\u0131c\u0131ya m\u00fcdahale etmesiyle ate\u015flendi. \u00c7\u0131kan arbede s\u0131ras\u0131nda bir vatanda\u015f\u0131n vurularak \u00f6lmesi, halk\u0131n b\u00fcy\u00fck tepkisine yol a\u00e7t\u0131.<\/p>\n\n\n\n<p style=\"font-size:clamp(16.834px, 1.052rem + ((1vw - 3.2px) * 0.716), 26px);\"><strong>28 \u015eubat 1947&#8217;de<\/strong>&nbsp;ise \u00f6fkesi doruk noktas\u0131na ula\u015fan Taipei halk\u0131, kitlesel protestolar ve y\u00fcr\u00fcy\u00fc\u015fler d\u00fczenledi. G\u00f6stericiler, Valilik binas\u0131na y\u00fcr\u00fcd\u00fc ve burada askerlerin ate\u015f a\u00e7mas\u0131 sonucu kanl\u0131 bir \u00e7at\u0131\u015fma ya\u015fand\u0131. Bu olay, k\u0131sa s\u00fcrede adan\u0131n d\u00f6rt bir yan\u0131na yay\u0131lan&nbsp;<strong>ada \u00e7ap\u0131nda bir direni\u015f hareketine<\/strong>&nbsp;d\u00f6n\u00fc\u015ft\u00fc. Protestocular, demokratikle\u015fme talepleri de dahil olmak \u00fczere 32 maddelik bir talepler listesi sundu.<\/p>\n\n\n\n<p style=\"font-size:clamp(16.834px, 1.052rem + ((1vw - 3.2px) * 0.716), 26px);\"><strong>Kanl\u0131&nbsp;Bast\u0131rma ve Kay\u0131plar<\/strong><\/p>\n\n\n\n<p style=\"font-size:clamp(16.834px, 1.052rem + ((1vw - 3.2px) * 0.716), 26px);\">Ayaklanma kar\u015f\u0131s\u0131nda KMT h\u00fck\u00fcmeti sert bir tutum sergiledi. D\u00f6nemin Tayvan Valisi&nbsp;<strong>Chen Yi<\/strong>, Nanjing&#8217;deki merkezi h\u00fck\u00fcmetten askeri yard\u0131m istedi. Bunun \u00fczerine anakaradan g\u00f6nderilen birlikler,&nbsp;<strong>b\u00fcy\u00fck \u00e7apl\u0131 bir bast\u0131rma harek\u00e2t\u0131<\/strong>&nbsp;ba\u015flatt\u0131.<\/p>\n\n\n\n<p style=\"font-size:clamp(16.834px, 1.052rem + ((1vw - 3.2px) * 0.716), 26px);\">Bu bast\u0131rma s\u0131ras\u0131nda \u00f6\u011frenciler, avukatlar, doktorlar gibi toplumun \u00f6nde gelen isimlerinden olu\u015fan b\u00fct\u00fcn bir nesil&nbsp;<strong>toplama ve infaz<\/strong>&nbsp;edildi. Olayda hayat\u0131n\u0131 kaybedenlerin kesin say\u0131s\u0131 bilinmemekle birlikte, akademik \u00e7evrelerdeki tahminler&nbsp;<strong>10.000 ila 30.000<\/strong>&nbsp;aras\u0131nda de\u011fi\u015fmektedir. Bu olay, takip eden y\u0131llarda KMT&#8217;nin adada s\u0131k\u0131y\u00f6netim ilan etmesine ve &#8220;Beyaz Ter\u00f6r&#8221; olarak bilinen uzun bir bask\u0131 d\u00f6neminin ba\u015flamas\u0131na zemin haz\u0131rlad\u0131.<\/p>\n\n\n\n<p style=\"font-size:clamp(16.834px, 1.052rem + ((1vw - 3.2px) * 0.716), 26px);\"><strong>\u00a0Siyasi Miras\u0131 ve G\u00fcn\u00fcm\u00fczdeki \u00d6nemi<\/strong><\/p>\n\n\n\n<p style=\"font-size:clamp(16.834px, 1.052rem + ((1vw - 3.2px) * 0.716), 26px);\">28 \u015eubat Olay\u0131, sadece tarihsel bir olay olmaktan \u00e7ok \u00f6te, g\u00fcn\u00fcm\u00fcz Tayvan siyasetinde&nbsp;<strong>son derece canl\u0131 ve tart\u0131\u015fmal\u0131 bir siyasi ara\u00e7<\/strong>&nbsp;haline gelmi\u015ftir:<\/p>\n\n\n\n<ul class=\"wp-block-list\">\n<li style=\"font-size:clamp(16.834px, 1.052rem + ((1vw - 3.2px) * 0.716), 26px);\"><strong>&#8220;Bar\u0131\u015f Anma G\u00fcn\u00fc&#8221;<\/strong>: Tayvan&#8217;da her y\u0131l 28 \u015eubat, olay\u0131 anmak i\u00e7in\u00a0<strong>ulusal bir tatil<\/strong>\u00a0olan &#8220;Bar\u0131\u015f Anma G\u00fcn\u00fc&#8221; olarak kutlan\u0131r.<\/li>\n\n\n\n<li style=\"font-size:clamp(16.834px, 1.052rem + ((1vw - 3.2px) * 0.716), 26px);\"><strong>Kimlik ve Siyaset<\/strong>: Olay, &#8220;yerli Tayvanl\u0131lar&#8221; ile &#8220;d\u0131\u015far\u0131dan gelen KMT y\u00f6netimi&#8221; aras\u0131ndaki ayr\u0131m\u0131 keskinle\u015ftirerek\u00a0<strong>etnik ve siyasi b\u00f6l\u00fcnmelerin<\/strong>\u00a0temel ta\u015flar\u0131ndan biri haline gelmi\u015ftir.<\/li>\n\n\n\n<li style=\"font-size:clamp(16.834px, 1.052rem + ((1vw - 3.2px) * 0.716), 26px);\"><strong>Siyasi Tart\u0131\u015fmalar<\/strong>: Olay\u0131n yorumlanmas\u0131, ba\u015fl\u0131 ba\u015f\u0131na bir siyasi m\u00fccadele alan\u0131d\u0131r\u00a0<strong>Ana Ak\u0131m G\u00f6r\u00fc\u015f<\/strong>: \u00c7in anakaras\u0131 ve KMT&#8217;nin bir k\u0131sm\u0131, olay\u0131\u00a0<strong>&#8220;otoriter y\u00f6netime kar\u015f\u0131 me\u015fru bir halk ayaklanmas\u0131&#8221;<\/strong>\u00a0olarak tan\u0131mlar.<strong>&#8220;Ye\u015fil&#8221; Cephe (Demokratik \u0130lerleme Partisi &#8211; DPP)<\/strong>: bu olay\u0131,\u00a0<strong>&#8220;d\u0131\u015far\u0131dan gelen \u00c7in rejiminin&#8221; yerli halka y\u00f6nelik bir bask\u0131s\u0131<\/strong>\u00a0olarak yorumlayarak, &#8220;Tayvan ba\u011f\u0131ms\u0131zl\u0131\u011f\u0131&#8221; fikrini me\u015frula\u015ft\u0131rmak i\u00e7in kullan\u0131r. Bu nedenle DPP, s\u0131kl\u0131kla olay\u0131 siyasi \u00e7\u0131kar i\u00e7in &#8220;s\u00f6m\u00fcrmekle&#8221; ele\u015ftirilir<strong>&#8220;Mavi&#8221; Cephe (KMT)<\/strong>: Kendi tarihindeki bu karanl\u0131k sayfayla y\u00fczle\u015fmek zorunda kalan KMT ise olay\u0131n &#8220;ba\u011f\u0131ms\u0131zl\u0131k&#8221; hareketiyle ilgisiz oldu\u011funu ve\u00a0<strong>&#8220;\u00c7in ulusunun i\u00e7inde bir ayaklanma&#8221;<\/strong>\u00a0oldu\u011funu savunur.<\/li>\n<\/ul>\n\n\n\n<p style=\"font-size:clamp(16.834px, 1.052rem + ((1vw - 3.2px) * 0.716), 26px);\">Sonu\u00e7 olarak, 28 \u015eubat 1947 Olay\u0131, Tayvan&#8217;\u0131n modern kimli\u011fini, siyasi kutupla\u015fmas\u0131n\u0131 ve anakara ile olan ili\u015fkisini anlamak i\u00e7in&nbsp;<strong>kilit bir anahtar<\/strong>&nbsp;niteli\u011findedir. Olay\u0131n kendisi kadar, bug\u00fcn nas\u0131l hat\u0131rland\u0131\u011f\u0131 ve yorumland\u0131\u011f\u0131 da adan\u0131n siyasi gelece\u011fi \u00fczerinde belirleyici bir rol oynamaktad\u0131r.<\/p>\n","protected":false},"excerpt":{"rendered":"<p>Tayvan Adas\u0131\u2019nda Etnik B\u00f6l\u00fcnmeler Tayvan \u0130\u00e7 Siyasetini Nas\u0131l Etkiliyor Derleyen: Ferdi Bekir, Eyl\u00fcl 2026 &#8220;Etnik b\u00f6l\u00fcnmeler&#8221; Tayvan&#8217;daki parti siyasetini etkileyen \u00f6nemli ve uzun s\u00fcreli bir fakt\u00f6rd\u00fcr. Bu etki basit bir ikili kar\u015f\u0131tl\u0131k de\u011fil, tarih, kimlik ve siyasi seferberli\u011fi i\u00e7eren karma\u015f\u0131k bir olgudur. Bug\u00fcn iktidarda olan parti, ABD ve Japon h\u00fck\u00fcmetleri bu etnik farkl\u0131l\u0131klar\u0131 politikle\u015ftirmeye \u00e7al\u0131\u015fmaktad\u0131r. [&hellip;]<\/p>\n","protected":false},"author":1,"featured_media":0,"comment_status":"open","ping_status":"open","sticky":false,"template":"","format":"standard","meta":{"_monsterinsights_skip_tracking":false,"_monsterinsights_sitenote_active":false,"_monsterinsights_sitenote_note":"","_monsterinsights_sitenote_category":0,"footnotes":""},"categories":[51,5],"tags":[],"class_list":["post-6726","post","type-post","status-publish","format-standard","hentry","category-dunya-sosyalizmi-tr","category-dunya-sosyalizmi"],"blocksy_meta":[],"_links":{"self":[{"href":"https:\/\/marksizm.org.tr\/index.php?rest_route=\/wp\/v2\/posts\/6726","targetHints":{"allow":["GET"]}}],"collection":[{"href":"https:\/\/marksizm.org.tr\/index.php?rest_route=\/wp\/v2\/posts"}],"about":[{"href":"https:\/\/marksizm.org.tr\/index.php?rest_route=\/wp\/v2\/types\/post"}],"author":[{"embeddable":true,"href":"https:\/\/marksizm.org.tr\/index.php?rest_route=\/wp\/v2\/users\/1"}],"replies":[{"embeddable":true,"href":"https:\/\/marksizm.org.tr\/index.php?rest_route=%2Fwp%2Fv2%2Fcomments&post=6726"}],"version-history":[{"count":1,"href":"https:\/\/marksizm.org.tr\/index.php?rest_route=\/wp\/v2\/posts\/6726\/revisions"}],"predecessor-version":[{"id":6728,"href":"https:\/\/marksizm.org.tr\/index.php?rest_route=\/wp\/v2\/posts\/6726\/revisions\/6728"}],"wp:attachment":[{"href":"https:\/\/marksizm.org.tr\/index.php?rest_route=%2Fwp%2Fv2%2Fmedia&parent=6726"}],"wp:term":[{"taxonomy":"category","embeddable":true,"href":"https:\/\/marksizm.org.tr\/index.php?rest_route=%2Fwp%2Fv2%2Fcategories&post=6726"},{"taxonomy":"post_tag","embeddable":true,"href":"https:\/\/marksizm.org.tr\/index.php?rest_route=%2Fwp%2Fv2%2Ftags&post=6726"}],"curies":[{"name":"wp","href":"https:\/\/api.w.org\/{rel}","templated":true}]}}